{"id":40259,"date":"2024-06-20T08:04:35","date_gmt":"2024-06-20T13:04:35","guid":{"rendered":"https:\/\/politicosaldesnudo.com.mx\/?p=40259"},"modified":"2024-06-20T08:04:35","modified_gmt":"2024-06-20T13:04:35","slug":"el-consejo-de-la-judicatura-federal-lanza-calculadora-de-prestaciones-para-juicios-laborales","status":"publish","type":"post","link":"https:\/\/politicosaldesnudo.com.mx\/index.php\/2024\/06\/20\/el-consejo-de-la-judicatura-federal-lanza-calculadora-de-prestaciones-para-juicios-laborales\/","title":{"rendered":"El Consejo de la Judicatura Federal lanza Calculadora de Prestaciones para juicios laborales"},"content":{"rendered":"<p><span style=\"font-size: 14pt;\">El Consejo de la Judicatura Federal present\u00f3 el proyecto Calculadora de Prestaciones, herramienta que permitir\u00e1 a los Tribunales Laborales Federales cuantificar las principales prestaciones en materia laboral, de seguridad social y las derivadas de las suspensiones en juicios de amparo.<\/span><\/p>\n<p><span style=\"font-size: 14pt;\">El Consejo de la Judicatura Federal present\u00f3 el proyecto Calculadora de Prestaciones, herramienta que permitir\u00e1 a los Tribunales Laborales Federales cuantificar las principales prestaciones en materia laboral, de seguridad social y las derivadas de las suspensiones en juicios de amparo.<\/span><\/p>\n<p><span style=\"font-size: 14pt;\">El Consejo de la Judicatura Federal (CJF) present\u00f3 este martes el proyecto Calculadora de Prestaciones, herramienta que permitir\u00e1 a los Tribunales Laborales Federales cuantificar las principales prestaciones en materia laboral, de seguridad social y las derivadas de las suspensiones en juicios de amparo.<\/span><\/p>\n<p><span style=\"font-size: 14pt;\">La herramienta servir\u00e1 de manera eficiente y en menor tiempo con la introducci\u00f3n de los datos m\u00ednimos necesarios, precis\u00f3 el CJF.<\/span><\/p>\n<p><span style=\"font-size: 14pt;\">Durante la presentaci\u00f3n, el consejero Sergio Javier Molina asegur\u00f3 que con esta innovaci\u00f3n tecnol\u00f3gica se facilitar\u00e1 el trabajo que realizan las personas juzgadoras y se otorgar\u00e1 mayor certeza a los justiciables.<\/span><\/p>\n<p><span style=\"font-size: 14pt;\">El tambi\u00e9n Presidente de la Comisi\u00f3n de Administraci\u00f3n del CJF refrend\u00f3 el compromiso con el uso de las tecnolog\u00edas de la informaci\u00f3n en la impartici\u00f3n de justicia, para hacerla m\u00e1s cercana a las personas.<\/span><\/p>\n<p><span style=\"font-size: 14pt;\">Molina Mart\u00ednez destac\u00f3 que la Calculadora de Prestaciones permitir\u00e1 hacer c\u00e1lculos en tiempo real y determinar, el d\u00eda de la audiencia, el monto que corresponde a los trabajadores que recurrieron a un \u00f3rgano jurisdiccional para que se les garanticen sus derechos laborales.<\/span><\/p>\n<p><span style=\"font-size: 14pt;\">La nueva herramienta se encuentra en el Sistema Integral de Gesti\u00f3n de Expedientes (SIGE), que utilizan los Tribunales Laborales.<\/span><\/p>\n<p><span style=\"font-size: 14pt;\">El consejero confi\u00f3 en que muy pronto sea del dominio com\u00fan de la ciudadan\u00eda, las y los trabajadores, y sus sindicatos para que puedan hacer una proyecci\u00f3n en tiempo real de las prestaciones que pueden ser materia de una resoluci\u00f3n jurisdiccional.<\/span><\/p>\n","protected":false},"excerpt":{"rendered":"<p>El Consejo de la Judicatura Federal present\u00f3 el proyecto Calculadora de Prestaciones, herramienta que permitir\u00e1 a los Tribunales Laborales Federales<\/p>\n","protected":false},"author":4,"featured_media":40260,"comment_status":"closed","ping_status":"closed","sticky":false,"template":"","format":"standard","meta":{"colormag_page_container_layout":"default_layout","colormag_page_sidebar_layout":"default_layout","_jetpack_memberships_contains_paid_content":false,"footnotes":"","jetpack_publicize_message":"","jetpack_publicize_feature_enabled":true,"jetpack_social_post_already_shared":false,"jetpack_social_options":{"image_generator_settings":{"template":"highway","default_image_id":0,"font":"","enabled":false},"version":2}},"categories":[30],"tags":[],"class_list":["post-40259","post","type-post","status-publish","format-standard","has-post-thumbnail","hentry","category-estados"],"jetpack_publicize_connections":[],"jetpack_featured_media_url":"https:\/\/i0.wp.com\/politicosaldesnudo.com.mx\/wp-content\/uploads\/2024\/06\/CJF.jpg?fit=1140%2C712&ssl=1","jetpack-related-posts":[],"jetpack_sharing_enabled":true,"_links":{"self":[{"href":"https:\/\/politicosaldesnudo.com.mx\/index.php\/wp-json\/wp\/v2\/posts\/40259","targetHints":{"allow":["GET"]}}],"collection":[{"href":"https:\/\/politicosaldesnudo.com.mx\/index.php\/wp-json\/wp\/v2\/posts"}],"about":[{"href":"https:\/\/politicosaldesnudo.com.mx\/index.php\/wp-json\/wp\/v2\/types\/post"}],"author":[{"embeddable":true,"href":"https:\/\/politicosaldesnudo.com.mx\/index.php\/wp-json\/wp\/v2\/users\/4"}],"replies":[{"embeddable":true,"href":"https:\/\/politicosaldesnudo.com.mx\/index.php\/wp-json\/wp\/v2\/comments?post=40259"}],"version-history":[{"count":0,"href":"https:\/\/politicosaldesnudo.com.mx\/index.php\/wp-json\/wp\/v2\/posts\/40259\/revisions"}],"wp:featuredmedia":[{"embeddable":true,"href":"https:\/\/politicosaldesnudo.com.mx\/index.php\/wp-json\/wp\/v2\/media\/40260"}],"wp:attachment":[{"href":"https:\/\/politicosaldesnudo.com.mx\/index.php\/wp-json\/wp\/v2\/media?parent=40259"}],"wp:term":[{"taxonomy":"category","embeddable":true,"href":"https:\/\/politicosaldesnudo.com.mx\/index.php\/wp-json\/wp\/v2\/categories?post=40259"},{"taxonomy":"post_tag","embeddable":true,"href":"https:\/\/politicosaldesnudo.com.mx\/index.php\/wp-json\/wp\/v2\/tags?post=40259"}],"curies":[{"name":"wp","href":"https:\/\/api.w.org\/{rel}","templated":true}]}}