{"id":40262,"date":"2024-06-20T08:06:46","date_gmt":"2024-06-20T13:06:46","guid":{"rendered":"https:\/\/politicosaldesnudo.com.mx\/?p=40262"},"modified":"2024-06-20T08:06:46","modified_gmt":"2024-06-20T13:06:46","slug":"lluvias-en-nuevo-leon-provocan-cierres-viales-derrumbes-y-la-muerte-de-tres-menores","status":"publish","type":"post","link":"https:\/\/politicosaldesnudo.com.mx\/index.php\/2024\/06\/20\/lluvias-en-nuevo-leon-provocan-cierres-viales-derrumbes-y-la-muerte-de-tres-menores\/","title":{"rendered":"Lluvias en Nuevo Le\u00f3n provocan cierres viales, derrumbes y la muerte de tres menores"},"content":{"rendered":"<p><span style=\"font-size: 14pt;\"><em><strong>La Tormenta Tropical Alberto est\u00e1 llenando r\u00e1pidamente las presas de Nuevo Le\u00f3n, provocando tambi\u00e9n cierres viales en la zona metropolitana. Un joven muri\u00f3 ahogado en el R\u00edo la Silla, y dos menores murieron electrocutados en Allende.<\/strong><\/em><\/span><\/p>\n<p><span style=\"font-size: 14pt;\">La tormenta tropical Alberto est\u00e1 llenando r\u00e1pidamente los embalses del estado de Nuevo Le\u00f3n y ha provocado cierres viales en un gran n\u00famero de vialidades de la Zona Metropolitana. Por otra parte, se reportan tres menores fallecidos: uno ahogado en el R\u00edo la Silla y dos m\u00e1s en el municipio de Allende, murieron electrocutados mientras jugaban en bicicleta en medio de las intensas lluvias.<\/span><\/p>\n<p><span style=\"font-size: 14pt;\">De acuerdo con datos del Organismo de Cuenca R\u00edo Bravo de la Comisi\u00f3n Nacional del Agua (Conagua), a las 8:00 de la noche de este 19 de junio, el arroyo de Topo Chico lleva un acumulado de 65.02 mil\u00edmetros; la Presa La Boca lleva 50 mil\u00edmetros acumulados.<\/span><\/p>\n<p><span style=\"font-size: 14pt;\">Las autoridades tambi\u00e9n han reportado derrumbes en la carretera libre Monterrey-Nuevo Laredo, en el kil\u00f3metro 64.<\/span><\/p>\n<p><span style=\"font-size: 14pt;\">Recomienda el gobernador no salir<\/span><br \/>\n<span style=\"font-size: 14pt;\">El gobernador de Nuevo Le\u00f3n coment\u00f3 en sus redes, que va a recibir el primer reporte de Protecci\u00f3n Civil, y va a recorrer el r\u00edo Santa Catarina y el r\u00edo La Silla.<\/span><\/p>\n<p><span style=\"font-size: 14pt;\">\u00abCon la novedad que adem\u00e1s del cicl\u00f3n Alberto, hay 40% de probabilidad de un segundo disturbio que puede ser tormenta o cicl\u00f3n, desde el pr\u00f3ximo domingo (23 de junio) al martes (25 de junio)\u00bb.<\/span><\/p>\n<p><span style=\"font-size: 14pt;\">\u00abMucha lluvia, cu\u00eddense mucho, que se llenen las presas. No salgan porque apenas viene lo intenso\u00bb, recomend\u00f3 el mandatario estatal.<\/span><\/p>\n","protected":false},"excerpt":{"rendered":"<p>La Tormenta Tropical Alberto est\u00e1 llenando r\u00e1pidamente las presas de Nuevo Le\u00f3n, provocando tambi\u00e9n cierres viales en la zona metropolitana.<\/p>\n","protected":false},"author":4,"featured_media":40263,"comment_status":"closed","ping_status":"closed","sticky":false,"template":"","format":"standard","meta":{"colormag_page_container_layout":"default_layout","colormag_page_sidebar_layout":"default_layout","_jetpack_memberships_contains_paid_content":false,"footnotes":"","jetpack_publicize_message":"","jetpack_publicize_feature_enabled":true,"jetpack_social_post_already_shared":false,"jetpack_social_options":{"image_generator_settings":{"template":"highway","default_image_id":0,"font":"","enabled":false},"version":2}},"categories":[30],"tags":[],"class_list":["post-40262","post","type-post","status-publish","format-standard","has-post-thumbnail","hentry","category-estados"],"jetpack_publicize_connections":[],"jetpack_featured_media_url":"https:\/\/i0.wp.com\/politicosaldesnudo.com.mx\/wp-content\/uploads\/2024\/06\/lluvias-dejan-afectaciones-area-metropolitana.jpg?fit=1200%2C747&ssl=1","jetpack-related-posts":[],"jetpack_sharing_enabled":true,"_links":{"self":[{"href":"https:\/\/politicosaldesnudo.com.mx\/index.php\/wp-json\/wp\/v2\/posts\/40262","targetHints":{"allow":["GET"]}}],"collection":[{"href":"https:\/\/politicosaldesnudo.com.mx\/index.php\/wp-json\/wp\/v2\/posts"}],"about":[{"href":"https:\/\/politicosaldesnudo.com.mx\/index.php\/wp-json\/wp\/v2\/types\/post"}],"author":[{"embeddable":true,"href":"https:\/\/politicosaldesnudo.com.mx\/index.php\/wp-json\/wp\/v2\/users\/4"}],"replies":[{"embeddable":true,"href":"https:\/\/politicosaldesnudo.com.mx\/index.php\/wp-json\/wp\/v2\/comments?post=40262"}],"version-history":[{"count":0,"href":"https:\/\/politicosaldesnudo.com.mx\/index.php\/wp-json\/wp\/v2\/posts\/40262\/revisions"}],"wp:featuredmedia":[{"embeddable":true,"href":"https:\/\/politicosaldesnudo.com.mx\/index.php\/wp-json\/wp\/v2\/media\/40263"}],"wp:attachment":[{"href":"https:\/\/politicosaldesnudo.com.mx\/index.php\/wp-json\/wp\/v2\/media?parent=40262"}],"wp:term":[{"taxonomy":"category","embeddable":true,"href":"https:\/\/politicosaldesnudo.com.mx\/index.php\/wp-json\/wp\/v2\/categories?post=40262"},{"taxonomy":"post_tag","embeddable":true,"href":"https:\/\/politicosaldesnudo.com.mx\/index.php\/wp-json\/wp\/v2\/tags?post=40262"}],"curies":[{"name":"wp","href":"https:\/\/api.w.org\/{rel}","templated":true}]}}