{"id":40269,"date":"2024-06-20T08:31:44","date_gmt":"2024-06-20T13:31:44","guid":{"rendered":"https:\/\/politicosaldesnudo.com.mx\/?p=40269"},"modified":"2024-06-20T08:31:44","modified_gmt":"2024-06-20T13:31:44","slug":"ecuador-se-queda-sin-luz-a-nivel-nacional","status":"publish","type":"post","link":"https:\/\/politicosaldesnudo.com.mx\/index.php\/2024\/06\/20\/ecuador-se-queda-sin-luz-a-nivel-nacional\/","title":{"rendered":"Ecuador se queda sin luz a nivel nacional"},"content":{"rendered":"<div>\n<div id=\"content-body-225-12110905\">\n<p><span style=\"font-size: 14pt;\">\u00abEl reporte inmediato que nos lleg\u00f3 de\u00a0CENACE\u00a0es que existe una\u00a0falla en la l\u00ednea de transmisi\u00f3n\u00a0que ocasion\u00f3 una\u00a0desconexi\u00f3n\u00a0en cascada, por lo que no hay servicio energ\u00e9tico a escala nacional\u00bb, dice Roberto Luque, ministro de Transporte y Obras P\u00fablicas de Ecuador.<\/span><\/p>\n<p><span style=\"font-size: 14pt;\">Roberto Luque enfatiz\u00f3 que, se est\u00e1 trabajando con el fin de re establecer el suministro el\u00e9ctrico en todo el pa\u00eds.<\/span><\/p>\n<\/div>\n<\/div>\n<div>\n<div id=\"dfp-nota-1x3s\" data-google-query-id=\"CK2Zld6k6oYDFa2QywEdEAQAqA\">\n<div id=\"google_ads_iframe_\/2000002\/la-prensa\/mexico_nota_1x3_0__container__\"><span style=\"font-size: 14pt;\">\u00abEstamos concentrando todos nuestros esfuerzos en resolver el problema lo m\u00e1s r\u00e1pido\u00bb, dijo Roberto Luque.<\/span><\/div>\n<\/div>\n<\/div>\n<article>\n<div id=\"content-body-5851641-12110905\">\n<p><span style=\"font-size: 14pt;\">La situaci\u00f3n es tal que la\u00a0Agencia Metropolitana de Tr\u00e1nsito\u00a0de la capital, Quito, informa que\u00a0la falta de electricidad afecta\u00a0a m\u00e1s de un millar de sem\u00e1foros. M\u00e1s de\u00a0500 agentes\u00a0han sido\u00a0desplegados\u00a0en la ciudad para dirigir el tr\u00e1fico.<\/span><\/p>\n<p><span style=\"font-size: 14pt;\">El\u00a0Metro de Quito\u00a0par\u00f3 sus operaciones luego del corte de luz nacional.<\/span><\/p>\n<div>\n<div id=\"teads1\"><span style=\"font-size: 14pt;\">El problema con la luz\u00a0\u201cdebe ser muy significativo para que se haya afectado incluso la energ\u00eda en el Metro de Quito que usa un sistema aislado\u201d, apunt\u00f3 el alcalde en su cuenta de X.<\/span><\/div>\n<\/div>\n<p><span style=\"font-size: 14pt;\">Asegur\u00f3 que ha dispuesto la\u00a0activaci\u00f3n\u00a0de todos los equipos de reacci\u00f3n del\u00a0Municipio de Quito\u00a0para que se sumen a facilitar la\u00a0movilidad,\u00a0prevenir\u00a0accidentes\u00a0en las principales\u00a0intersecciones\u00a0y\u00a0cuidar los espacios p\u00fablicos.<\/span><\/p>\n<p><span style=\"font-size: 14pt;\">Ecuador\u00a0se enfrent\u00f3 a una serie de cortes en el sistema de\u00a0suministro\u00a0el\u00e9ctrico\u00a0a mediados de abril, lo que desemboc\u00f3 en una\u00a0crisis en el seno del Ministerio de Energ\u00eda, culminando con la salida de la entonces responsable del \u00e1rea, Andrea Arrobo.<\/span><\/p>\n<p><span style=\"font-size: 14pt;\">Estos nuevos\u00a0apagones\u00a0se producen apenas unos d\u00edas despu\u00e9s de que Luque\u00a0descartara la posibilidad de nuevos cortes en el suministro a nivel nacional, restando as\u00ed importancia al\u00a0cese de actividad\u00a0de al menos\u00a0tres centrales hidroel\u00e9ctricas\u00a0por las\u00a0lluvias\u00a0torrenciales.<\/span><\/p>\n<\/div>\n<\/article>\n","protected":false},"excerpt":{"rendered":"<p>\u00abEl reporte inmediato que nos lleg\u00f3 de\u00a0CENACE\u00a0es que existe una\u00a0falla en la l\u00ednea de transmisi\u00f3n\u00a0que ocasion\u00f3 una\u00a0desconexi\u00f3n\u00a0en cascada, por lo<\/p>\n","protected":false},"author":4,"featured_media":40270,"comment_status":"closed","ping_status":"closed","sticky":false,"template":"","format":"standard","meta":{"colormag_page_container_layout":"default_layout","colormag_page_sidebar_layout":"default_layout","_jetpack_memberships_contains_paid_content":false,"footnotes":"","jetpack_publicize_message":"","jetpack_publicize_feature_enabled":true,"jetpack_social_post_already_shared":false,"jetpack_social_options":{"image_generator_settings":{"template":"highway","default_image_id":0,"font":"","enabled":false},"version":2}},"categories":[28],"tags":[],"class_list":["post-40269","post","type-post","status-publish","format-standard","has-post-thumbnail","hentry","category-internacional"],"jetpack_publicize_connections":[],"jetpack_featured_media_url":"https:\/\/i0.wp.com\/politicosaldesnudo.com.mx\/wp-content\/uploads\/2024\/06\/6e6d3720-2e99-11ef-a044-9d4367d5b599.jpg.jpg?fit=640%2C426&ssl=1","jetpack-related-posts":[],"jetpack_sharing_enabled":true,"_links":{"self":[{"href":"https:\/\/politicosaldesnudo.com.mx\/index.php\/wp-json\/wp\/v2\/posts\/40269","targetHints":{"allow":["GET"]}}],"collection":[{"href":"https:\/\/politicosaldesnudo.com.mx\/index.php\/wp-json\/wp\/v2\/posts"}],"about":[{"href":"https:\/\/politicosaldesnudo.com.mx\/index.php\/wp-json\/wp\/v2\/types\/post"}],"author":[{"embeddable":true,"href":"https:\/\/politicosaldesnudo.com.mx\/index.php\/wp-json\/wp\/v2\/users\/4"}],"replies":[{"embeddable":true,"href":"https:\/\/politicosaldesnudo.com.mx\/index.php\/wp-json\/wp\/v2\/comments?post=40269"}],"version-history":[{"count":0,"href":"https:\/\/politicosaldesnudo.com.mx\/index.php\/wp-json\/wp\/v2\/posts\/40269\/revisions"}],"wp:featuredmedia":[{"embeddable":true,"href":"https:\/\/politicosaldesnudo.com.mx\/index.php\/wp-json\/wp\/v2\/media\/40270"}],"wp:attachment":[{"href":"https:\/\/politicosaldesnudo.com.mx\/index.php\/wp-json\/wp\/v2\/media?parent=40269"}],"wp:term":[{"taxonomy":"category","embeddable":true,"href":"https:\/\/politicosaldesnudo.com.mx\/index.php\/wp-json\/wp\/v2\/categories?post=40269"},{"taxonomy":"post_tag","embeddable":true,"href":"https:\/\/politicosaldesnudo.com.mx\/index.php\/wp-json\/wp\/v2\/tags?post=40269"}],"curies":[{"name":"wp","href":"https:\/\/api.w.org\/{rel}","templated":true}]}}