{"id":40272,"date":"2024-06-20T08:35:14","date_gmt":"2024-06-20T13:35:14","guid":{"rendered":"https:\/\/politicosaldesnudo.com.mx\/?p=40272"},"modified":"2024-06-20T08:35:14","modified_gmt":"2024-06-20T13:35:14","slug":"america-latina-enfrenta-seis-crisis-humanitarias-que-dejan-23-millones-de-desplazados","status":"publish","type":"post","link":"https:\/\/politicosaldesnudo.com.mx\/index.php\/2024\/06\/20\/america-latina-enfrenta-seis-crisis-humanitarias-que-dejan-23-millones-de-desplazados\/","title":{"rendered":"Am\u00e9rica Latina enfrenta seis crisis humanitarias que dejan 23 millones de desplazados"},"content":{"rendered":"<div class=\"content-body clearfix \">\n<div id=\"content-body-225-12108465\">\n<p><span style=\"font-size: 14pt;\">En Am\u00e9rica Latina y el Caribe hay 23 millones de personas refugiadas, desplazadas internas o ap\u00e1tridas como consecuencia de seis grandes crisis humanitarias que ponen a la regi\u00f3n en una emergencia sin precedentes, seg\u00fan cifras divulgadas por ACNUR en v\u00edsperas del D\u00eda Mundial del Refugiado.<\/span><\/p>\n<p><span style=\"font-size: 14pt;\">Los datos hacen parte del informe anual publicado el pasado 13 de junio por la Agencia de Naciones Unidas para los Refugiados (ACNUR), que este mi\u00e9rcoles y jueves celebrar\u00e1 en Bogot\u00e1, con el apoyo del Gobierno de Chile, la Tercera consulta del proceso de &#8216;Cartagena +40&#8217;, en la que pa\u00edses de Am\u00e9rica Latina y el Caribe buscar\u00e1n soluciones para el desplazamiento provocado tambi\u00e9n por desastres y por efectos de la crisis clim\u00e1tica.<\/span><\/p>\n<\/div>\n<\/div>\n<div class=\"advertisment \">\n<div id=\"dfp-nota-1x3s\" data-google-query-id=\"CJn47Lul6oYDFQStywEduM8Brg\">\n<div id=\"google_ads_iframe_\/2000002\/la-prensa\/mexico_nota_1x3_0__container__\">\n<div id=\"inArticle_1\" class=\"st-placement inArticle_1 inArticle\">\n<div class=\"st-adunit st-adunit-tagged st-reset st-show\">\n<div class=\"st-adunit-ad st-reset\">\n<div class=\"st-display-render st-reset open 728x90\">\n<div class=\"st-canvas st-reset horizontal-static\"><span style=\"font-size: 14pt;\">Las seis crisis que han hecho crecer el n\u00famero de desplazados en la regi\u00f3n est\u00e1n focalizadas en el norte de Centroam\u00e9rica, tri\u00e1ngulo formado por Guatemala, Honduras y El Salvador; en Nicaragua, Hait\u00ed, Colombia, Venezuela y Ecuador, explica el jefe de Relaciones Externas de la Oficina de ACNUR para las Am\u00e9ricas, Juan Carlos Murillo.<\/span><\/div>\n<\/div>\n<\/div>\n<\/div>\n<\/div>\n<\/div>\n<\/div>\n<\/div>\n<article class=\"content-continued-body clearfix \">\n<div id=\"content-body-5851641-12108465\">\n<p><span style=\"font-size: 14pt;\">\u00abEl desplazamiento forzado en nuestra regi\u00f3n se ha tornado en una situaci\u00f3n sin precedentes en t\u00e9rminos no solamente de cifras sino tambi\u00e9n de complejidad. En la actualidad tenemos seis grandes crisis humanitarias que atraviesan el continente y est\u00e1n generando grandes desplazamientos\u00bb, indic\u00f3 el funcionario a EFE.<\/span><\/p>\n<p><span style=\"font-size: 14pt;\"><b>Desplazados en Centroam\u00e9rica<\/b><\/span><\/p>\n<p><span style=\"font-size: 14pt;\">Seg\u00fan Murillo, en el caso de Guatemala, Honduras y El Salvador, por la violencia del crimen organizado y otros factores, como el cambio clim\u00e1tico, \u00abm\u00e1s de un mill\u00f3n de personas se han visto forzadas a abandonar sus pa\u00edses de origen y se han convertido en solicitantes de asilo, refugiados, desplazados internos o retornados con necesidades de protecci\u00f3n\u00bb.<\/span><\/p>\n<p><span style=\"font-size: 14pt;\">En la misma regi\u00f3n est\u00e1 tambi\u00e9n Nicaragua, \u00abcon m\u00e1s de 200.000 personas que se han visto forzadas a huir de su pa\u00eds principalmente por temas pol\u00edticos y la situaci\u00f3n de derechos humanos\u00bb.<\/span><\/p>\n<p><span style=\"font-size: 14pt;\">La persecuci\u00f3n del Gobierno de Daniel Ortega a sus opositores pol\u00edticos lo ha llevado adem\u00e1s a retirar la nacionalidad a decenas de nicarag\u00fcenses, convirti\u00e9ndolos en ap\u00e1tridas, se\u00f1ala<\/span><\/p>\n<p><span style=\"font-size: 14pt;\">\u00abEn tercer lugar est\u00e1 la situaci\u00f3n de Hait\u00ed, con m\u00e1s de 580.000 personas desplazadas internas y 800.000 personas necesitadas de protecci\u00f3n internacional en distintas partes del continente\u00bb, agreg\u00f3 Murillo sobre la crisis de violencia pol\u00edtica que vive la naci\u00f3n antillana. Adem\u00e1s hay 5,5 millones necesitados de asistencia humanitaria.<\/span><\/p>\n<p><span style=\"font-size: 14pt;\"><b>Crisis en Suram\u00e9rica<\/b><\/span><\/p>\n<p><span style=\"font-size: 14pt;\">Otra crisis est\u00e1 en Colombia, donde el persistente conflicto armado provoca \u00abun desplazamiento interno que afecta m\u00e1s de 6,9 millones de personas\u00bb a los que se suman \u00abmovimientos trasfronterizos de personas colombianas necesitadas de protecci\u00f3n internacional\u00bb.<\/span><\/p>\n<p><span style=\"font-size: 14pt;\">Entre las crisis identificadas y atendidas por ACNUR est\u00e1 tambi\u00e9n \u00abla situaci\u00f3n de Venezuela, con m\u00e1s de 7,7 millones de personas que han abandonado su pa\u00eds como refugiadas y migrantes, de las cuales 6,6 millones se encuentran en pa\u00edses de Am\u00e9rica Latina y el Caribe\u00bb.<\/span><\/p>\n<p><span style=\"font-size: 14pt;\">Finalmente est\u00e1 Ecuador donde ante la inseguridad y la violencia del crimen organizado \u00abmuchas personas han tenido que desplazarse al interior de su pa\u00eds o han cruzado una frontera internacional en busca de protecci\u00f3n y seguridad\u00bb.<\/span><\/p>\n<p><span style=\"font-size: 14pt;\">Seg\u00fan cifras de ACNUR, de las 520.085 personas que cruzaron el a\u00f1o pasado el tap\u00f3n del Dari\u00e9n en direcci\u00f3n al norte del continente, los ecuatorianos fueron la segunda nacionalidad, con 57.250 migrantes, superados solo por los venezolanos, que fueron 328.650.<\/span><\/p>\n<p><span style=\"font-size: 14pt;\">Se calcula que, si se suma a quienes salieron el a\u00f1o pasado de Ecuador por v\u00eda a\u00e9rea con destino a Estados Unidos, unos 75.000 ecuatorianos est\u00e1n en condici\u00f3n de refugiados o desplazados.<\/span><\/p>\n<p><span style=\"font-size: 14pt;\"><b>Cartagena +40<\/b><\/span><\/p>\n<p><span style=\"font-size: 14pt;\">En la reuni\u00f3n &#8216;Cartagena +40&#8217;, convocada por ACNUR y el Gobierno chileno para esta semana en Bogot\u00e1 los pa\u00edses latinoamericanos, organizaciones de la sociedad civil, acad\u00e9micos, sector privado y organismos financieros discutir\u00e1n a puerta cerrada los desaf\u00edos de la regi\u00f3n 40 a\u00f1os despu\u00e9s de la aprobaci\u00f3n de la Declaraci\u00f3n de Cartagena sobre los Refugiados.<\/span><\/p>\n<p><span style=\"font-size: 14pt;\">En esta ocasi\u00f3n el foco estar\u00e1 puesto en los refugiados y desplazados por el cambio clim\u00e1tico y desastres naturales.<\/span><\/p>\n<p><span style=\"font-size: 14pt;\">\u00abEstimamos que el n\u00famero de desplazados internos va a aumentar por el calentamiento global, entonces el mensaje es que hay que combatir el cambio clim\u00e1tico\u00bb, se\u00f1al\u00f3 el jefe de la Secretar\u00eda de la Plataforma de Desplazamiento por Desastres, Atle Solberg.<\/span><\/p>\n<\/div>\n<\/article>\n","protected":false},"excerpt":{"rendered":"<p>En Am\u00e9rica Latina y el Caribe hay 23 millones de personas refugiadas, desplazadas internas o ap\u00e1tridas como consecuencia de seis<\/p>\n","protected":false},"author":4,"featured_media":40273,"comment_status":"closed","ping_status":"closed","sticky":false,"template":"","format":"standard","meta":{"colormag_page_container_layout":"default_layout","colormag_page_sidebar_layout":"default_layout","_jetpack_memberships_contains_paid_content":false,"footnotes":"","jetpack_publicize_message":"","jetpack_publicize_feature_enabled":true,"jetpack_social_post_already_shared":false,"jetpack_social_options":{"image_generator_settings":{"template":"highway","default_image_id":0,"font":"","enabled":false},"version":2}},"categories":[28],"tags":[],"class_list":["post-40272","post","type-post","status-publish","format-standard","has-post-thumbnail","hentry","category-internacional"],"jetpack_publicize_connections":[],"jetpack_featured_media_url":"https:\/\/i0.wp.com\/politicosaldesnudo.com.mx\/wp-content\/uploads\/2024\/06\/refugiados-migrantes-america-latina-migracionj.jpg?fit=1920%2C1272&ssl=1","jetpack-related-posts":[],"jetpack_sharing_enabled":true,"_links":{"self":[{"href":"https:\/\/politicosaldesnudo.com.mx\/index.php\/wp-json\/wp\/v2\/posts\/40272","targetHints":{"allow":["GET"]}}],"collection":[{"href":"https:\/\/politicosaldesnudo.com.mx\/index.php\/wp-json\/wp\/v2\/posts"}],"about":[{"href":"https:\/\/politicosaldesnudo.com.mx\/index.php\/wp-json\/wp\/v2\/types\/post"}],"author":[{"embeddable":true,"href":"https:\/\/politicosaldesnudo.com.mx\/index.php\/wp-json\/wp\/v2\/users\/4"}],"replies":[{"embeddable":true,"href":"https:\/\/politicosaldesnudo.com.mx\/index.php\/wp-json\/wp\/v2\/comments?post=40272"}],"version-history":[{"count":0,"href":"https:\/\/politicosaldesnudo.com.mx\/index.php\/wp-json\/wp\/v2\/posts\/40272\/revisions"}],"wp:featuredmedia":[{"embeddable":true,"href":"https:\/\/politicosaldesnudo.com.mx\/index.php\/wp-json\/wp\/v2\/media\/40273"}],"wp:attachment":[{"href":"https:\/\/politicosaldesnudo.com.mx\/index.php\/wp-json\/wp\/v2\/media?parent=40272"}],"wp:term":[{"taxonomy":"category","embeddable":true,"href":"https:\/\/politicosaldesnudo.com.mx\/index.php\/wp-json\/wp\/v2\/categories?post=40272"},{"taxonomy":"post_tag","embeddable":true,"href":"https:\/\/politicosaldesnudo.com.mx\/index.php\/wp-json\/wp\/v2\/tags?post=40272"}],"curies":[{"name":"wp","href":"https:\/\/api.w.org\/{rel}","templated":true}]}}