{"id":40275,"date":"2024-06-20T08:37:28","date_gmt":"2024-06-20T13:37:28","guid":{"rendered":"https:\/\/politicosaldesnudo.com.mx\/?p=40275"},"modified":"2024-06-20T08:37:28","modified_gmt":"2024-06-20T13:37:28","slug":"ejercito-israeli-es-uno-de-los-mas-criminales-del-mundo-dice-comision-de-la-onu","status":"publish","type":"post","link":"https:\/\/politicosaldesnudo.com.mx\/index.php\/2024\/06\/20\/ejercito-israeli-es-uno-de-los-mas-criminales-del-mundo-dice-comision-de-la-onu\/","title":{"rendered":"Ej\u00e9rcito israel\u00ed \u00abes uno de los m\u00e1s criminales del mundo\u00bb, dice Comisi\u00f3n de la ONU"},"content":{"rendered":"<div class=\"content-body clearfix \">\n<div id=\"content-body-225-12108396\">\n<p><span style=\"font-size: 14pt;\">El Ej\u00e9rcito de Israel \u00abes uno de los m\u00e1s criminales del mundo\u00bb, dijo este mi\u00e9rcoles uno de los prominentes juristas que integran una comisi\u00f3n de la ONU que investiga los cr\u00edmenes que se est\u00e1n produciendo en Gaza y que ha concluido que las autoridades de Israel son responsables de cr\u00edmenes de guerra y de lesa humanidad.<\/span><\/p>\n<p><span style=\"font-size: 14pt;\">\u00abNo tengo la autoridad para hacer juicios sobre moralidad, pero tengo autoridad para hacer valoraciones sobre conductas criminales (&#8230;) y la \u00fanica conclusi\u00f3n a la que se puede llegar es que el Ej\u00e9rcito de Israel es uno de los m\u00e1s criminales en el mundo\u00bb, dijo el jurista Chris Sidoti.<\/span><\/p>\n<\/div>\n<\/div>\n<div class=\"advertisment \">\n<div id=\"dfp-nota-1x3s\" data-google-query-id=\"CMvbvamm6oYDFdqYywEdvT4Bnw\">\n<div id=\"google_ads_iframe_\/2000002\/la-prensa\/mexico_nota_1x3_0__container__\"><span style=\"font-size: 14pt;\">Fue al comentar la afirmaci\u00f3n del primer ministro israel\u00ed, Benjam\u00edn Netanyahu, de que sus fuerzas militares \u00abson las m\u00e1s morales del mundo\u00bb cuando se le cuestion\u00f3 por el n\u00famero de v\u00edctimas civiles palestinas en esta guerra, m\u00e1s de 120.000 entre muertos y heridos.<\/span><\/div>\n<\/div>\n<\/div>\n<article class=\"content-continued-body clearfix \">\n<div id=\"content-body-5851641-12108396\">\n<p><span style=\"font-size: 14pt;\">La Comisi\u00f3n present\u00f3 hoy en Ginebra su informe al Consejo de Derechos Humanos, en el que entre las violaciones del derecho humanitario internacional y de los derechos humanos que describe figuran \u00abel exterminio, los ataques intencionales y directos contra civiles y objetos civiles, el asesinato y el uso del hambre como un m\u00e9todo de guerra\u00bb.<\/span><\/p>\n<p><span style=\"font-size: 14pt;\">Al comentar para la prensa las conclusiones del informe, la presidenta de la comisi\u00f3n de la ONU, la prestigiosa jurista sudafricana Navy Pillay, enfatiz\u00f3 que de toda la informaci\u00f3n reunida por el equipo investigador sale a relucir la intenci\u00f3n de forzar a los civiles a desplazarse una y otra vez.<\/span><\/p>\n<p><span style=\"font-size: 14pt;\">Por instrucci\u00f3n del Ej\u00e9rcito israel\u00ed, \u00abla gente del norte de Gaza se traslada al sur y de repente son atacados en el sur, luego leemos instrucciones contrarias, todo lo cual apuntan a una actitud en la que no se tienen en cuenta las vidas, la destrucci\u00f3n y el desplazamiento\u00bb.<\/span><\/p>\n<p><span style=\"font-size: 14pt;\">Sidoti dijo que en m\u00e1s de 70 a\u00f1os que dura el conflicto palestino-israel\u00ed, nunca se experiment\u00f3 un nivel de violencia tan fuerte y que aunque se puede entender que esto se produjo a ra\u00edz de los atentados de Ham\u00e1s contra Israel, el pasado 7 de octubre, \u00abesto no justifica que se est\u00e9 cometiendo cr\u00edmenes de guerra y de lesa humanidad\u00bb contra la poblaci\u00f3n palestina.<\/span><\/p>\n<p><span style=\"font-size: 14pt;\">\u00abEl hecho es que esto sucede una y otra vez y cada vez es peor. Estamos ante el mayor n\u00famero de muertos que nunca hemos visto en este prolongado conflicto y debe haber justicia por cada acto criminal\u00bb, se\u00f1al\u00f3.<\/span><\/p>\n<p><span style=\"font-size: 14pt;\">Pillay explic\u00f3 que la investigaci\u00f3n que la comisi\u00f3n est\u00e1 realizando -cuyo informe de hoy consta de m\u00e1s de 200 p\u00e1ginas- es el m\u00e1s extenso y profundo que la ONU ha efectuado hasta el momento sobre la guerra en Gaza.<\/span><\/p>\n<p><span style=\"font-size: 14pt;\">Detall\u00f3 que se ha podido contar con el apoyo de una red de expertos forenses altamente calificados, de cientos de personas y fuentes que les enviaron informaci\u00f3n, la cual fue examinada y contrastada, con el fin de documentar todos los hechos expuestos. Tambi\u00e9n se utilizaron fuentes documentales, audiovisuales e im\u00e1genes de sat\u00e9lite.<\/span><\/p>\n<p><span style=\"font-size: 14pt;\">Pillay sostuvo que el Gobierno de Israel \u00abha obstruido\u00bb de todas las maneras posibles el trabajo de la comisi\u00f3n, a cuyos miembros no ha permitido visitar ni su territorio ni los territorios palestinos que ocupa, y tambi\u00e9n prohibi\u00f3 al personal m\u00e9dico que atendi\u00f3 a las v\u00edctimas de los ataques del 7 de octubre que hablaran con ellos.<\/span><\/p>\n<p><span style=\"font-size: 14pt;\">Los comisionados dijeron que tambi\u00e9n desear\u00edan entrevistarse con los rehenes israel\u00edes liberados que lo deseen o con familiares de los que siguen cautivos, lo que no pueden hacer si las autoridades no les permiten visitar Israel.<\/span><\/p>\n<p><span style=\"font-size: 14pt;\">Sobre el futuro, Pillay intent\u00f3 inyectar cierta esperanza y pidi\u00f3 a las v\u00edctimas de esta guerra que mantengan la esperanza, al recordar que han tenido que pasar 70 a\u00f1os de conflicto para que por primera vez la Asamblea General de la ONU haya pedido a la Corte Internacional de Justicia una opini\u00f3n jur\u00eddica sobre la ilegalidad de la ocupaci\u00f3n israel\u00ed de suelo palestino<\/span><\/p>\n<\/div>\n<\/article>\n","protected":false},"excerpt":{"rendered":"<p>El Ej\u00e9rcito de Israel \u00abes uno de los m\u00e1s criminales del mundo\u00bb, dijo este mi\u00e9rcoles uno de los prominentes juristas<\/p>\n","protected":false},"author":4,"featured_media":40276,"comment_status":"closed","ping_status":"closed","sticky":false,"template":"","format":"standard","meta":{"colormag_page_container_layout":"default_layout","colormag_page_sidebar_layout":"default_layout","_jetpack_memberships_contains_paid_content":false,"footnotes":"","jetpack_publicize_message":"","jetpack_publicize_feature_enabled":true,"jetpack_social_post_already_shared":false,"jetpack_social_options":{"image_generator_settings":{"template":"highway","default_image_id":0,"font":"","enabled":false},"version":2}},"categories":[28],"tags":[],"class_list":["post-40275","post","type-post","status-publish","format-standard","has-post-thumbnail","hentry","category-internacional"],"jetpack_publicize_connections":[],"jetpack_featured_media_url":"https:\/\/i0.wp.com\/politicosaldesnudo.com.mx\/wp-content\/uploads\/2024\/06\/El-Ejercito-israeli-es-uno-de-los-mas-criminales-del-mundo-dice-Comision-de-la-ONU.jpg?fit=700%2C466&ssl=1","jetpack-related-posts":[],"jetpack_sharing_enabled":true,"_links":{"self":[{"href":"https:\/\/politicosaldesnudo.com.mx\/index.php\/wp-json\/wp\/v2\/posts\/40275","targetHints":{"allow":["GET"]}}],"collection":[{"href":"https:\/\/politicosaldesnudo.com.mx\/index.php\/wp-json\/wp\/v2\/posts"}],"about":[{"href":"https:\/\/politicosaldesnudo.com.mx\/index.php\/wp-json\/wp\/v2\/types\/post"}],"author":[{"embeddable":true,"href":"https:\/\/politicosaldesnudo.com.mx\/index.php\/wp-json\/wp\/v2\/users\/4"}],"replies":[{"embeddable":true,"href":"https:\/\/politicosaldesnudo.com.mx\/index.php\/wp-json\/wp\/v2\/comments?post=40275"}],"version-history":[{"count":0,"href":"https:\/\/politicosaldesnudo.com.mx\/index.php\/wp-json\/wp\/v2\/posts\/40275\/revisions"}],"wp:featuredmedia":[{"embeddable":true,"href":"https:\/\/politicosaldesnudo.com.mx\/index.php\/wp-json\/wp\/v2\/media\/40276"}],"wp:attachment":[{"href":"https:\/\/politicosaldesnudo.com.mx\/index.php\/wp-json\/wp\/v2\/media?parent=40275"}],"wp:term":[{"taxonomy":"category","embeddable":true,"href":"https:\/\/politicosaldesnudo.com.mx\/index.php\/wp-json\/wp\/v2\/categories?post=40275"},{"taxonomy":"post_tag","embeddable":true,"href":"https:\/\/politicosaldesnudo.com.mx\/index.php\/wp-json\/wp\/v2\/tags?post=40275"}],"curies":[{"name":"wp","href":"https:\/\/api.w.org\/{rel}","templated":true}]}}