{"id":40313,"date":"2024-06-21T07:45:20","date_gmt":"2024-06-21T12:45:20","guid":{"rendered":"https:\/\/politicosaldesnudo.com.mx\/?p=40313"},"modified":"2024-06-21T07:45:20","modified_gmt":"2024-06-21T12:45:20","slug":"contadores-llaman-a-nuevo-gobierno-a-mejorar-regimen-fiscal-2","status":"publish","type":"post","link":"https:\/\/politicosaldesnudo.com.mx\/index.php\/2024\/06\/21\/contadores-llaman-a-nuevo-gobierno-a-mejorar-regimen-fiscal-2\/","title":{"rendered":"Contadores llaman a nuevo gobierno a mejorar r\u00e9gimen fiscal"},"content":{"rendered":"<p><span style=\"font-size: 14pt;\">El Instituto Mexicano de Contadores P\u00fablicos de M\u00e9xico advirti\u00f3 que al ser a\u00f1o electoral, se tendr\u00e1 menos tiempo para dar seguimiento a los cambios que pudiera haber.<\/span><\/p>\n<p><span style=\"font-size: 14pt;\">El Instituto Mexicano de Contadores P\u00fablicos de M\u00e9xico (IMCP) hizo un llamado a que, con la llegada de un nuevo gobierno, se sumen propuestas y se lleven a cabo parlamentos abiertos con el fin de coadyuvar a que haya un mejor r\u00e9gimen fiscal en el pa\u00eds, as\u00ed como para robustecer el Paquete Econ\u00f3mico 2025 que le tocar\u00e1 armar a la nueva administraci\u00f3n.<\/span><\/p>\n<p><span style=\"font-size: 14pt;\">En el IMCP, hacemos un llamado a la participaci\u00f3n ciudadana para sumar propuestas y generar parlamentos abiertos que coadyuven a un mejor r\u00e9gimen fiscal y que promuevan una mejor econom\u00eda del pa\u00eds, fomenten la creaci\u00f3n de empleos productivos, incentiven el ahorro y la inversi\u00f3n productiva, y generen certidumbre para la poblaci\u00f3n en general\u201d, dijo H\u00e9ctor Amaya, presidente de la instituci\u00f3n.<\/span><\/p>\n<p><span style=\"font-size: 14pt;\">No obstante, se\u00f1al\u00f3 \u201cAhorita ser\u00eda un poco atropellado salir con una reforma fiscal de aqu\u00ed al primero de enero, pero s\u00ed considero que deber\u00e1n tenerla en el camino. Es decir, quiz\u00e1s el pr\u00f3ximo a\u00f1o se trabaje muy bien una propuesta\u201d.<\/span><\/p>\n<p><span style=\"font-size: 14pt;\">Asegur\u00f3 que el IMCP, con sus 61 colegios federados y 46 delegaciones, est\u00e1 para apoyar a las autoridades en los temas fiscales que se requieren y \u201cen este caso en particular generar propuestas para robustecer un Paquete Econ\u00f3mico eficiente para el ejercicio 2025\u201d.<\/span><\/p>\n<p><span style=\"font-size: 14pt;\">Dijo que tras las elecciones del 2 de junio, en las que result\u00f3 ganadora la candidata Claudia Sheinbaum Pardo, ahora el Paquete Econ\u00f3mico 2025 se entregar\u00e1 a m\u00e1s tardar el 15 de noviembre, es decir, a las seis semanas de que la nueva presidenta haya tomado posesi\u00f3n.<\/span><\/p>\n<p><span style=\"font-size: 14pt;\">\u201cPor su parte, el Congreso de la Uni\u00f3n tiene como fecha l\u00edmite el t\u00e9rmino del periodo ordinario de sesiones para aprobarlo al 15 de diciembre, no obstante, tiene la posibilidad de acordar un periodo extraordinario con el prop\u00f3sito de ampliar el tiempo para debatir el Paquete Econ\u00f3mico 2025 que en este caso ser\u00eda hasta el 31 de diciembre\u201d, record\u00f3.<\/span><\/p>\n<p><span style=\"font-size: 14pt;\">Asegur\u00f3 que quienes hacen planes financieros o tributarios para tener una mejor operaci\u00f3n en sus empresas o negocios, siempre est\u00e1n atentos a los cambios que pudieran venir en el Paquete Econ\u00f3mico del siguiente a\u00f1o.<\/span><\/p>\n<p><span style=\"font-size: 14pt;\">\u201cNormalmente los cambios los conocemos el 8 de septiembre, que es cuando en un a\u00f1o no electoral tenemos la propuesta de Paquete Econ\u00f3mico. Si nosotros conocemos una propuesta de Paquete Econ\u00f3mico a principios de septiembre existe mucho tiempo para el seguimiento a ese cambio\u201d, explic\u00f3.<\/span><\/p>\n<p><span style=\"font-size: 14pt;\">H\u00e9ctor Amaya afirm\u00f3 que en este a\u00f1o de elecciones \u201clos tiempos son muy cortos\u201d, pues los cambios que pudiera haber en el r\u00e9gimen tributario se conocer\u00e1n hasta los \u00faltimos d\u00edas del 2024.<\/span><\/p>\n<p><span style=\"font-size: 14pt;\">\u201cEs importante que nos anticipemos a las fechas, incluso si hay personas que requieran hacer alg\u00fan movimiento en tiempo antes de que cualquier cosa pudiera generarse en alg\u00fan cambio fiscal, pues tienen el tiempo necesario de aqu\u00ed al 31 de diciembre\u201d, expres\u00f3 Amaya.<\/span><\/p>\n<p><span style=\"font-size: 14pt;\">Advirti\u00f3 que \u201clas leyes que pueda haber a partir del 1 de enero pueden ser diferentes o pudieran quedar iguales, pero lo m\u00e1s probable es que s\u00ed tengan cambios por toda la necesidad que existe en el tema financiero nacional\u201d.<\/span><\/p>\n","protected":false},"excerpt":{"rendered":"<p>El Instituto Mexicano de Contadores P\u00fablicos de M\u00e9xico advirti\u00f3 que al ser a\u00f1o electoral, se tendr\u00e1 menos tiempo para dar<\/p>\n","protected":false},"author":4,"featured_media":40314,"comment_status":"closed","ping_status":"closed","sticky":false,"template":"","format":"standard","meta":{"colormag_page_container_layout":"default_layout","colormag_page_sidebar_layout":"default_layout","_jetpack_memberships_contains_paid_content":false,"footnotes":"","jetpack_publicize_message":"","jetpack_publicize_feature_enabled":true,"jetpack_social_post_already_shared":false,"jetpack_social_options":{"image_generator_settings":{"template":"highway","default_image_id":0,"font":"","enabled":false},"version":2}},"categories":[2050],"tags":[],"class_list":["post-40313","post","type-post","status-publish","format-standard","has-post-thumbnail","hentry","category-economia"],"jetpack_publicize_connections":[],"jetpack_featured_media_url":"https:\/\/i0.wp.com\/politicosaldesnudo.com.mx\/wp-content\/uploads\/2024\/06\/4f3cc1a07896abc2a0cef8b80dd240f2.png?fit=1200%2C900&ssl=1","jetpack-related-posts":[],"jetpack_sharing_enabled":true,"_links":{"self":[{"href":"https:\/\/politicosaldesnudo.com.mx\/index.php\/wp-json\/wp\/v2\/posts\/40313","targetHints":{"allow":["GET"]}}],"collection":[{"href":"https:\/\/politicosaldesnudo.com.mx\/index.php\/wp-json\/wp\/v2\/posts"}],"about":[{"href":"https:\/\/politicosaldesnudo.com.mx\/index.php\/wp-json\/wp\/v2\/types\/post"}],"author":[{"embeddable":true,"href":"https:\/\/politicosaldesnudo.com.mx\/index.php\/wp-json\/wp\/v2\/users\/4"}],"replies":[{"embeddable":true,"href":"https:\/\/politicosaldesnudo.com.mx\/index.php\/wp-json\/wp\/v2\/comments?post=40313"}],"version-history":[{"count":0,"href":"https:\/\/politicosaldesnudo.com.mx\/index.php\/wp-json\/wp\/v2\/posts\/40313\/revisions"}],"wp:featuredmedia":[{"embeddable":true,"href":"https:\/\/politicosaldesnudo.com.mx\/index.php\/wp-json\/wp\/v2\/media\/40314"}],"wp:attachment":[{"href":"https:\/\/politicosaldesnudo.com.mx\/index.php\/wp-json\/wp\/v2\/media?parent=40313"}],"wp:term":[{"taxonomy":"category","embeddable":true,"href":"https:\/\/politicosaldesnudo.com.mx\/index.php\/wp-json\/wp\/v2\/categories?post=40313"},{"taxonomy":"post_tag","embeddable":true,"href":"https:\/\/politicosaldesnudo.com.mx\/index.php\/wp-json\/wp\/v2\/tags?post=40313"}],"curies":[{"name":"wp","href":"https:\/\/api.w.org\/{rel}","templated":true}]}}