{"id":40354,"date":"2024-06-22T08:40:44","date_gmt":"2024-06-22T13:40:44","guid":{"rendered":"https:\/\/politicosaldesnudo.com.mx\/?p=40354"},"modified":"2024-06-22T08:40:44","modified_gmt":"2024-06-22T13:40:44","slug":"reivindicacion","status":"publish","type":"post","link":"https:\/\/politicosaldesnudo.com.mx\/index.php\/2024\/06\/22\/reivindicacion\/","title":{"rendered":"REIVINDICACI\u00d3N"},"content":{"rendered":"<p><span style=\"font-size: 14pt;\">Todos entendemos perfectamente que estas elecciones fueron definidas por el valor que le represent\u00f3 al electorado la ayuda que el gobierno federal otorga a las familias, -de las cuales muchas de ellas-, con esta ayuda pudieron salir de la pobreza.<\/span><\/p>\n<p><span style=\"font-size: 14pt;\">Sin embargo, ninguna instituci\u00f3n representativa del sector empresarial ha reivindicado el origen de las ayudas de tipo social que otorga el gobierno, las cuales, llegan a trav\u00e9s de los impuestos que paga el sector productivo del pa\u00eds. Por ello, es fundamental para la integraci\u00f3n social y la reconciliaci\u00f3n que la sociedad entienda el rol que tiene el sector empresarial en la vida cotidiana de M\u00e9xico.<\/span><\/p>\n<p><span style=\"font-size: 14pt;\">Adem\u00e1s, el pago de impuestos de las empresas, -as\u00ed como de sus trabajadores y sus accionistas-, tambi\u00e9n genera el presupuesto que permite el financiamiento de servicios p\u00fablicos esenciales, como la salud, la educaci\u00f3n, la obra p\u00fablica, la seguridad y adem\u00e1s, mantiene la n\u00f3mina de toda la infraestructura de trabajadores al servicio del estado, por citar algunos rubros.<\/span><\/p>\n<p><span style=\"font-size: 14pt;\">Es fundamental dejar claro ante la sociedad que los gobiernos no generan recursos econ\u00f3micos, ni tienen la posibilidad de hacer dinero en su f\u00e1brica (de billetes), si \u00e9ste no est\u00e1 sustentado en la productividad del pa\u00eds, que se genera desde la iniciativa privada.<\/span><\/p>\n<p><span style=\"font-size: 14pt;\">La vocaci\u00f3n y la responsabilidad de cualquier gobierno es administrar y redistribuir el dinero que obtiene a trav\u00e9s de los impuestos.<\/span><\/p>\n<p><span style=\"font-size: 14pt;\">Si las empresas mexicanas desaparecieran, -porque dejasen de ser competitivas en los mercados-, el gobierno dejar\u00eda de recibir impuestos y tarde o temprano no tendr\u00eda los recursos econ\u00f3micos para pagar todas las prestaciones y ayudas sociales que hoy reciben millones de familias mexicanas a trav\u00e9s del gobierno.<\/span><\/p>\n<p><span style=\"font-size: 14pt;\">Por ello en los pa\u00edses altamente desarrollados, -y con mayor calidad de vida para su poblaci\u00f3n-, los gobiernos se esfuerzan por ayudar a las empresas a producir m\u00e1s y facilitar las actividades empresariales, pues saben que de ese modo se aseguran de recibir un mayor volumen de impuestos, lo que les permitir\u00e1 dar mejores servicios p\u00fablicos y asegurar tener siempre disponible el dinero para pagar las ayudas que generan bienestar a las familias, adem\u00e1s de disminuir la pobreza.<\/span><\/p>\n<p><span style=\"font-size: 14pt;\">S\u00f3lo fortaleciendo y apoyando al sector empresarial se podr\u00e1 garantizar que nunca falte dinero para apoyar a las familias m\u00e1s necesitadas de este pa\u00eds.<\/span><\/p>\n<p><span style=\"font-size: 14pt;\">Sin embargo, en nuestra idiosincrasia la actividad emprendedora es interpretada negativamente, lo cual genera actitudes colectivas de animadversi\u00f3n y desconfianza, las cuales son alimentadas por ideolog\u00edas que estigmatizan al sector empresarial como enemigo del pueblo y culpable de las desigualdades e injusticias.<\/span><\/p>\n<p><span style=\"font-size: 14pt;\">Quiz\u00e1 por ello las empresas, -especialmente las peque\u00f1as y medianas-, han sido olvidadas por este gobierno que finaliza, mientras parad\u00f3jicamente las grandes fortunas se han incrementado escandalosamente durante este gobierno del presidente L\u00f3pez Obrador.<\/span><\/p>\n<p><span style=\"font-size: 14pt;\">Generalmente se piensa que el motor del desarrollo de nuestro pa\u00eds lo conforman los grandes corporativos, que por su tama\u00f1o son los que generan el mayor n\u00famero de empleos y estimulan el crecimiento del pa\u00eds.<\/span><\/p>\n<p><span style=\"font-size: 14pt;\">Sin embargo, diversos estudios del INEGI reconocen que el 70% de los empleos en M\u00e9xico los\u00a0 generan las peque\u00f1as y micro empresas, las cuales por su gran volumen suman una gran masa productiva que hoy est\u00e1 conformada por casi cinco millones\u00a0 de Mipymes, o sea peque\u00f1as y micro.<\/span><\/p>\n<p><span style=\"font-size: 14pt;\">En contraste, medianas y grandes, suman un poco menos de cien mil empresas.<\/span><\/p>\n<p><span style=\"font-size: 14pt;\">Adem\u00e1s, una caracter\u00edstica muy importante es que las Mipymes son negocios de tipo familiar y por tanto, son cien por ciento mexicanas, que gastan en M\u00e9xico el total de lo que generan, sin tener que compartir utilidades con corporativos multinacionales.<\/span><\/p>\n<p><span style=\"font-size: 14pt;\">Preocupante es que las Mipymes son las que hoy est\u00e1n siendo acosadas por el crimen organizado con el cobro de derecho de piso y adem\u00e1s, son extorsionadas por autoridades menores a lo largo de nuestro territorio.<\/span><\/p>\n<p><span style=\"font-size: 14pt;\">El micro y el peque\u00f1o empresario no se sienten parte de este sector porque no hay quien les proteja. El gobierno les deja a su suerte frente a la delincuencia organizada y las c\u00e1maras empresariales no se han comprometido con ellos \u201ccodo con codo\u201d.<\/span><\/p>\n<p><span style=\"font-size: 14pt;\">Es urgente voltear a ver hacia este sector y convertirlo en el eje de nuestra econom\u00eda. Lo primero que habr\u00eda que ofrecerles es seguridad, protegi\u00e9ndolos de la extorsi\u00f3n.<\/span><\/p>\n<p><span style=\"font-size: 14pt;\">La Guardia Nacional se ha convertido en un simple s\u00edmbolo, pero con m\u00ednima efectividad, pues su presencia en las calles no significa nada. Mientras no exista un trabajo de inteligencia para desintegrar bandas delictivas el problema de la extorsi\u00f3n seguir\u00e1 creciendo.<\/span><\/p>\n<p><span style=\"font-size: 14pt;\">Este debiese ser el primer reto que asuma el pr\u00f3ximo secretario de econom\u00eda, Marcelo Ebrard, si quiere impulsar el crecimiento de nuestro pa\u00eds. Adem\u00e1s, debiese trabajar la creaci\u00f3n de una cultura empresarial, -no s\u00f3lo altamente competitiva-, sino con profunda y comprometida responsabilidad social.<\/span><\/p>\n<p><span style=\"font-size: 14pt;\">Ser empresario no es un oficio, sino una vocaci\u00f3n. Por ello ser\u00e1 necesario desarrollar el sentido de pertenencia a este sector y el orgullo por pertenecer a \u00e9l, por parte de micro y peque\u00f1os empresarios, que son el alma y coraz\u00f3n de nuestro sector productivo.<\/span><\/p>\n<p><span style=\"font-size: 14pt;\"><strong>FOROS DEL DI\u00c1LOGO<\/strong><\/span><\/p>\n<p><span style=\"font-size: 14pt;\">Los Foros del Di\u00e1logo para analizar el proyecto presidencial de reforma al Poder Judicial, no parecen ser incluyentes, ni abiertos al di\u00e1logo. Los dirigentes de las bancadas morenistas y sus aliados en el Congreso hablan de di\u00e1logo, pero sin mover \u201cni una coma\u201d de la iniciativa presidencial\u2026 \u00bfentonces?<\/span><\/p>\n<p><span style=\"font-size: 14pt;\">Realmente parecen ser programas informativos, para cumplir con la formalidad y apariencia democr\u00e1tica, pero sin comprometerse con esta visi\u00f3n pol\u00edtica.<\/span><\/p>\n<p><span style=\"font-size: 14pt;\">Adem\u00e1s, el presidente L\u00f3pez Obrador arremeti\u00f3 contra el Instituto de Investigaciones Jur\u00eddicas de la UNAM, -conformado por important\u00edsimos juristas y expertos en derecho-, por haberse atrevido a cuestionar la reforma judicial que \u00e9l impulsa.<\/span><\/p>\n<p><span style=\"font-size: 14pt;\">Muy mal se vio la rector\u00eda de nuestra m\u00e1s importante universidad deslind\u00e1ndose de este ejercicio acad\u00e9mico realizado en el marco de las atribuciones que tiene este prestigiado instituto universitario. En lugar de defender su trabajo acad\u00e9mico, el comunicado oficial lo transform\u00f3 en simples opiniones personales de quienes redactaron el documento.<\/span><\/p>\n<p><span style=\"font-size: 14pt;\">\u00a1C\u00f3mo se extra\u00f1a a aquellos rectores que siempre apoyaron las causas justas y la autonom\u00eda de la UNAM!&#8230; \u00a0como Javier Barros Sierra, que en 1968 se puso al frente de las exigencias de la comunidad estudiantil frente a la represi\u00f3n del presidente D\u00edaz Ordaz.<\/span><\/p>\n<p><span style=\"font-size: 14pt;\">Incluso sin irnos muy lejos en el tiempo, Enrique Graue Wiechers con gran dignidad defendi\u00f3 la autonom\u00eda de esta grandiosa instituci\u00f3n.<\/span><\/p>\n<p><span style=\"font-size: 14pt;\"><strong>LA REFORMA JUDICIAL<\/strong><\/span><\/p>\n<p><span style=\"font-size: 14pt;\">Parece ser que los riesgos de intervenci\u00f3n del crimen organizado en las elecciones de ministros, magistrados y jueces, -que pretende imponer la reforma judicial que se votar\u00e1 en septiembre de este a\u00f1o por la nueva legislatura-, est\u00e1n siendo minimizados por el presidente.<\/span><\/p>\n<p><span style=\"font-size: 14pt;\">\u00bfTampoco estar\u00e1 considerando que la ley no puede ser retroactiva? \u2026 Este es un principio universal del derecho. A\u00fan si fuese aprobada esta reforma, la instrumentaci\u00f3n de este art\u00edculo operar\u00eda a partir de las jubilaciones de los funcionarios actuales, pues la remoci\u00f3n de \u00e9stos ser\u00eda inconstitucional y un rompimiento del Estado de Derecho. Los ministros, magistrados y jueces actuales deben ser intocables. S\u00f3lo quienes se jubilen y las nuevas plazas podr\u00edan estar sujetas a la nueva modalidad.<\/span><\/p>\n<p><span style=\"font-size: 14pt;\">\u00bfA usted qu\u00e9 le parece?<\/span><\/p>\n","protected":false},"excerpt":{"rendered":"<p>Todos entendemos perfectamente que estas elecciones fueron definidas por el valor que le represent\u00f3 al electorado la ayuda que el<\/p>\n","protected":false},"author":4,"featured_media":26269,"comment_status":"closed","ping_status":"closed","sticky":false,"template":"","format":"standard","meta":{"colormag_page_container_layout":"default_layout","colormag_page_sidebar_layout":"default_layout","_jetpack_memberships_contains_paid_content":false,"footnotes":"","jetpack_publicize_message":"","jetpack_publicize_feature_enabled":true,"jetpack_social_post_already_shared":false,"jetpack_social_options":{"image_generator_settings":{"template":"highway","default_image_id":0,"font":"","enabled":false},"version":2}},"categories":[26],"tags":[],"class_list":["post-40354","post","type-post","status-publish","format-standard","has-post-thumbnail","hentry","category-columnistas"],"jetpack_publicize_connections":[],"jetpack_featured_media_url":"https:\/\/i0.wp.com\/politicosaldesnudo.com.mx\/wp-content\/uploads\/2023\/11\/BANNER-homs.jpg?fit=800%2C445&ssl=1","jetpack-related-posts":[],"jetpack_sharing_enabled":true,"_links":{"self":[{"href":"https:\/\/politicosaldesnudo.com.mx\/index.php\/wp-json\/wp\/v2\/posts\/40354","targetHints":{"allow":["GET"]}}],"collection":[{"href":"https:\/\/politicosaldesnudo.com.mx\/index.php\/wp-json\/wp\/v2\/posts"}],"about":[{"href":"https:\/\/politicosaldesnudo.com.mx\/index.php\/wp-json\/wp\/v2\/types\/post"}],"author":[{"embeddable":true,"href":"https:\/\/politicosaldesnudo.com.mx\/index.php\/wp-json\/wp\/v2\/users\/4"}],"replies":[{"embeddable":true,"href":"https:\/\/politicosaldesnudo.com.mx\/index.php\/wp-json\/wp\/v2\/comments?post=40354"}],"version-history":[{"count":0,"href":"https:\/\/politicosaldesnudo.com.mx\/index.php\/wp-json\/wp\/v2\/posts\/40354\/revisions"}],"wp:featuredmedia":[{"embeddable":true,"href":"https:\/\/politicosaldesnudo.com.mx\/index.php\/wp-json\/wp\/v2\/media\/26269"}],"wp:attachment":[{"href":"https:\/\/politicosaldesnudo.com.mx\/index.php\/wp-json\/wp\/v2\/media?parent=40354"}],"wp:term":[{"taxonomy":"category","embeddable":true,"href":"https:\/\/politicosaldesnudo.com.mx\/index.php\/wp-json\/wp\/v2\/categories?post=40354"},{"taxonomy":"post_tag","embeddable":true,"href":"https:\/\/politicosaldesnudo.com.mx\/index.php\/wp-json\/wp\/v2\/tags?post=40354"}],"curies":[{"name":"wp","href":"https:\/\/api.w.org\/{rel}","templated":true}]}}