{"id":40356,"date":"2024-06-22T08:44:17","date_gmt":"2024-06-22T13:44:17","guid":{"rendered":"https:\/\/politicosaldesnudo.com.mx\/?p=40356"},"modified":"2024-06-22T08:44:17","modified_gmt":"2024-06-22T13:44:17","slug":"arde-bodega-de-combustibles-en-la-zona-industrial-de-lerma-edomex","status":"publish","type":"post","link":"https:\/\/politicosaldesnudo.com.mx\/index.php\/2024\/06\/22\/arde-bodega-de-combustibles-en-la-zona-industrial-de-lerma-edomex\/","title":{"rendered":"Arde bodega de combustibles en la zona industrial de Lerma, Edomex"},"content":{"rendered":"<div>\n<div id=\"content-body-225-12123755\">\n<p><span style=\"font-size: 14pt;\">Un\u00a0incendio\u00a0en una f\u00e1brica de lubricantes\u00a0moviliz\u00f3 a bomberos y elementos de Protecci\u00f3n Civil; el fuego\u00a0provoc\u00f3 una enorme nube de humo\u00a0y tuvieron que ser\u00a0evacuados varios trabajadores.\u00a0El incendio ya fue controlado en 90 por ciento, tras seis horas y hasta el momento, se han reportado dos lesionados: un trabajador y un elemento de Bomberos Toluca<\/span><\/p>\n<p><span style=\"font-size: 14pt;\">El siniestro sucedi\u00f3 alrededor de las\u00a015:30 horas\u00a0en una f\u00e1brica de lubricantes localizada en Atotonilco y avenida Del Parque de la\u00a0zona industrial Lerma.<\/span><\/p>\n<\/div>\n<\/div>\n<div>\n<div id=\"dfp-nota-1x3s\" data-google-query-id=\"CMTbm6ir74YDFcmFywEd3M4ObA\">\n<div id=\"google_ads_iframe_\/2000002\/la-prensa\/mexico_nota_1x3_0__container__\">\n<div id=\"inArticle_1\">\n<div>\n<div>\n<div>\n<div><span style=\"font-size: 14pt;\">Por causas no establecidas, el fuego comenz\u00f3 a suscitarse en esta industria, por lo que de forma inmediata se procedi\u00f3 a\u00a0evacuar a todo el personal.<\/span><\/div>\n<\/div>\n<\/div>\n<\/div>\n<\/div>\n<\/div>\n<\/div>\n<\/div>\n<article>\n<div id=\"content-body-5851641-12123755\">\n<p><span style=\"font-size: 14pt;\">Al punto se presentaron elementos de Protecci\u00f3n Civil y Bomberos de municipios aleda\u00f1os, quienes comenzaron a enfrentar el fuego.<\/span><\/p>\n<p><span style=\"font-size: 14pt;\">Debido a que las llamas alcanzaron algunos\u00a0contendedores de combustible, el incendio estuvo fuera de control por varios minutos y provoc\u00f3 una enorme nube de humo que podr\u00eda verse a kil\u00f3metros de distancia.<\/span><\/p>\n<p><span style=\"font-size: 14pt;\">De acuerdo a informaci\u00f3n extraoficial de corporaciones policiacas y cuerpos de emergencia, se han reportado dos lesionados: un trabajador y un elemento de Bomberos Toluca.<\/span><\/p>\n<p><span style=\"font-size: 14pt;\">Debido a la magnitud del incendio, se pidi\u00f3 el apoyo de varias unidades de bomberos de municipios aleda\u00f1os a\u00a0Lerma. El personal de bomberos realiz\u00f3 diversas maniobras para ingresar a la fabrica y controlar el incendio, despu\u00e9s de seis horas del siniestro, el incendio logr\u00f3 ser controlado en un 90 por ciento, las autoridades pertinentes ya han resguardado la zona.<\/span><\/p>\n<\/div>\n<\/article>\n","protected":false},"excerpt":{"rendered":"<p>Un\u00a0incendio\u00a0en una f\u00e1brica de lubricantes\u00a0moviliz\u00f3 a bomberos y elementos de Protecci\u00f3n Civil; el fuego\u00a0provoc\u00f3 una enorme nube de humo\u00a0y tuvieron<\/p>\n","protected":false},"author":4,"featured_media":40357,"comment_status":"closed","ping_status":"closed","sticky":false,"template":"","format":"standard","meta":{"colormag_page_container_layout":"default_layout","colormag_page_sidebar_layout":"default_layout","_jetpack_memberships_contains_paid_content":false,"footnotes":"","jetpack_publicize_message":"","jetpack_publicize_feature_enabled":true,"jetpack_social_post_already_shared":false,"jetpack_social_options":{"image_generator_settings":{"template":"highway","default_image_id":0,"font":"","enabled":false},"version":2}},"categories":[33],"tags":[],"class_list":["post-40356","post","type-post","status-publish","format-standard","has-post-thumbnail","hentry","category-nacional"],"jetpack_publicize_connections":[],"jetpack_featured_media_url":"https:\/\/i0.wp.com\/politicosaldesnudo.com.mx\/wp-content\/uploads\/2024\/06\/GQoyoCIWgAAukZX.jpg?fit=750%2C468&ssl=1","jetpack-related-posts":[],"jetpack_sharing_enabled":true,"_links":{"self":[{"href":"https:\/\/politicosaldesnudo.com.mx\/index.php\/wp-json\/wp\/v2\/posts\/40356","targetHints":{"allow":["GET"]}}],"collection":[{"href":"https:\/\/politicosaldesnudo.com.mx\/index.php\/wp-json\/wp\/v2\/posts"}],"about":[{"href":"https:\/\/politicosaldesnudo.com.mx\/index.php\/wp-json\/wp\/v2\/types\/post"}],"author":[{"embeddable":true,"href":"https:\/\/politicosaldesnudo.com.mx\/index.php\/wp-json\/wp\/v2\/users\/4"}],"replies":[{"embeddable":true,"href":"https:\/\/politicosaldesnudo.com.mx\/index.php\/wp-json\/wp\/v2\/comments?post=40356"}],"version-history":[{"count":0,"href":"https:\/\/politicosaldesnudo.com.mx\/index.php\/wp-json\/wp\/v2\/posts\/40356\/revisions"}],"wp:featuredmedia":[{"embeddable":true,"href":"https:\/\/politicosaldesnudo.com.mx\/index.php\/wp-json\/wp\/v2\/media\/40357"}],"wp:attachment":[{"href":"https:\/\/politicosaldesnudo.com.mx\/index.php\/wp-json\/wp\/v2\/media?parent=40356"}],"wp:term":[{"taxonomy":"category","embeddable":true,"href":"https:\/\/politicosaldesnudo.com.mx\/index.php\/wp-json\/wp\/v2\/categories?post=40356"},{"taxonomy":"post_tag","embeddable":true,"href":"https:\/\/politicosaldesnudo.com.mx\/index.php\/wp-json\/wp\/v2\/tags?post=40356"}],"curies":[{"name":"wp","href":"https:\/\/api.w.org\/{rel}","templated":true}]}}