{"id":40362,"date":"2024-06-22T08:50:30","date_gmt":"2024-06-22T13:50:30","guid":{"rendered":"https:\/\/politicosaldesnudo.com.mx\/?p=40362"},"modified":"2024-06-22T08:50:30","modified_gmt":"2024-06-22T13:50:30","slug":"al-menos-5-muertos-y-2-policias-heridos-tras-persecucion-en-portezuelo-slp","status":"publish","type":"post","link":"https:\/\/politicosaldesnudo.com.mx\/index.php\/2024\/06\/22\/al-menos-5-muertos-y-2-policias-heridos-tras-persecucion-en-portezuelo-slp\/","title":{"rendered":"Al menos 5 muertos y 2 polic\u00edas heridos tras persecuci\u00f3n en Portezuelo, SLP"},"content":{"rendered":"<div>\n<div id=\"content-body-225-12123122\">\n<p><span style=\"font-size: 14pt;\">Este viernes, mientras agentes de la Guardia Civil Estatal realizaban un operativo en\u00a0la localidad de Portezuelo,\u00a0se desat\u00f3 una\u00a0persecuci\u00f3n que termin\u00f3 con cinco presuntos integrantes de una c\u00e9lula criminal\u00a0abatidos, a quienes se les asegur\u00f3 armamento, equipo t\u00e1ctico y veh\u00edculos en los que se desplazaban.<\/span><\/p>\n<p><span style=\"font-size: 14pt;\">Al realizar patrullajes preventivos, los uniformados estatales detectaron la presencia sujetos armados sobre la calle Ju\u00e1rez, por lo que iniciaron una persecuci\u00f3n, en respuesta, los agentes fueron agredidos a disparos.<\/span><\/p>\n<\/div>\n<\/div>\n<div>\n<div id=\"dfp-nota-1x3s\" data-google-query-id=\"CObh4N2s74YDFVKLywEd-sQA5w\">\n<div id=\"google_ads_iframe_\/2000002\/la-prensa\/mexico_nota_1x3_0__container__\">\n<div id=\"inArticle_1\">\n<div>\n<div>\n<div>\n<div><span style=\"font-size: 14pt;\">Al final fueron abatidos 5 presuntos delincuentes y dos agentes resultaron heridos, quienes fueron atendidos de forma inmediata y trasladados a un hospital cercano donde se reportaron fuera de peligro y en recuperaci\u00f3n.<\/span><\/div>\n<\/div>\n<\/div>\n<\/div>\n<\/div>\n<\/div>\n<\/div>\n<\/div>\n<article>\n<div id=\"content-body-5851641-12123122\">\n<p><span style=\"font-size: 14pt;\">Luego de los hechos, se solicit\u00f3 la presencia de la Polic\u00eda de Investigaci\u00f3n y Servicios Periciales de la FGE para el procesamiento de los indicios,\u00a0quedando asegurado en el lugar una camioneta marca Ford, l\u00ednea Edge, sin placas, con lo siguiente: cuatro armas de fuego largas; un arma de fuego corta; cuatro chalecos t\u00e1cticos; un casco y una bolsa con objetos de varilla.<\/span><\/p>\n<div>\n<div>\n<div><span style=\"font-size: 14pt;\">Dando seguimiento a los recorrido en la zona, se localiz\u00f3 una unidad marca Pontiac, tipo Torrent, color negro, posiblemente involucrada en los hechos anteriores, asegurando un chaleco t\u00e1ctico en su interior, con la leyenda de una supuesta red criminal, piezas de un arma de fuego larga;\u00a0equipo t\u00e1ctico; cartuchos de diferentes calibres; cargadores; cuatro pistolas abastecidas y objetos de varilla.<\/span><\/div>\n<\/div>\n<\/div>\n<p><span style=\"font-size: 14pt;\">Lo anterior qued\u00f3 a disposici\u00f3n de la Fiscal\u00eda General del Estado, para las averiguaciones correspondientes.<\/span><\/p>\n<\/div>\n<\/article>\n","protected":false},"excerpt":{"rendered":"<p>Este viernes, mientras agentes de la Guardia Civil Estatal realizaban un operativo en\u00a0la localidad de Portezuelo,\u00a0se desat\u00f3 una\u00a0persecuci\u00f3n que termin\u00f3<\/p>\n","protected":false},"author":4,"featured_media":40363,"comment_status":"closed","ping_status":"closed","sticky":false,"template":"","format":"standard","meta":{"colormag_page_container_layout":"default_layout","colormag_page_sidebar_layout":"default_layout","_jetpack_memberships_contains_paid_content":false,"footnotes":"","jetpack_publicize_message":"","jetpack_publicize_feature_enabled":true,"jetpack_social_post_already_shared":false,"jetpack_social_options":{"image_generator_settings":{"template":"highway","default_image_id":0,"font":"","enabled":false},"version":2}},"categories":[33],"tags":[],"class_list":["post-40362","post","type-post","status-publish","format-standard","has-post-thumbnail","hentry","category-nacional"],"jetpack_publicize_connections":[],"jetpack_featured_media_url":"https:\/\/i0.wp.com\/politicosaldesnudo.com.mx\/wp-content\/uploads\/2024\/06\/images-30.jpg?fit=284%2C177&ssl=1","jetpack-related-posts":[],"jetpack_sharing_enabled":true,"_links":{"self":[{"href":"https:\/\/politicosaldesnudo.com.mx\/index.php\/wp-json\/wp\/v2\/posts\/40362","targetHints":{"allow":["GET"]}}],"collection":[{"href":"https:\/\/politicosaldesnudo.com.mx\/index.php\/wp-json\/wp\/v2\/posts"}],"about":[{"href":"https:\/\/politicosaldesnudo.com.mx\/index.php\/wp-json\/wp\/v2\/types\/post"}],"author":[{"embeddable":true,"href":"https:\/\/politicosaldesnudo.com.mx\/index.php\/wp-json\/wp\/v2\/users\/4"}],"replies":[{"embeddable":true,"href":"https:\/\/politicosaldesnudo.com.mx\/index.php\/wp-json\/wp\/v2\/comments?post=40362"}],"version-history":[{"count":0,"href":"https:\/\/politicosaldesnudo.com.mx\/index.php\/wp-json\/wp\/v2\/posts\/40362\/revisions"}],"wp:featuredmedia":[{"embeddable":true,"href":"https:\/\/politicosaldesnudo.com.mx\/index.php\/wp-json\/wp\/v2\/media\/40363"}],"wp:attachment":[{"href":"https:\/\/politicosaldesnudo.com.mx\/index.php\/wp-json\/wp\/v2\/media?parent=40362"}],"wp:term":[{"taxonomy":"category","embeddable":true,"href":"https:\/\/politicosaldesnudo.com.mx\/index.php\/wp-json\/wp\/v2\/categories?post=40362"},{"taxonomy":"post_tag","embeddable":true,"href":"https:\/\/politicosaldesnudo.com.mx\/index.php\/wp-json\/wp\/v2\/tags?post=40362"}],"curies":[{"name":"wp","href":"https:\/\/api.w.org\/{rel}","templated":true}]}}