{"id":40365,"date":"2024-06-22T08:52:59","date_gmt":"2024-06-22T13:52:59","guid":{"rendered":"https:\/\/politicosaldesnudo.com.mx\/?p=40365"},"modified":"2024-06-22T08:52:59","modified_gmt":"2024-06-22T13:52:59","slug":"sip-reprocha-impunidad-a-20-anos-del-asesinato-del-periodista-francisco-ortiz","status":"publish","type":"post","link":"https:\/\/politicosaldesnudo.com.mx\/index.php\/2024\/06\/22\/sip-reprocha-impunidad-a-20-anos-del-asesinato-del-periodista-francisco-ortiz\/","title":{"rendered":"SIP reprocha impunidad a 20 a\u00f1os del asesinato del periodista Francisco Ortiz"},"content":{"rendered":"<div>\n<div id=\"content-body-225-12121967\">\n<p><span style=\"font-size: 14pt;\">La\u00a0Sociedad Interamericana de Prensa (SIP)\u00a0urgi\u00f3 este viernes a las autoridades a continuar la investigaci\u00f3n por el\u00a0asesinato del periodista Francisco Javier Ortiz Franco, uno de los fundadores del semanario Zeta, al cumplirse veinte a\u00f1os de su muerte.<\/span><\/p>\n<p><span style=\"font-size: 14pt;\">El 22 de junio de 2004 Ortiz Franco ingresaba a su autom\u00f3vil en Tijuana (Baja California), cuando\u00a0un individuo armado se le acerc\u00f3 y le dispar\u00f3 en varias ocasiones, record\u00f3 la SIP.<\/span><\/p>\n<p><span style=\"font-size: 14pt;\">Dos de sus\u00a0hijos menores de edad\u00a0que lo acompa\u00f1aban en ese momento\u00a0fueron testigos del asesinato.<\/span><\/p>\n<\/div>\n<\/div>\n<div>\n<div id=\"dfp-nota-1x1s\" data-google-query-id=\"CN_F77Ct74YDFemFywEd7mEC9w\">\n<div id=\"google_ads_iframe_\/2000002\/la-prensa\/mexico_nota_1x1_0__container__\"><span style=\"font-size: 14pt;\">\u00abNo hay justificaci\u00f3n alguna para que, despu\u00e9s de dos d\u00e9cadas, este caso contin\u00fae en la impunidad\u00bb, dijo el presidente de la Comisi\u00f3n de Libertad de Prensa e Informaci\u00f3n de la SIP, Carlos Jornet, en un comunicado.<\/span><\/div>\n<\/div>\n<\/div>\n<article>\n<div id=\"content-body-5851641-12121967\">\n<p><span style=\"font-size: 14pt;\">Jornet inst\u00f3 a las autoridades mexicanas a realizar \u00abtodos los esfuerzos a su alcance para atender los reclamos de la familia de lograr acceso a la justicia y a la verdad\u00bb.<\/span><\/p>\n<p><span style=\"font-size: 14pt;\">La SIP recuerda en este nuevo aniversario como parte de su campa\u00f1a &#8216;Voces que reclaman justicia&#8217; sobre impunidad en la regi\u00f3n.<\/span><\/p>\n<p><span style=\"font-size: 14pt;\">Seg\u00fan la SIP, dos d\u00edas antes del crimen,\u00a0Ortiz Franco, editor de Zeta, revel\u00f3 la identidad de 71 miembros del cartel de los Arellano F\u00e9lix.<\/span><\/p>\n<p><span style=\"font-size: 14pt;\">El semanario ha sido blanco de varios ataques. En 1987, atacantes armados balearon su sede y un a\u00f1o despu\u00e9s\u00a0fue asesinado H\u00e9ctor F\u00e9lix Miranda, codirector del medio, crimen que a\u00fan sigue sin resolverse.<\/span><\/p>\n<p><span style=\"font-size: 14pt;\">En 1997 Jes\u00fas Blancornelas, cofundador del semanario,\u00a0fue v\u00edctima de un atentado que casi le cuesta la vida\u00a0y en el que muri\u00f3 su conductor y guardaespaldas, Luis Valero Elizalde.<\/span><\/p>\n<\/div>\n<\/article>\n","protected":false},"excerpt":{"rendered":"<p>La\u00a0Sociedad Interamericana de Prensa (SIP)\u00a0urgi\u00f3 este viernes a las autoridades a continuar la investigaci\u00f3n por el\u00a0asesinato del periodista Francisco Javier<\/p>\n","protected":false},"author":4,"featured_media":40366,"comment_status":"closed","ping_status":"closed","sticky":false,"template":"","format":"standard","meta":{"colormag_page_container_layout":"default_layout","colormag_page_sidebar_layout":"default_layout","_jetpack_memberships_contains_paid_content":false,"footnotes":"","jetpack_publicize_message":"","jetpack_publicize_feature_enabled":true,"jetpack_social_post_already_shared":false,"jetpack_social_options":{"image_generator_settings":{"template":"highway","default_image_id":0,"font":"","enabled":false},"version":2}},"categories":[33],"tags":[],"class_list":["post-40365","post","type-post","status-publish","format-standard","has-post-thumbnail","hentry","category-nacional"],"jetpack_publicize_connections":[],"jetpack_featured_media_url":"https:\/\/i0.wp.com\/politicosaldesnudo.com.mx\/wp-content\/uploads\/2024\/06\/diseno-sin-titulo-78_7814697_20240621104100.jpg?fit=1200%2C900&ssl=1","jetpack-related-posts":[],"jetpack_sharing_enabled":true,"_links":{"self":[{"href":"https:\/\/politicosaldesnudo.com.mx\/index.php\/wp-json\/wp\/v2\/posts\/40365","targetHints":{"allow":["GET"]}}],"collection":[{"href":"https:\/\/politicosaldesnudo.com.mx\/index.php\/wp-json\/wp\/v2\/posts"}],"about":[{"href":"https:\/\/politicosaldesnudo.com.mx\/index.php\/wp-json\/wp\/v2\/types\/post"}],"author":[{"embeddable":true,"href":"https:\/\/politicosaldesnudo.com.mx\/index.php\/wp-json\/wp\/v2\/users\/4"}],"replies":[{"embeddable":true,"href":"https:\/\/politicosaldesnudo.com.mx\/index.php\/wp-json\/wp\/v2\/comments?post=40365"}],"version-history":[{"count":0,"href":"https:\/\/politicosaldesnudo.com.mx\/index.php\/wp-json\/wp\/v2\/posts\/40365\/revisions"}],"wp:featuredmedia":[{"embeddable":true,"href":"https:\/\/politicosaldesnudo.com.mx\/index.php\/wp-json\/wp\/v2\/media\/40366"}],"wp:attachment":[{"href":"https:\/\/politicosaldesnudo.com.mx\/index.php\/wp-json\/wp\/v2\/media?parent=40365"}],"wp:term":[{"taxonomy":"category","embeddable":true,"href":"https:\/\/politicosaldesnudo.com.mx\/index.php\/wp-json\/wp\/v2\/categories?post=40365"},{"taxonomy":"post_tag","embeddable":true,"href":"https:\/\/politicosaldesnudo.com.mx\/index.php\/wp-json\/wp\/v2\/tags?post=40365"}],"curies":[{"name":"wp","href":"https:\/\/api.w.org\/{rel}","templated":true}]}}