{"id":40446,"date":"2024-06-23T01:53:03","date_gmt":"2024-06-23T06:53:03","guid":{"rendered":"https:\/\/politicosaldesnudo.com.mx\/?p=40446"},"modified":"2024-06-23T01:53:03","modified_gmt":"2024-06-23T06:53:03","slug":"espana-eliminara-el-iva-del-aceite-de-oliva","status":"publish","type":"post","link":"https:\/\/politicosaldesnudo.com.mx\/index.php\/2024\/06\/23\/espana-eliminara-el-iva-del-aceite-de-oliva\/","title":{"rendered":"Espa\u00f1a eliminar\u00e1 el IVA del aceite de oliva"},"content":{"rendered":"<p><span style=\"font-size: 14pt;\">El gobierno espa\u00f1ol planea reducir a cero el tipo del impuesto sobre el valor agregado (IVA) del aceite de oliva a partir de julio, despu\u00e9s de que los precios al por mayor se triplicaran con creces debido a una grave sequ\u00eda en la regi\u00f3n sure\u00f1a Andaluc\u00eda, inform\u00f3 el Ministerio de Hacienda.<\/span><\/p>\n<p><span style=\"font-size: 14pt;\">Los precios del aceite de oliva se dispararon a niveles r\u00e9cord el a\u00f1o pasado, despu\u00e9s que la cosecha de aceitunas cayera en picado debido a una sequ\u00eda de dos a\u00f1os en Andaluc\u00eda, la mayor zona productora de un pa\u00eds que suele suministrar alrededor de 40 por ciento de la producci\u00f3n mundial.<\/span><\/p>\n<p><span style=\"font-size: 14pt;\">Los precios han bajado un poco este a\u00f1o, pero siguen rondando m\u00e1ximos hist\u00f3ricos.<\/span><\/p>\n<p><span style=\"font-size: 14pt;\">\u201cEsta medida tiene como objetivo proteger e incentivar el consumo del aceite de oliva, un producto saludable y cuyo precio se ha encarecido recientemente como resultado de la sequ\u00eda, entre otros motivos\u201d, dijo el ministerio en un comunicado, a\u00f1adiendo que la medida se aprobar\u00e1 el martes y entrar\u00e1 en vigor a partir del 1 de julio.<\/span><\/p>\n<p><span style=\"font-size: 14pt;\"><strong>Escalada de precios afecta la dieta de los espa\u00f1oles<\/strong><\/span><\/p>\n<p><span style=\"font-size: 14pt;\">La escalada del precio del aceite de oliva ha afectado a la vida cotidiana de los espa\u00f1oles, ya que es un alimento b\u00e1sico en la gastronom\u00eda del pa\u00eds.<\/span><\/p>\n<p><span style=\"font-size: 14pt;\">Las botellas de un litro de aceite de oliva extra virgen llegaron a costar 14.5 euros (equivalente a unos 15.77 d\u00f3lares y 272 pesos) en algunos supermercados a finales del a\u00f1o pasado, lo que propuls\u00f3 al aceite de oliva a la categor\u00eda de productos que los minoristas equipan con etiquetas de seguridad, junto con las bebidas espirituosas, los cosm\u00e9ticos y los electrodom\u00e9sticos.<\/span><\/p>\n<p><span style=\"font-size: 14pt;\">El a\u00f1o pasado, el gobierno ya hab\u00eda reducido el IVA del aceite de oliva de 10 por ciento original a 5 por ciento.<\/span><\/p>\n<p><span style=\"font-size: 14pt;\">Sin embargo, las abundantes lluvias ca\u00eddas en las \u00faltimas semanas en toda Espa\u00f1a son un buen augurio para la pr\u00f3xima campa\u00f1a ole\u00edcola, y los responsables del sector esperan que los precios bajen a principios del a\u00f1o que viene, ya que es probable que se recupere la oferta.<\/span><\/p>\n<p><span style=\"font-size: 14pt;\">Por otra parte, el gobierno ha anunciado que el aceite de oliva se considerar\u00e1 un alimento b\u00e1sico, por lo que se le aplicar\u00e1 un IVA reducido de 4 por ciento cuando se normalicen las condiciones del mercado. Sin embargo, no ha precisado por cu\u00e1nto tiempo se mantendr\u00e1 en el cero por ciento.<\/span><\/p>\n","protected":false},"excerpt":{"rendered":"<p>El gobierno espa\u00f1ol planea reducir a cero el tipo del impuesto sobre el valor agregado (IVA) del aceite de oliva<\/p>\n","protected":false},"author":4,"featured_media":40447,"comment_status":"closed","ping_status":"closed","sticky":false,"template":"","format":"standard","meta":{"colormag_page_container_layout":"default_layout","colormag_page_sidebar_layout":"default_layout","_jetpack_memberships_contains_paid_content":false,"footnotes":"","jetpack_publicize_message":"","jetpack_publicize_feature_enabled":true,"jetpack_social_post_already_shared":false,"jetpack_social_options":{"image_generator_settings":{"template":"highway","default_image_id":0,"font":"","enabled":false},"version":2}},"categories":[2050],"tags":[],"class_list":["post-40446","post","type-post","status-publish","format-standard","has-post-thumbnail","hentry","category-economia"],"jetpack_publicize_connections":[],"jetpack_featured_media_url":"https:\/\/i0.wp.com\/politicosaldesnudo.com.mx\/wp-content\/uploads\/2024\/06\/e886256467a2c82537ab53fa62721b7a.jpg?fit=639%2C426&ssl=1","jetpack-related-posts":[],"jetpack_sharing_enabled":true,"_links":{"self":[{"href":"https:\/\/politicosaldesnudo.com.mx\/index.php\/wp-json\/wp\/v2\/posts\/40446","targetHints":{"allow":["GET"]}}],"collection":[{"href":"https:\/\/politicosaldesnudo.com.mx\/index.php\/wp-json\/wp\/v2\/posts"}],"about":[{"href":"https:\/\/politicosaldesnudo.com.mx\/index.php\/wp-json\/wp\/v2\/types\/post"}],"author":[{"embeddable":true,"href":"https:\/\/politicosaldesnudo.com.mx\/index.php\/wp-json\/wp\/v2\/users\/4"}],"replies":[{"embeddable":true,"href":"https:\/\/politicosaldesnudo.com.mx\/index.php\/wp-json\/wp\/v2\/comments?post=40446"}],"version-history":[{"count":0,"href":"https:\/\/politicosaldesnudo.com.mx\/index.php\/wp-json\/wp\/v2\/posts\/40446\/revisions"}],"wp:featuredmedia":[{"embeddable":true,"href":"https:\/\/politicosaldesnudo.com.mx\/index.php\/wp-json\/wp\/v2\/media\/40447"}],"wp:attachment":[{"href":"https:\/\/politicosaldesnudo.com.mx\/index.php\/wp-json\/wp\/v2\/media?parent=40446"}],"wp:term":[{"taxonomy":"category","embeddable":true,"href":"https:\/\/politicosaldesnudo.com.mx\/index.php\/wp-json\/wp\/v2\/categories?post=40446"},{"taxonomy":"post_tag","embeddable":true,"href":"https:\/\/politicosaldesnudo.com.mx\/index.php\/wp-json\/wp\/v2\/tags?post=40446"}],"curies":[{"name":"wp","href":"https:\/\/api.w.org\/{rel}","templated":true}]}}