{"id":40449,"date":"2024-06-23T01:55:02","date_gmt":"2024-06-23T06:55:02","guid":{"rendered":"https:\/\/politicosaldesnudo.com.mx\/?p=40449"},"modified":"2024-06-23T01:55:02","modified_gmt":"2024-06-23T06:55:02","slug":"inflacion-lleva-a-minimos-historicos-el-consumo-de-carne-en-argentina","status":"publish","type":"post","link":"https:\/\/politicosaldesnudo.com.mx\/index.php\/2024\/06\/23\/inflacion-lleva-a-minimos-historicos-el-consumo-de-carne-en-argentina\/","title":{"rendered":"Inflaci\u00f3n lleva a m\u00ednimos hist\u00f3ricos el consumo de carne en Argentina"},"content":{"rendered":"<p><span style=\"font-size: 14pt;\">Famosos por sus extensos campos de ganado y sus asados, los argentinos est\u00e1n consumiendo la menor cantidad de carne bovina jam\u00e1s registrada, debido a una inflaci\u00f3n de tres d\u00edgitos y una recesi\u00f3n que ha obligado a los comensales a apretarse el cintur\u00f3n.<\/span><\/p>\n<p><span style=\"font-size: 14pt;\">El consumo de carne vacuna ha bajado casi 16 por ciento en lo que va del a\u00f1o, en una naci\u00f3n donde los cortes bovinos son una parte esencial del tejido social junto al f\u00fatbol y el mate.<\/span><\/p>\n<p><span style=\"font-size: 14pt;\">Muchos hogares argentinos tienen parrillas incorporadas donde se re\u00fanen las familias e incluso en las obras en construcci\u00f3n y en las protestas se puede ver a la gente acurrucarse alrededor de una parrilla improvisada para probar la carne.<\/span><\/p>\n<p><span style=\"font-size: 14pt;\">\u201cLa carne forma parte de la dieta argentina, es como si suprimieran las pastas para los italianos\u201d, dijo Claudia San Mart\u00edn, jubilada de 66 a\u00f1os, y agreg\u00f3 que estaba dispuesta a reducir el consumo de otras compras como en productos de limpieza, pero que la carne era sagrada.<\/span><\/p>\n<p><span style=\"font-size: 14pt;\">\u201cEl argentino puede suprimir cualquier cosa, creo yo, en tiempos as\u00ed de dif\u00edciles, pero la carne no\u201d, dijo a Reuters mientras esperaba en la fila de la carnicer\u00eda.<\/span><\/p>\n<p><span style=\"font-size: 14pt;\">Sin embargo, los \u00faltimos datos muestran que este a\u00f1o los argentinos comen carne de res a un ritmo de alrededor de 44 kilogramos per c\u00e1pita por a\u00f1o, lo que representa una brusca ca\u00edda frente a los 52 kilos del a\u00f1o pasado y los cien kilos de la d\u00e9cada de 1950.<\/span><\/p>\n<p><span style=\"font-size: 14pt;\">Una causa del declive obedece a un desplazamiento a largo plazo en las dietas hacia otras carnes como el cerdo y el pollo. Pero la ca\u00edda de este a\u00f1o es diferente, impulsada por una inflaci\u00f3n cercana a 300 por ciento y una econom\u00eda estancada en medio de duras medidas de austeridad adoptadas por el presidente ultraliberal Javier Milei.<\/span><\/p>\n<p><span style=\"font-size: 14pt;\">La pobreza ha aumentado, cada vez m\u00e1s personas se quedan sin hogar en las principales ciudades y las colas en los comedores populares rebalsan. Muchas familias han reducido el consumo de alimentos b\u00e1sicos como carne, leche y verduras para volcarse a productos m\u00e1s baratos como la pasta.<\/span><\/p>\n<p><span style=\"font-size: 14pt;\">\u201cEn este momento la situaci\u00f3n es tan cr\u00edtica que el consumidor decide por el bolsillo\u201d, dijo Miguel Schiariti, presidente de la c\u00e1mara local de la industria de carne CICCRA, y se\u00f1al\u00f3 que es probable que el consumo siga deprimido.<\/span><\/p>\n<p><span style=\"font-size: 14pt;\">\u201cEl poder adquisitivo de los ingresos viene deterior\u00e1ndose mes a mes\u201d, agreg\u00f3.<\/span><\/p>\n<p><span style=\"font-size: 14pt;\"><strong>Menos carne, m\u00e1s pasta<\/strong><\/span><\/p>\n<p><span style=\"font-size: 14pt;\">En las tierras agropecuarias, los ganaderos est\u00e1n sintiendo la presi\u00f3n.<\/span><\/p>\n<p><span style=\"font-size: 14pt;\">\u201cLa baja del consumo es preocupante\u201d, dijo Luis Marchi, de 48 a\u00f1os, ingeniero agr\u00f3nomo y tercera generaci\u00f3n al frente de una empresa agraria familiar que produce granos y ganado.<\/span><\/p>\n<p><span style=\"font-size: 14pt;\">\u201cEl consumo de carne viene bajando bastante fuerte este \u00faltimo tiempo\u201d, a\u00f1adi\u00f3, culpando a la inflaci\u00f3n y a la situaci\u00f3n econ\u00f3mica general en Argentina. \u201cEl consumidor trata de reemplazar la carne por alimentos m\u00e1s baratos, otro tipo de carnes o pastas\u201d.<\/span><\/p>\n<p><span style=\"font-size: 14pt;\">Otro ganadero, Guillermo Tramontini, de 53 a\u00f1os, dijo que los costos de los insumos hab\u00edan aumentado y que los rodeos se hab\u00edan visto afectados por la sequ\u00eda el a\u00f1o pasado.<\/span><\/p>\n<p><span style=\"font-size: 14pt;\">\u201cLa carne no es cara, pero el poder adquisitivo de la gente se ha reducido terriblemente\u201d, afirm\u00f3, a\u00f1adiendo que los agricultores tienen que tener cuidado con los gastos en inversiones para mantenerse a flote y evitar los despidos de sus trabajadores.<\/span><\/p>\n<p><span style=\"font-size: 14pt;\">A medida que el consumo local ca\u00eda, las exportaciones han aumentado, pero los bajos precios globales no han servido como impulso a los agricultores. El principal comprador de carne vacuna argentina es China, aunque importa cortes m\u00e1s baratos que no se consumen en el pa\u00eds austral.<\/span><\/p>\n<p><span style=\"font-size: 14pt;\">\u201cEl sector exportador est\u00e1 atravesando un momento muy complicado a pesar de que sigue exportando. Los precios en el mercado internacional realmente han ca\u00eddo mucho\u201d, dijo Schiariti.<\/span><\/p>\n<p><span style=\"font-size: 14pt;\">\u201c<strong>Cortes m\u00e1s baratos\u201d<\/strong><\/span><\/p>\n<p><span style=\"font-size: 14pt;\">En su carnicer\u00eda de Buenos Aires, donde ha trabajado durante 40 a\u00f1os, Gerardo Tomsin dijo que la gente todav\u00eda se acercaba a comprar carne, pero siempre en busca de ofertas.<\/span><\/p>\n<p><span style=\"font-size: 14pt;\">\u201cLa gente viene, sigue viniendo, el tema es que consume menos. Hay gente que se vuelca a otros productos, y es una b\u00fasqueda permanente de precios\u201d, afirm\u00f3 el carnicero de 61 a\u00f1os.<\/span><\/p>\n<p><span style=\"font-size: 14pt;\">La misma complicaci\u00f3n sufre Dar\u00edo Barrandeguy, un carnicero de 76 a\u00f1os, para quien los clientes compran \u201ccortes m\u00e1s baratos\u201d de carne bovina u otras menos caras.<\/span><\/p>\n<p><span style=\"font-size: 14pt;\">\u201cHa aumentado much\u00edsimo el consumo de carne de pollo y de carne de cerdo\u201d, afirm\u00f3.<\/span><\/p>\n<p><span style=\"font-size: 14pt;\">Milei, un economista que se autodenomina anarcocapitalista, puso fin al congelamiento de los precios de la carne vacuna impuesto por el anterior gobierno peronista de centroizquierda.<\/span><\/p>\n<p><span style=\"font-size: 14pt;\">\u201cLas cosas est\u00e1n muy caras y nosotros particularmente, cuando algo es muy caro, no lo compramos\u201d, dijo Facundo Reinal, un profesor de 41 a\u00f1os, quien agreg\u00f3 que la coyuntura econ\u00f3mica estaba afectando los rituales alrededor de la parrilla.<\/span><\/p>\n<p><span style=\"font-size: 14pt;\">\u201cVemos que en l\u00edneas generales la gente hace menos asados, que era una costumbre argentina muy habitual\u201d.<\/span><\/p>\n","protected":false},"excerpt":{"rendered":"<p>Famosos por sus extensos campos de ganado y sus asados, los argentinos est\u00e1n consumiendo la menor cantidad de carne bovina<\/p>\n","protected":false},"author":4,"featured_media":40450,"comment_status":"closed","ping_status":"closed","sticky":false,"template":"","format":"standard","meta":{"colormag_page_container_layout":"default_layout","colormag_page_sidebar_layout":"default_layout","_jetpack_memberships_contains_paid_content":false,"footnotes":"","jetpack_publicize_message":"","jetpack_publicize_feature_enabled":true,"jetpack_social_post_already_shared":false,"jetpack_social_options":{"image_generator_settings":{"template":"highway","default_image_id":0,"font":"","enabled":false},"version":2}},"categories":[2050],"tags":[],"class_list":["post-40449","post","type-post","status-publish","format-standard","has-post-thumbnail","hentry","category-economia"],"jetpack_publicize_connections":[],"jetpack_featured_media_url":"https:\/\/i0.wp.com\/politicosaldesnudo.com.mx\/wp-content\/uploads\/2024\/06\/images-32.jpg?fit=297%2C170&ssl=1","jetpack-related-posts":[],"jetpack_sharing_enabled":true,"_links":{"self":[{"href":"https:\/\/politicosaldesnudo.com.mx\/index.php\/wp-json\/wp\/v2\/posts\/40449","targetHints":{"allow":["GET"]}}],"collection":[{"href":"https:\/\/politicosaldesnudo.com.mx\/index.php\/wp-json\/wp\/v2\/posts"}],"about":[{"href":"https:\/\/politicosaldesnudo.com.mx\/index.php\/wp-json\/wp\/v2\/types\/post"}],"author":[{"embeddable":true,"href":"https:\/\/politicosaldesnudo.com.mx\/index.php\/wp-json\/wp\/v2\/users\/4"}],"replies":[{"embeddable":true,"href":"https:\/\/politicosaldesnudo.com.mx\/index.php\/wp-json\/wp\/v2\/comments?post=40449"}],"version-history":[{"count":0,"href":"https:\/\/politicosaldesnudo.com.mx\/index.php\/wp-json\/wp\/v2\/posts\/40449\/revisions"}],"wp:featuredmedia":[{"embeddable":true,"href":"https:\/\/politicosaldesnudo.com.mx\/index.php\/wp-json\/wp\/v2\/media\/40450"}],"wp:attachment":[{"href":"https:\/\/politicosaldesnudo.com.mx\/index.php\/wp-json\/wp\/v2\/media?parent=40449"}],"wp:term":[{"taxonomy":"category","embeddable":true,"href":"https:\/\/politicosaldesnudo.com.mx\/index.php\/wp-json\/wp\/v2\/categories?post=40449"},{"taxonomy":"post_tag","embeddable":true,"href":"https:\/\/politicosaldesnudo.com.mx\/index.php\/wp-json\/wp\/v2\/tags?post=40449"}],"curies":[{"name":"wp","href":"https:\/\/api.w.org\/{rel}","templated":true}]}}