{"id":40455,"date":"2024-06-23T11:36:18","date_gmt":"2024-06-23T16:36:18","guid":{"rendered":"https:\/\/politicosaldesnudo.com.mx\/?p=40455"},"modified":"2024-06-23T11:36:18","modified_gmt":"2024-06-23T16:36:18","slug":"vinculan-a-proceso-a-empresario-por-agresion-contra-periodista-de-poza-rica-veracruz","status":"publish","type":"post","link":"https:\/\/politicosaldesnudo.com.mx\/index.php\/2024\/06\/23\/vinculan-a-proceso-a-empresario-por-agresion-contra-periodista-de-poza-rica-veracruz\/","title":{"rendered":"Vinculan a proceso a empresario por agresi\u00f3n contra periodista de Poza Rica, Veracruz"},"content":{"rendered":"<div>\n<div id=\"content-body-225-12128199\">\n<p><span style=\"font-size: 14pt;\">Gonzalo \u00abH\u00bb, un empresario period\u00edstico del diario La Opini\u00f3n de Poza Rica,\u00a0fue vinculado a\u00a0proceso por los delitos de lesiones y amenazas en contra de Miguel\u00a0\u00c1ngel, subdirector del mismo peri\u00f3dico,\u00a0de acuerdo con la Fiscal\u00eda General de la Rep\u00fablica (FGR).<\/span><\/p>\n<p><span style=\"font-size: 14pt;\">La Fiscal\u00eda General de la Rep\u00fablica (FGR) se\u00f1ala que los agentes del ministerio p\u00fablico federal (MPF), adscriptos a la FEADLE, formularon la imputaci\u00f3n, por lo que el juez de control determin\u00f3 que los datos de prueba aportados eran suficientes para emitir vinculaci\u00f3n a proceso, pues se\u00f1ala que el\u00a0imputado presuntamente golpe\u00f3 a la v\u00edctima y le propin\u00f3 diversos golpes, derivado de su labor period\u00edstica.<\/span><\/p>\n<\/div>\n<\/div>\n<div>\n<div id=\"dfp-nota-1x3s\" data-google-query-id=\"CM3EgLOT8oYDFZmOywEdMVYKQA\">\n<div id=\"google_ads_iframe_\/2000002\/la-prensa\/mexico_nota_1x3_0__container__\">\n<div id=\"inArticle_1\">\n<div>\n<div>\n<div>\n<div><span style=\"font-size: 14pt;\">El juez de control otorg\u00f3 medidas de protecci\u00f3n para no acercarse a la v\u00edctima, adem\u00e1s, determin\u00f3 un plazo de investigaci\u00f3n complementaria de dos meses.<\/span><\/div>\n<\/div>\n<\/div>\n<\/div>\n<\/div>\n<\/div>\n<\/div>\n<\/div>\n<article>\n<div id=\"content-body-5851641-12128199\">\n<p><span style=\"font-size: 14pt;\">Asimismo, se\u00f1ala que por este caso la Fiscal\u00eda Especial para la Atenci\u00f3n de los Delitos Cometidos contra la Libertad de Expresi\u00f3n (FEADLE), determin\u00f3 ejercer la facultad de atracci\u00f3n contemplada en el art\u00edculo 21 del C\u00f3digo Nacional de procedimientos penales, privilegiando as\u00ed la investigaci\u00f3n de delitos cometidos por autoridades de cualquier nivel de gobierno en contra de la prensa.<\/span><\/p>\n<div>\n<div><\/div>\n<\/div>\n<p><span style=\"font-size: 14pt;\">Los hechos se remontan a marzo de 2023, cuando el subdirector del peri\u00f3dico La Opini\u00f3n de Poza Rica, Miguel \u00c1ngel fue agredido por Gonzalo \u201cN\u201d, exdirector de esa firma durante una diligencia laboral de extrabajadores de ese medio, quienes hab\u00edan ganado un juicio por despido injustificado.<\/span><\/p>\n<\/div>\n<\/article>\n","protected":false},"excerpt":{"rendered":"<p>Gonzalo \u00abH\u00bb, un empresario period\u00edstico del diario La Opini\u00f3n de Poza Rica,\u00a0fue vinculado a\u00a0proceso por los delitos de lesiones y<\/p>\n","protected":false},"author":4,"featured_media":40456,"comment_status":"closed","ping_status":"closed","sticky":false,"template":"","format":"standard","meta":{"colormag_page_container_layout":"default_layout","colormag_page_sidebar_layout":"default_layout","_jetpack_memberships_contains_paid_content":false,"footnotes":"","jetpack_publicize_message":"","jetpack_publicize_feature_enabled":true,"jetpack_social_post_already_shared":false,"jetpack_social_options":{"image_generator_settings":{"template":"highway","default_image_id":0,"font":"","enabled":false},"version":2}},"categories":[33],"tags":[],"class_list":["post-40455","post","type-post","status-publish","format-standard","has-post-thumbnail","hentry","category-nacional"],"jetpack_publicize_connections":[],"jetpack_featured_media_url":"https:\/\/i0.wp.com\/politicosaldesnudo.com.mx\/wp-content\/uploads\/2024\/06\/Patrulla-_-Policia-_-Detencion.jpg?fit=768%2C480&ssl=1","jetpack-related-posts":[],"jetpack_sharing_enabled":true,"_links":{"self":[{"href":"https:\/\/politicosaldesnudo.com.mx\/index.php\/wp-json\/wp\/v2\/posts\/40455","targetHints":{"allow":["GET"]}}],"collection":[{"href":"https:\/\/politicosaldesnudo.com.mx\/index.php\/wp-json\/wp\/v2\/posts"}],"about":[{"href":"https:\/\/politicosaldesnudo.com.mx\/index.php\/wp-json\/wp\/v2\/types\/post"}],"author":[{"embeddable":true,"href":"https:\/\/politicosaldesnudo.com.mx\/index.php\/wp-json\/wp\/v2\/users\/4"}],"replies":[{"embeddable":true,"href":"https:\/\/politicosaldesnudo.com.mx\/index.php\/wp-json\/wp\/v2\/comments?post=40455"}],"version-history":[{"count":0,"href":"https:\/\/politicosaldesnudo.com.mx\/index.php\/wp-json\/wp\/v2\/posts\/40455\/revisions"}],"wp:featuredmedia":[{"embeddable":true,"href":"https:\/\/politicosaldesnudo.com.mx\/index.php\/wp-json\/wp\/v2\/media\/40456"}],"wp:attachment":[{"href":"https:\/\/politicosaldesnudo.com.mx\/index.php\/wp-json\/wp\/v2\/media?parent=40455"}],"wp:term":[{"taxonomy":"category","embeddable":true,"href":"https:\/\/politicosaldesnudo.com.mx\/index.php\/wp-json\/wp\/v2\/categories?post=40455"},{"taxonomy":"post_tag","embeddable":true,"href":"https:\/\/politicosaldesnudo.com.mx\/index.php\/wp-json\/wp\/v2\/tags?post=40455"}],"curies":[{"name":"wp","href":"https:\/\/api.w.org\/{rel}","templated":true}]}}