{"id":40466,"date":"2024-06-23T11:46:17","date_gmt":"2024-06-23T16:46:17","guid":{"rendered":"https:\/\/politicosaldesnudo.com.mx\/?p=40466"},"modified":"2024-06-23T11:46:17","modified_gmt":"2024-06-23T16:46:17","slug":"caen-cornisa-y-arboles-en-tampico-por-remanentes-de-tormenta-alberto","status":"publish","type":"post","link":"https:\/\/politicosaldesnudo.com.mx\/index.php\/2024\/06\/23\/caen-cornisa-y-arboles-en-tampico-por-remanentes-de-tormenta-alberto\/","title":{"rendered":"Caen cornisa y \u00e1rboles en Tampico por remanentes de tormenta Alberto"},"content":{"rendered":"<div>\n<div id=\"content-body-225-12127978\">\n<p><span style=\"font-size: 14pt;\">El\u00a0temporal\u00a0que dej\u00f3 como remanente la tormenta \u00abAlberto\u00bb\u00a0ya origin\u00f3 la\u00a0ca\u00edda de una cornisa en la zona centro de Tampico, as\u00ed como de\u00a0\u00e1rboles, uno de ellos sobre una casa en la Colonia Magdalena Aguilar y otro sobre un auto en Infonavit, adem\u00e1s de varios\u00a0postes\u00a0en la country club y\u00a0encharcamientos\u00a0en diversas avenidas.<\/span><\/p>\n<p><span style=\"font-size: 14pt;\">Por lo menos son\u00a0600 elementos,\u00a0entre personal de\u00a0bomberos, protecci\u00f3n civil y la secretar\u00eda de servicios p\u00fablicos,\u00a0los que est\u00e1n realizando un recorrido por la ciudad para ir atendiendo los percances que se presentan por las lluvias que iniciaron desde la madrugada de este s\u00e1bado.<\/span><\/p>\n<p><span style=\"font-size: 14pt;\">Verifica PC ca\u00edda de cornisa y otros inmuebles en la zona centro<\/span><\/p>\n<\/div>\n<\/div>\n<article>\n<div id=\"content-body-5851641-12127978\">\n<p><span style=\"font-size: 14pt;\">El\u00a0secretario de Protecci\u00f3n Civil en Tampico, Pedro Romero S\u00e1nchez\u00a0mencion\u00f3 que afortunadamente\u00a0no se han registrado personas lesionadas\u00a0en todos estos incidentes, por lo que mantienen todav\u00eda una\u00a0vigilancia\u00a0constante por parte de tr\u00e1nsito y vialidad sobre todo en las zonas donde se ha presentado el\u00a0acumulamiento de agua.<\/span><\/p>\n<p><span style=\"font-size: 14pt;\">Menciona que fue aproximadamente a las 4 de la ma\u00f1ana de este s\u00e1bado cuando se report\u00f3 la ca\u00edda de una cornisa\u00a0en un local que se ubica sobre la calle aduana entre \u00c1lvaro Obreg\u00f3n y Tamaulipas\u00a0sin\u00a0que esto representara alguna\u00a0afectaci\u00f3n\u00a0a\u00a0una\u00a0persona\u00a0o pusiera en riesgo la estructura del inmueble.<\/span><\/p>\n<div>\n<div>\n<div><span style=\"font-size: 14pt;\">Menciona que los propietarios de este edificio se han encargado ya de ir demoliendo la estructura, para evitar que se tengan m\u00e1s riesgos, bajo la supervisi\u00f3n de los inspectores de\u00a0Protecci\u00f3n Civil,\u00a0sin que se haya reportado alguna otra falla en otro inmueble de la zona centro.<\/span><\/div>\n<\/div>\n<\/div>\n<div>\n<div><\/div>\n<div id=\"teads1\"><span style=\"font-size: 14pt;\">Canales desfogan sin obstrucciones, informa Servicios P\u00fablicos<\/span><\/div>\n<\/div>\n<p><span style=\"font-size: 14pt;\">Por separado el secretario de servicios p\u00fablicos, Jos\u00e9 Schecaiban, inform\u00f3 que\u00a0\u00e1rboles que han ca\u00eddo y obstru\u00edan vialidades,\u00a0en las colonias Magdaleno Aguilar, Jes\u00fas El\u00edas Pi\u00f1a y \u00c1guila, ya\u00a0han sido removidos,\u00a0sin que se reporten tampoco personas lesionadas por estos percances.<\/span><\/p>\n<div>\n<div>\n<div><span style=\"font-size: 14pt;\">Indic\u00f3 que los\u00a0canales a cielo abierto\u00a0en los distintos sectores de la ciudad han estado sin ninguna obstrucci\u00f3n y operando de forma continua, por lo que se espera que no se presenten mayores inundaciones al\u00a0seguir la lluvia\u00a0intermitente, lo que permite que siga fluyendo y desfogue como se tiene previsto.<\/span><\/div>\n<\/div>\n<\/div>\n<\/div>\n<\/article>\n","protected":false},"excerpt":{"rendered":"<p>El\u00a0temporal\u00a0que dej\u00f3 como remanente la tormenta \u00abAlberto\u00bb\u00a0ya origin\u00f3 la\u00a0ca\u00edda de una cornisa en la zona centro de Tampico, as\u00ed como<\/p>\n","protected":false},"author":4,"featured_media":40467,"comment_status":"closed","ping_status":"closed","sticky":false,"template":"","format":"standard","meta":{"colormag_page_container_layout":"default_layout","colormag_page_sidebar_layout":"default_layout","_jetpack_memberships_contains_paid_content":false,"footnotes":"","jetpack_publicize_message":"","jetpack_publicize_feature_enabled":true,"jetpack_social_post_already_shared":false,"jetpack_social_options":{"image_generator_settings":{"template":"highway","default_image_id":0,"font":"","enabled":false},"version":2}},"categories":[33],"tags":[],"class_list":["post-40466","post","type-post","status-publish","format-standard","has-post-thumbnail","hentry","category-nacional"],"jetpack_publicize_connections":[],"jetpack_featured_media_url":"https:\/\/i0.wp.com\/politicosaldesnudo.com.mx\/wp-content\/uploads\/2024\/06\/Se-cae-cornisa-en-negocio-de-Tampico.jpg?fit=696%2C437&ssl=1","jetpack-related-posts":[],"jetpack_sharing_enabled":true,"_links":{"self":[{"href":"https:\/\/politicosaldesnudo.com.mx\/index.php\/wp-json\/wp\/v2\/posts\/40466","targetHints":{"allow":["GET"]}}],"collection":[{"href":"https:\/\/politicosaldesnudo.com.mx\/index.php\/wp-json\/wp\/v2\/posts"}],"about":[{"href":"https:\/\/politicosaldesnudo.com.mx\/index.php\/wp-json\/wp\/v2\/types\/post"}],"author":[{"embeddable":true,"href":"https:\/\/politicosaldesnudo.com.mx\/index.php\/wp-json\/wp\/v2\/users\/4"}],"replies":[{"embeddable":true,"href":"https:\/\/politicosaldesnudo.com.mx\/index.php\/wp-json\/wp\/v2\/comments?post=40466"}],"version-history":[{"count":0,"href":"https:\/\/politicosaldesnudo.com.mx\/index.php\/wp-json\/wp\/v2\/posts\/40466\/revisions"}],"wp:featuredmedia":[{"embeddable":true,"href":"https:\/\/politicosaldesnudo.com.mx\/index.php\/wp-json\/wp\/v2\/media\/40467"}],"wp:attachment":[{"href":"https:\/\/politicosaldesnudo.com.mx\/index.php\/wp-json\/wp\/v2\/media?parent=40466"}],"wp:term":[{"taxonomy":"category","embeddable":true,"href":"https:\/\/politicosaldesnudo.com.mx\/index.php\/wp-json\/wp\/v2\/categories?post=40466"},{"taxonomy":"post_tag","embeddable":true,"href":"https:\/\/politicosaldesnudo.com.mx\/index.php\/wp-json\/wp\/v2\/tags?post=40466"}],"curies":[{"name":"wp","href":"https:\/\/api.w.org\/{rel}","templated":true}]}}