{"id":40475,"date":"2024-06-24T01:29:33","date_gmt":"2024-06-24T06:29:33","guid":{"rendered":"https:\/\/politicosaldesnudo.com.mx\/?p=40475"},"modified":"2024-06-24T01:29:33","modified_gmt":"2024-06-24T06:29:33","slug":"cae-consumo-de-carne-entre-los-argentinos","status":"publish","type":"post","link":"https:\/\/politicosaldesnudo.com.mx\/index.php\/2024\/06\/24\/cae-consumo-de-carne-entre-los-argentinos\/","title":{"rendered":"Cae consumo de carne entre los argentinos"},"content":{"rendered":"<div class=\"content-body clearfix \">\n<div id=\"content-body-225-12129629\">\n<p><span style=\"font-size: 14pt;\">Famosos por sus extensos campos de ganado y sus asados, los argentinos est\u00e1n consumiendo la menor cantidad de carne bovina jam\u00e1s registrada debido a una inflaci\u00f3n de tres d\u00edgitos y una recesi\u00f3n que ha obligado a los comensales a apretarse el cintur\u00f3n.<\/span><\/p>\n<p><span style=\"font-size: 14pt;\">El consumo de carne vacuna ha bajado casi 16 por ciento en lo que va del a\u00f1o en una naci\u00f3n donde los cortes bovinos son una parte esencial del tejido social junto al f\u00fatbol y el mate.<\/span><\/p>\n<\/div>\n<\/div>\n<article class=\"content-continued-body clearfix \">\n<div id=\"content-body-5851641-12129629\">\n<p><span style=\"font-size: 14pt;\">Muchos hogares argentinos tienen parrillas incorporadas donde se re\u00fanen las familias e incluso en las obras en construcci\u00f3n y en las protestas se puede ver a la gente acurrucarse alrededor de una parrilla improvisada para probar la carne.<\/span><\/p>\n<p><span style=\"font-size: 14pt;\">\u201cLa carne forma parte de la dieta argentina, es como si suprimieran las pastas para los italianos\u201d, dijo Claudia San Mart\u00edn, jubilada de 66 a\u00f1os, y agreg\u00f3 que estaba dispuesta a reducir el consumo de otras compras como en productos de limpieza, pero que la carne era sagrada.<\/span><\/p>\n<p><span style=\"font-size: 14pt;\">\u201cEl argentino puede suprimir cualquier cosa, creo yo, en tiempos as\u00ed de dif\u00edciles, pero la carne no\u201d, dijo mientras esperaba en la cola de la carnicer\u00eda.<\/span><\/p>\n<p><span style=\"font-size: 14pt;\">Sin embargo, los \u00faltimos datos muestran que este a\u00f1o los argentinos comen carne de res a un ritmo de alrededor de 44 kilogramos per c\u00e1pita por a\u00f1o, lo que representa una brusca ca\u00edda frente a los 52 kilos del a\u00f1o pasado y los 100 kilos de la d\u00e9cada de 1950.<\/span><\/p>\n<div class=\"mundo\nmedia \"><\/p>\n<div class=\"teaser \">\n<div class=\"img-container picture\">\n<div id=\"standard_4\" class=\"st-placement standard_4 inImageRestricted\">\n<div class=\"st-adunit st-adunit-tagged st-reset st-show\">\n<div class=\"st-adunit-ad st-reset\"><span style=\"font-size: 14pt;\">Una causa del declive obedece a un desplazamiento a largo plazo en las dietas hacia otras carnes como el cerdo y el pollo. Pero la ca\u00edda de este a\u00f1o es diferente, impulsada por una inflaci\u00f3n cercana al 300 por ciento y una econom\u00eda estancada en medio de duras medidas de austeridad adoptadas por el presidente Javier Milei.<\/span><\/div>\n<\/div>\n<\/div>\n<\/div>\n<\/div>\n<\/div>\n<p><span style=\"font-size: 14pt;\">La pobreza ha aumentado, cada vez m\u00e1s personas se quedan sin hogar en las principales ciudades y las colas en los comedores populares se saturan.<\/span><\/p>\n<p><span style=\"font-size: 14pt;\">Muchas familias han reducido el consumo de alimentos b\u00e1sicos como carne, leche y verduras para volcarse a productos m\u00e1s baratos como la pasta.<\/span><\/p>\n<p><span style=\"font-size: 14pt;\">\u201cEn este momento la situaci\u00f3n es tan cr\u00edtica que el consumidor decide por el bolsillo\u201d, dijo Miguel Schiariti, presidente de la c\u00e1mara local de la industria de carne CICCRA, y se\u00f1al\u00f3 que es probable que el consumo siga deprimido.<\/span><\/p>\n<p><span style=\"font-size: 14pt;\">\u201cEl poder adquisitivo de los ingresos viene deterior\u00e1ndose mes a mes\u201d. En las tierras agropecuarias, los ganaderos est\u00e1n sintiendo la presi\u00f3n.<\/span><\/p>\n<p><span style=\"font-size: 14pt;\">\u201cLa baja del consumo es preocupante\u201d, dijo Luis Marchi, de 48 a\u00f1os, ingeniero agr\u00f3nomo y tercera generaci\u00f3n al frente de una empresa agraria familiar que produce granos y ganado.<\/span><\/p>\n<p><span style=\"font-size: 14pt;\">\u201cLa carne no es cara, pero el poder adquisitivo de la gente se ha reducido terriblemente\u201d, afirm\u00f3 Guillermo Tramontini. otro granadero.<\/span><\/p>\n<p><span style=\"font-size: 14pt;\">A medida que el consumo local ca\u00eda, las exportaciones han aumentado, pero los bajos precios globales no han servido como impulso a los agricultores.<\/span><\/p>\n<\/div>\n<\/article>\n","protected":false},"excerpt":{"rendered":"<p>Famosos por sus extensos campos de ganado y sus asados, los argentinos est\u00e1n consumiendo la menor cantidad de carne bovina<\/p>\n","protected":false},"author":4,"featured_media":40476,"comment_status":"closed","ping_status":"closed","sticky":false,"template":"","format":"standard","meta":{"colormag_page_container_layout":"default_layout","colormag_page_sidebar_layout":"default_layout","_jetpack_memberships_contains_paid_content":false,"footnotes":"","jetpack_publicize_message":"","jetpack_publicize_feature_enabled":true,"jetpack_social_post_already_shared":false,"jetpack_social_options":{"image_generator_settings":{"template":"highway","default_image_id":0,"font":"","enabled":false},"version":2}},"categories":[28],"tags":[],"class_list":["post-40475","post","type-post","status-publish","format-standard","has-post-thumbnail","hentry","category-internacional"],"jetpack_publicize_connections":[],"jetpack_featured_media_url":"https:\/\/i0.wp.com\/politicosaldesnudo.com.mx\/wp-content\/uploads\/2024\/06\/imagen_61665.jpg?fit=1200%2C675&ssl=1","jetpack-related-posts":[],"jetpack_sharing_enabled":true,"_links":{"self":[{"href":"https:\/\/politicosaldesnudo.com.mx\/index.php\/wp-json\/wp\/v2\/posts\/40475","targetHints":{"allow":["GET"]}}],"collection":[{"href":"https:\/\/politicosaldesnudo.com.mx\/index.php\/wp-json\/wp\/v2\/posts"}],"about":[{"href":"https:\/\/politicosaldesnudo.com.mx\/index.php\/wp-json\/wp\/v2\/types\/post"}],"author":[{"embeddable":true,"href":"https:\/\/politicosaldesnudo.com.mx\/index.php\/wp-json\/wp\/v2\/users\/4"}],"replies":[{"embeddable":true,"href":"https:\/\/politicosaldesnudo.com.mx\/index.php\/wp-json\/wp\/v2\/comments?post=40475"}],"version-history":[{"count":0,"href":"https:\/\/politicosaldesnudo.com.mx\/index.php\/wp-json\/wp\/v2\/posts\/40475\/revisions"}],"wp:featuredmedia":[{"embeddable":true,"href":"https:\/\/politicosaldesnudo.com.mx\/index.php\/wp-json\/wp\/v2\/media\/40476"}],"wp:attachment":[{"href":"https:\/\/politicosaldesnudo.com.mx\/index.php\/wp-json\/wp\/v2\/media?parent=40475"}],"wp:term":[{"taxonomy":"category","embeddable":true,"href":"https:\/\/politicosaldesnudo.com.mx\/index.php\/wp-json\/wp\/v2\/categories?post=40475"},{"taxonomy":"post_tag","embeddable":true,"href":"https:\/\/politicosaldesnudo.com.mx\/index.php\/wp-json\/wp\/v2\/tags?post=40475"}],"curies":[{"name":"wp","href":"https:\/\/api.w.org\/{rel}","templated":true}]}}