{"id":40515,"date":"2024-06-24T02:03:51","date_gmt":"2024-06-24T07:03:51","guid":{"rendered":"https:\/\/politicosaldesnudo.com.mx\/?p=40515"},"modified":"2024-06-24T02:03:51","modified_gmt":"2024-06-24T07:03:51","slug":"hallan-sin-vida-a-desplazado-de-tila-que-estaba-desaparecido","status":"publish","type":"post","link":"https:\/\/politicosaldesnudo.com.mx\/index.php\/2024\/06\/24\/hallan-sin-vida-a-desplazado-de-tila-que-estaba-desaparecido\/","title":{"rendered":"Hallan sin vida a desplazado de Tila que estaba desaparecido"},"content":{"rendered":"<div>\n<div id=\"content-body-225-12131983\">\n<p><span style=\"font-size: 14pt;\">Luego de haber sido reportado como\u00a0desaparecido, Jos\u00e9 Rodrigo Mart\u00ednez Parcero, de 45 a\u00f1os de edad, uno de los\u00a0desplazados de Tila, Chiapas, fue\u00a0localizado sin vida\u00a0con se\u00f1as de\u00a0tortura\u00a0en el cuerpo.<\/span><\/p>\n<p><span style=\"font-size: 14pt;\">Familiares denunciaron la desaparici\u00f3n de Jos\u00e9 Rodrigo el pasado viernes alrededor de las 20:18 horas, y que fue visto por \u00faltima vez en el barrio Hospital municipio de Yajal\u00f3n, por lo que fue reportado como desaparecido, sin embargo, ya fue localizado sin vida.<\/span><\/p>\n<\/div>\n<\/div>\n<div>\n<div id=\"dfp-nota-1x3s\" data-google-query-id=\"CNTCs8zV84YDFc6gpgQdXKgLMA\">\n<div id=\"google_ads_iframe_\/2000002\/la-prensa\/mexico_nota_1x3_0__container__\">\n<div id=\"inArticle_1\">\n<div>\n<div>\n<div>\n<div><span style=\"font-size: 14pt;\">La fiscal\u00eda de justicia del estado de Chiapas, inform\u00f3 que el hallazgo ocurri\u00f3 en el basurero\u00a0ubicado en la localidad de Carrizal municipio de Tila, ubicada en la regi\u00f3n norte del estado de Chiapas, y que la fiscal\u00eda de justicia ind\u00edgena ya inici\u00f3 las\u00a0investigaciones\u00a0correspondientes.<\/span><\/div>\n<\/div>\n<\/div>\n<\/div>\n<\/div>\n<\/div>\n<\/div>\n<\/div>\n<article>\n<div id=\"content-body-5851641-12131983\">\n<div>\n<div>\n<div>\n<div id=\"standard_4\">\n<div>\n<div>\n<div>\n<div>\n<div><span style=\"font-size: 14pt;\">Al lugar de los hechos acudieron elementos de la Polic\u00eda de Investigaci\u00f3n adscrita a la Fiscal\u00eda de Justicia Ind\u00edgena y elementos de Servicios Periciales quienes confirmaron el hallazgo del cuerpo\u00a0que presentaba adem\u00e1s\u00a0lesiones por impactos de arma de fuego.\u00a0Tambi\u00e9n se hallaron en el lugar\u00a0casquillos\u00a0percutidos.<\/span><\/div>\n<\/div>\n<\/div>\n<\/div>\n<\/div>\n<\/div>\n<\/div>\n<\/div>\n<\/div>\n<p><span style=\"font-size: 14pt;\">Finalmente, las autoridades de la fiscal\u00eda aseveraron que luego de las diligencias practicadas, el cuerpo sin vida fue trasladado al descanso del\u00a0pante\u00f3n\u00a0municipal para realizar la\u00a0necropsia\u00a0de ley, mientras las autoridades iniciaron la carpeta de\u00a0investigaci\u00f3n\u00a0en contra de qui\u00e9n o qui\u00e9nes resultan\u00a0responsables\u00a0por el delito de homicidio cometido en agravio de Jos\u00e9 Rodrigo \u00abN\u00bb, en el municipio de Tila, Chiapas.<\/span><\/p>\n<\/div>\n<\/article>\n","protected":false},"excerpt":{"rendered":"<p>Luego de haber sido reportado como\u00a0desaparecido, Jos\u00e9 Rodrigo Mart\u00ednez Parcero, de 45 a\u00f1os de edad, uno de los\u00a0desplazados de Tila,<\/p>\n","protected":false},"author":4,"featured_media":40516,"comment_status":"closed","ping_status":"closed","sticky":false,"template":"","format":"standard","meta":{"colormag_page_container_layout":"default_layout","colormag_page_sidebar_layout":"default_layout","_jetpack_memberships_contains_paid_content":false,"footnotes":"","jetpack_publicize_message":"","jetpack_publicize_feature_enabled":true,"jetpack_social_post_already_shared":false,"jetpack_social_options":{"image_generator_settings":{"template":"highway","default_image_id":0,"font":"","enabled":false},"version":2}},"categories":[33],"tags":[],"class_list":["post-40515","post","type-post","status-publish","format-standard","has-post-thumbnail","hentry","category-nacional"],"jetpack_publicize_connections":[],"jetpack_featured_media_url":"https:\/\/i0.wp.com\/politicosaldesnudo.com.mx\/wp-content\/uploads\/2024\/06\/Desaparecido.jpg?fit=768%2C971&ssl=1","jetpack-related-posts":[],"jetpack_sharing_enabled":true,"_links":{"self":[{"href":"https:\/\/politicosaldesnudo.com.mx\/index.php\/wp-json\/wp\/v2\/posts\/40515","targetHints":{"allow":["GET"]}}],"collection":[{"href":"https:\/\/politicosaldesnudo.com.mx\/index.php\/wp-json\/wp\/v2\/posts"}],"about":[{"href":"https:\/\/politicosaldesnudo.com.mx\/index.php\/wp-json\/wp\/v2\/types\/post"}],"author":[{"embeddable":true,"href":"https:\/\/politicosaldesnudo.com.mx\/index.php\/wp-json\/wp\/v2\/users\/4"}],"replies":[{"embeddable":true,"href":"https:\/\/politicosaldesnudo.com.mx\/index.php\/wp-json\/wp\/v2\/comments?post=40515"}],"version-history":[{"count":0,"href":"https:\/\/politicosaldesnudo.com.mx\/index.php\/wp-json\/wp\/v2\/posts\/40515\/revisions"}],"wp:featuredmedia":[{"embeddable":true,"href":"https:\/\/politicosaldesnudo.com.mx\/index.php\/wp-json\/wp\/v2\/media\/40516"}],"wp:attachment":[{"href":"https:\/\/politicosaldesnudo.com.mx\/index.php\/wp-json\/wp\/v2\/media?parent=40515"}],"wp:term":[{"taxonomy":"category","embeddable":true,"href":"https:\/\/politicosaldesnudo.com.mx\/index.php\/wp-json\/wp\/v2\/categories?post=40515"},{"taxonomy":"post_tag","embeddable":true,"href":"https:\/\/politicosaldesnudo.com.mx\/index.php\/wp-json\/wp\/v2\/tags?post=40515"}],"curies":[{"name":"wp","href":"https:\/\/api.w.org\/{rel}","templated":true}]}}