{"id":4053,"date":"2022-04-18T02:31:33","date_gmt":"2022-04-18T07:31:33","guid":{"rendered":"https:\/\/politicosaldesnudo.com.mx\/?p=4053"},"modified":"2022-04-18T02:31:33","modified_gmt":"2022-04-18T07:31:33","slug":"politica-y-gobierno-en-conflicto","status":"publish","type":"post","link":"https:\/\/politicosaldesnudo.com.mx\/index.php\/2022\/04\/18\/politica-y-gobierno-en-conflicto\/","title":{"rendered":"Pol\u00edtica y gobierno en conflicto"},"content":{"rendered":"<p>&nbsp;<\/p>\n<p class=\"p1\"><span style=\"font-size: 14pt;\"><b>Por Ricardo Homs<span class=\"Apple-converted-space\">\u00a0<\/span><\/b><\/span><\/p>\n<p class=\"p1\"><span style=\"font-size: 14pt;\">No es lo mismo hacer pol\u00edtica que gobernar. Los activistas sociales generalmente no son buenos gobernantes.<\/span><\/p>\n<p class=\"p1\"><span style=\"font-size: 14pt;\">Parece ser que quienes hoy gobiernan M\u00e9xico no entienden que la administraci\u00f3n p\u00fablica es el alma de la gobernanza y su \u00fanico objetivo es alcanzar eficiencia y logros y, -por tanto-, necesita conocimientos y experiencia.<span class=\"Apple-converted-space\">\u00a0<\/span><\/span><\/p>\n<p class=\"p1\"><strong><span style=\"font-size: 14pt;\">En contraste, la pol\u00edtica simplemente moviliza a la sociedad y por ello requiere de grandes propagandistas.<span class=\"Apple-converted-space\">\u00a0<\/span><\/span><\/strong><\/p>\n<p class=\"p1\"><span style=\"font-size: 14pt;\">La improvisaci\u00f3n no tiene cabida en este mundo complejo y globalizado de hoy.<\/span><\/p>\n<p class=\"p1\"><span style=\"font-size: 14pt;\"><strong>La famosa frase del presidente Lu\u00eds Echeverr\u00eda de que <span class=\"s1\">\u201c<\/span>Hacienda se maneja desde Los Pinos\u201d es inaceptable el d\u00eda de hoy<\/strong>, pues en un mundo globalizado e interconectado, la econom\u00eda, -entre otros temas de la administraci\u00f3n p\u00fablica-, se transforma cada vez m\u00e1s en una actividad estrat\u00e9gica compleja.<\/span><\/p>\n<p class=\"p1\"><span style=\"font-size: 14pt;\">El grave problema que vivimos es que los cargos de la administraci\u00f3n p\u00fablica tradicionalmente se convierten en el bot\u00edn con el que se pagan m\u00e9ritos pol\u00edticos o compromisos de campa\u00f1a y por tanto, llegan a la administraci\u00f3n p\u00fablica personas incompetentes, que pretenden tomar decisiones que debiesen ser enfrentadas por funcionarios p\u00fablicos altamente especializados en cada uno de los temas. As\u00ed vemos que estos improvisados se comportan de forma caprichosa y autocr\u00e1tica, pues la soberbia del pol\u00edtico le hace suponer que el poder pol\u00edtico le otorga tambi\u00e9n sabidur\u00eda.<\/span><\/p>\n<blockquote>\n<p class=\"p1\"><span style=\"font-size: 14pt;\">A todas estas consideraciones expresadas debemos a\u00f1adir que el presidente L\u00f3pez Obrador se ha estado rodeando de muchos funcionarios incompetentes, cuyo \u00fanico m\u00e9rito es la lealtad ciega a su persona, aunque no tengan el m\u00ednimo de capacidades t\u00e9cnicas para enfrentar los retos profesionales del cargo asignado. Tambi\u00e9n, -por supuesto-, los hay brillantes y de gran trayectoria, pero son los menos.<\/span><\/p>\n<\/blockquote>\n<p class=\"p1\"><span style=\"font-size: 14pt;\">La habilitaci\u00f3n de funcionarios p\u00fablicos sin experiencia es notoria por su impacto en el agravamiento de los grandes problemas, como la violencia que crece de forma exorbitante, la desaparici\u00f3n de personas es alarmante, pues es un fen\u00f3meno social que ha rebasado las cifras de gobiernos anteriores. Ni siquiera la corrupci\u00f3n se ha frenado a\u00fan siendo un compromiso de campa\u00f1a, pues esta pr\u00e1ctica da\u00f1ina para el pa\u00eds no se combatir\u00e1 s\u00f3lo con buenas intenciones presidenciales, -e incluso-, ni con la m\u00e1s sana buena voluntad. Se combate la corrupci\u00f3n con un proyecto sistem\u00e1tico de control y adem\u00e1s, sanciones ejemplares, donde tambi\u00e9n sean castigados sus colaboradores cercanos, amigos y familiares si caen en la tentaci\u00f3n. <span class=\"Apple-converted-space\">\u00a0<\/span><\/span><\/p>\n<p class=\"p1\"><span style=\"font-size: 14pt;\">Por todo lo anterior, se debe rescatar la Ley del Servicio Profesional de Carrera en la Administraci\u00f3n P\u00fablica Federal, proyecto impulsado por el presidente Vicente Fox en 2003 y reformado por la C\u00e1mara de Diputados en 2006.<\/span><\/p>\n<p class=\"p1\"><span style=\"font-size: 14pt;\">Debemos reconocer que la visi\u00f3n funcional de la administraci\u00f3n p\u00fablica tradicional puede carecer de la sensibilidad humanista que garantice la equidad social y la protecci\u00f3n a los grupos vulnerables. Esta visi\u00f3n seguramente fue un gran pendiente de graves alcances que olvidaron los gobiernos anteriores, donde s\u00ed participaban grandes y reconocidos tecn\u00f3cratas. Sin embargo, siempre los extremos son igualmente da\u00f1inos y hoy con un exceso de pol\u00edtica y poca visi\u00f3n orientada a resultados, M\u00e9xico se enfrenta hacia un retroceso de casi 50 a\u00f1os, con grave impacto econ\u00f3mico y social.<span class=\"Apple-converted-space\">\u00a0<\/span><\/span><\/p>\n<p class=\"p1\"><strong><span style=\"font-size: 14pt;\">A final de cuentas el presidente L\u00f3pez Obrador prometi\u00f3 durante su campa\u00f1a resolver los grandes problemas del pa\u00eds. Sin embargo, nunca ha habido un proyecto operativo y funcional que sustente sus promesas y ante el fracaso, simplemente reparte culpas.<span class=\"Apple-converted-space\">\u00a0<\/span><\/span><\/strong><\/p>\n<p class=\"p1\"><span style=\"font-size: 14pt;\">Los grandes l\u00edderes generalmente se rodean de gente valiosa y experimentada que tiene mucho que aportar al pa\u00eds en el \u00e1mbito de su especialidad, pues opera con libertad de criterio. A final de cuentas, los m\u00e9ritos de los grandes equipos de trabajo se lo llevan los l\u00edderes carism\u00e1ticos.<\/span><\/p>\n<p class=\"p1\"><span style=\"font-size: 14pt;\">Los funcionarios p\u00fablicos m\u00e1s competentes de M\u00e9xico se deben dedicar a operar la maquinaria gubernamental y deben ser evaluados con la objetividad de sus logros y no con argumentos subjetivos.<\/span><\/p>\n<p class=\"p1\"><span style=\"font-size: 14pt;\">Tenemos como presidente a un gran l\u00edder que conecta con las mayor\u00edas, pero est\u00e1 solo en la operaci\u00f3n gubernamental porque \u00e9l se ha rodeado de colaboradores leales, &#8211; que no resuelven ni toman decisiones propias, pero canalizan las indicaciones del jefe-, quien lo mismo interviene en los temas econ\u00f3micos, que en los ambientales, o los de salud, o de seguridad p\u00fablica o incluso jur\u00eddicos, mientras un gran n\u00famero de subordinados asienten la cabeza o terminan siendo desacreditados p\u00fablicamente cuando toman una postura independiente, como le sucedi\u00f3 algunas veces al secretario de hacienda, Arturo Herrera, -que hay que reconocerlo-, contaba con la formaci\u00f3n profesional y experiencia para el cargo, despu\u00e9s de haber formado parte del equipo cercano del tambi\u00e9n secretario de hacienda, Carlos Urz\u00faa.<\/span><\/p>\n<p class=\"p1\"><span style=\"font-size: 14pt;\">Por tanto, \u00bfEs mucho pedir menos demagogia pol\u00edtica y mejores resultados de gobierno?<\/span><\/p>\n<p>&nbsp;<\/p>\n<p class=\"p1\"><span style=\"font-size: 18pt;\"><strong>\u00bfA usted qu\u00e9 le parece?<\/strong><\/span><\/p>\n<p>&nbsp;<\/p>\n<p class=\"p1\"><strong><span style=\"font-size: 14pt;\">Facebook:<a href=\"https:\/\/www.facebook.com\/Ricardo.Homs1\">@Ricardo.Homs1<\/a><\/span><\/strong><\/p>\n<p class=\"p1\"><strong><span style=\"font-size: 14pt;\">Twitter: <\/span><\/strong><a href=\"https:\/\/twitter.com\/homsricardo\"><strong><span style=\"font-size: 14pt;\">@homsricardo<\/span><\/strong><\/a><\/p>\n<p class=\"p1\"><strong><span style=\"font-size: 14pt;\">Linkedin: <a href=\"https:\/\/www.linkedin.com\/in\/ricardo-homs-3920449\/?originalSubdomain=mx\">RicardoHoms<\/a><\/span><\/strong><\/p>\n<p class=\"p1\"><a href=\"https:\/\/ricardohoms.com\/\"><strong><span style=\"font-size: 14pt;\">www.ricardohoms.com<\/span><\/strong><\/a><\/p>\n<p>&nbsp;<\/p>\n<p>&nbsp;<\/p>\n<p>&nbsp;<\/p>\n<p>&nbsp;<\/p>\n<p>&nbsp;<\/p>\n<p>&nbsp;<\/p>\n","protected":false},"excerpt":{"rendered":"<p>&nbsp; Por Ricardo Homs\u00a0 No es lo mismo hacer pol\u00edtica que gobernar. Los activistas sociales generalmente no son buenos gobernantes.<\/p>\n","protected":false},"author":4,"featured_media":3778,"comment_status":"closed","ping_status":"closed","sticky":false,"template":"","format":"standard","meta":{"colormag_page_container_layout":"default_layout","colormag_page_sidebar_layout":"default_layout","_jetpack_memberships_contains_paid_content":false,"footnotes":"","jetpack_publicize_message":"","jetpack_publicize_feature_enabled":true,"jetpack_social_post_already_shared":false,"jetpack_social_options":{"image_generator_settings":{"template":"highway","default_image_id":0,"font":"","enabled":false},"version":2}},"categories":[26],"tags":[],"class_list":["post-4053","post","type-post","status-publish","format-standard","has-post-thumbnail","hentry","category-columnistas"],"jetpack_publicize_connections":[],"jetpack_featured_media_url":"https:\/\/i0.wp.com\/politicosaldesnudo.com.mx\/wp-content\/uploads\/2022\/04\/RICARDO-HOMS.png?fit=1816%2C1016&ssl=1","jetpack-related-posts":[],"jetpack_sharing_enabled":true,"_links":{"self":[{"href":"https:\/\/politicosaldesnudo.com.mx\/index.php\/wp-json\/wp\/v2\/posts\/4053","targetHints":{"allow":["GET"]}}],"collection":[{"href":"https:\/\/politicosaldesnudo.com.mx\/index.php\/wp-json\/wp\/v2\/posts"}],"about":[{"href":"https:\/\/politicosaldesnudo.com.mx\/index.php\/wp-json\/wp\/v2\/types\/post"}],"author":[{"embeddable":true,"href":"https:\/\/politicosaldesnudo.com.mx\/index.php\/wp-json\/wp\/v2\/users\/4"}],"replies":[{"embeddable":true,"href":"https:\/\/politicosaldesnudo.com.mx\/index.php\/wp-json\/wp\/v2\/comments?post=4053"}],"version-history":[{"count":0,"href":"https:\/\/politicosaldesnudo.com.mx\/index.php\/wp-json\/wp\/v2\/posts\/4053\/revisions"}],"wp:featuredmedia":[{"embeddable":true,"href":"https:\/\/politicosaldesnudo.com.mx\/index.php\/wp-json\/wp\/v2\/media\/3778"}],"wp:attachment":[{"href":"https:\/\/politicosaldesnudo.com.mx\/index.php\/wp-json\/wp\/v2\/media?parent=4053"}],"wp:term":[{"taxonomy":"category","embeddable":true,"href":"https:\/\/politicosaldesnudo.com.mx\/index.php\/wp-json\/wp\/v2\/categories?post=4053"},{"taxonomy":"post_tag","embeddable":true,"href":"https:\/\/politicosaldesnudo.com.mx\/index.php\/wp-json\/wp\/v2\/tags?post=4053"}],"curies":[{"name":"wp","href":"https:\/\/api.w.org\/{rel}","templated":true}]}}