{"id":40550,"date":"2024-06-24T10:49:46","date_gmt":"2024-06-24T15:49:46","guid":{"rendered":"https:\/\/politicosaldesnudo.com.mx\/?p=40550"},"modified":"2024-06-24T10:49:46","modified_gmt":"2024-06-24T15:49:46","slug":"vaivenes-de-las-reformas-claudia-queria-gradualidad-amlo-dijo-no","status":"publish","type":"post","link":"https:\/\/politicosaldesnudo.com.mx\/index.php\/2024\/06\/24\/vaivenes-de-las-reformas-claudia-queria-gradualidad-amlo-dijo-no\/","title":{"rendered":"Vaivenes de las reformas: Claudia quer\u00eda gradualidad, AMLO dijo no"},"content":{"rendered":"<p><span style=\"font-size: 14pt;\">La primera conclusi\u00f3n es evidente:<\/span><\/p>\n<div class=\"__lxG__double __lxG__refreshing_block __lxG__not_empty_block\">\n<div id=\"lx_687605\" class=\"__lxG__multi __lxG__multi_lx_687605 __lxG__geo_mx __lxG__size_fixed __lxG__rendered_adx __lxG__not_empty_block\" data-cnt=\"1\" data-original-id=\"682486\" data-base-original-id=\"682485\" data-width=\"300\" data-height=\"250\">\n<div id=\"div-gpt-ad-22652427092-1\" data-google-query-id=\"CKe62Y3L9IYDFVUiswAd7VoA4g\">\n<div id=\"google_ads_iframe_\/45470634,22299178612\/clickio_area_687605_730x180_0__container__\"><span style=\"font-size: 14pt;\"><strong>Andr\u00e9s Manuel L\u00f3pez Obrador <\/strong>mandar\u00e1 hasta el d\u00eda \u00faltimo de septiembre y luego sabremos si le entrega el poder a\u00a0<strong>Claudia Sheinbaum<\/strong>.<\/span><\/div>\n<\/div>\n<\/div>\n<\/div>\n<p><span style=\"font-size: 14pt;\">Algo han traslucido los medios.<\/span><\/p>\n<p><span style=\"font-size: 14pt;\">La candidata presidencial ganadora pidi\u00f3 gradualidad y hasta propuso foros y esa mascarada llamada\u00a0<strong><em>parlamento abierto<\/em><\/strong>\u00a0para retrasar la aprobaci\u00f3n de las reformas.<\/span><\/p>\n<p><span style=\"font-size: 14pt;\">Pero\u00a0<strong>L\u00f3pez Obrador\u00a0<\/strong>no estuvo de acuerdo y orden\u00f3 a sus huestes en la C\u00e1mara de Diputados, comandadas por\u00a0<strong>Ignacio Mier<\/strong>, dictaminarlas en las pr\u00f3ximas semanas.<\/span><\/p>\n<p><span style=\"font-size: 14pt;\">Los proyectos deber\u00e1n estar listos a m\u00e1s tardar en agosto, \u00faltimo mes de la Legislatura LXV, a fin de aprobarla en septiembre pr\u00f3ximo, primero de la LXVI.<\/span><\/p>\n<p><span style=\"font-size: 14pt;\">Es decir,\u00a0<strong>L\u00f3pez Obrador\u00a0<\/strong>tom\u00f3 la determinaci\u00f3n y as\u00ed ser\u00e1: en compa\u00f1\u00eda del Congreso de la Uni\u00f3n, modificar\u00e1 gran parte de la estructura constitucional con severos da\u00f1os al Poder Judicial, el Estado de Derecho y la desaparici\u00f3n de \u00f3rganos aut\u00f3nomos de contrapeso.<\/span><\/p>\n<p><span style=\"font-size: 14pt;\"><strong>DISCREPANCIAS<\/strong><\/span><\/p>\n<p><span style=\"font-size: 14pt;\">Antes de seguir, una acotaci\u00f3n:<\/span><\/p>\n<p><span style=\"font-size: 14pt;\">Hay muchas coincidencias de\u00a0<strong>Claudia Sheinbaum\u00a0<\/strong>con\u00a0<strong>Andr\u00e9s Manuel L\u00f3pez\u00a0<\/strong>en torno a las dos docenas de iniciativas y en las 18 modificaciones anunciadas el 5 de febrero a la Constituci\u00f3n.<\/span><\/p>\n<p><span style=\"font-size: 14pt;\">El tema es de matices.<\/span><\/p>\n<p><span style=\"font-size: 14pt;\">La ganadora de las elecciones piensa en una gradualidad de forma y de fondo: calendarizar las discusiones y aprobaci\u00f3n quiz\u00e1 a lo largo del pr\u00f3ximo per\u00edodo ordinario, de septiembre a diciembre.<\/span><\/p>\n<p><span style=\"font-size: 14pt;\">A esa forma se agregar\u00eda el fondo: la reestructuraci\u00f3n del Poder Judicial no ser\u00eda en los t\u00e9rminos presentados -la instrucci\u00f3n presidencial es aprobarla sin modificar ni una coma-, sino con ajustes.<\/span><\/p>\n<div class=\"__lxG__double __lxG__mifu_empty_block __lxG__not_empty_block\">\n<div id=\"lx_687605\" class=\"__lxG__multi __lxG__multi_lx_687605 __lxG__geo_mx __lxG__size_fixed __lxG__rendered_adx __lxG__not_empty_block\" data-cnt=\"8\" data-original-id=\"682486\" data-base-original-id=\"682485\" data-width=\"300\" data-height=\"250\">\n<div id=\"div-gpt-ad-22652427092-8\" data-google-query-id=\"CMmP_5HL9IYDFXzzlAkdG5EJLg\">\n<div id=\"google_ads_iframe_\/45470634,22299178612\/clickio_area_687605_730x180_7__container__\"><span style=\"font-size: 14pt;\">Por ejemplo, para los cargos mayores -magistrados y ministros- postular s\u00f3lo a miembros del propio Poder Judicial pero con prestigio, comprobada honestidad y con experiencia.<\/span><\/div>\n<\/div>\n<\/div>\n<\/div>\n<p><span style=\"font-size: 14pt;\">Tambi\u00e9n estar\u00eda a favor de la rotaci\u00f3n a fin de no concentrar asuntos en un solo juzgado, tribunal o sala, pues ahora las decisiones se aglutinan en una persona, como sucedi\u00f3 con los amparos al AIFA y al Tren Maya.<\/span><\/p>\n<p><span style=\"font-size: 14pt;\"><strong>LOS MODERADOS<\/strong><\/span><\/p>\n<p><span style=\"font-size: 14pt;\">1.- Ante la orden terminante, falta ver qu\u00e9 puede hacer el pr\u00f3ximo gobierno.<\/span><\/p>\n<p><span style=\"font-size: 14pt;\">Por ejemplo, el coordinador de foros y futuro canciller\u00a0<strong>Juan Ram\u00f3n de la Fuente\u00a0<\/strong>promete negociaciones y buscar consensos tanto en el Poder Legislativo como en la vida nacional.<\/span><\/p>\n<div class=\"__lxG__double __lxG__mifu_empty_block __lxG__not_empty_block\">\n<div id=\"lx_687605\" class=\"__lxG__multi __lxG__multi_lx_687605 __lxG__geo_mx __lxG__size_fixed __lxG__rendered_adx __lxG__not_empty_block\" data-cnt=\"10\" data-original-id=\"682486\" data-base-original-id=\"682485\" data-width=\"300\" data-height=\"250\">\n<div id=\"div-gpt-ad-22652427092-10\" data-google-query-id=\"CILs1ZLL9IYDFdDxlAkdbc4L1g\">\n<div id=\"google_ads_iframe_\/45470634,22299178612\/clickio_area_687605_730x180_9__container__\"><span style=\"font-size: 14pt;\">Lo mismo han ofrecido <strong>Claudia Sheinbaum<\/strong>,\u00a0<strong>Rogelio Ram\u00edrez de la O\u00a0<\/strong>y\u00a0<strong>Marcelo Ebrard<\/strong>\u00a0a los empresarios extranjeros con el prop\u00f3sito de generarles confianza y atraer inversiones.<\/span><\/div>\n<\/div>\n<\/div>\n<\/div>\n<p><span style=\"font-size: 14pt;\">2.- En lo judicial, cabe tomar en cuenta la advertencia de la agencia antidrogas estadunidense, la DEA:<\/span><\/p>\n<p><span style=\"font-size: 14pt;\">Seg\u00fan el organismo de <strong>Greg Millard<\/strong>, el riesgo de abrir a elecciones libres a cualquier interesado facilitar\u00eda la intervenci\u00f3n de los narcotraficantes y en general del crimen organizado.<\/span><\/p>\n<p><span style=\"font-size: 14pt;\">Ellos impulsar\u00edan a sus propios abogados a cargos judiciales.<\/span><\/p>\n<p><span style=\"font-size: 14pt;\">Y 3.- El gobierno mexiquense tom\u00f3 una decisi\u00f3n atinada: involucrar a la ONU para crear un nuevo modelo de gesti\u00f3n del agua.<\/span><\/p>\n<p><span style=\"font-size: 14pt;\">Primero invit\u00f3 a\u00a0<strong>Pedro Arrojo<\/strong>, relator especial sobre Derechos Humanos al Agua Potable y al Saneamiento, quien en la centenaria Escuela Normal de Toluca llam\u00f3 a \u201chacer las paces con el agua y promover una gobernanza democr\u00e1tica con el vital l\u00edquido\u201d.<\/span><\/p>\n<p><span style=\"font-size: 14pt;\">Cu\u00e1nta falta nos hace.<\/span><\/p>\n","protected":false},"excerpt":{"rendered":"<p>La primera conclusi\u00f3n es evidente: Andr\u00e9s Manuel L\u00f3pez Obrador mandar\u00e1 hasta el d\u00eda \u00faltimo de septiembre y luego sabremos si<\/p>\n","protected":false},"author":4,"featured_media":38297,"comment_status":"closed","ping_status":"closed","sticky":false,"template":"","format":"standard","meta":{"colormag_page_container_layout":"default_layout","colormag_page_sidebar_layout":"default_layout","_jetpack_memberships_contains_paid_content":false,"footnotes":"","jetpack_publicize_message":"","jetpack_publicize_feature_enabled":true,"jetpack_social_post_already_shared":false,"jetpack_social_options":{"image_generator_settings":{"template":"highway","default_image_id":0,"font":"","enabled":false},"version":2}},"categories":[26],"tags":[],"class_list":["post-40550","post","type-post","status-publish","format-standard","has-post-thumbnail","hentry","category-columnistas"],"jetpack_publicize_connections":[],"jetpack_featured_media_url":"https:\/\/i0.wp.com\/politicosaldesnudo.com.mx\/wp-content\/uploads\/2024\/05\/TELEFONO-ROJO-2.jpg?fit=1816%2C1016&ssl=1","jetpack-related-posts":[],"jetpack_sharing_enabled":true,"_links":{"self":[{"href":"https:\/\/politicosaldesnudo.com.mx\/index.php\/wp-json\/wp\/v2\/posts\/40550","targetHints":{"allow":["GET"]}}],"collection":[{"href":"https:\/\/politicosaldesnudo.com.mx\/index.php\/wp-json\/wp\/v2\/posts"}],"about":[{"href":"https:\/\/politicosaldesnudo.com.mx\/index.php\/wp-json\/wp\/v2\/types\/post"}],"author":[{"embeddable":true,"href":"https:\/\/politicosaldesnudo.com.mx\/index.php\/wp-json\/wp\/v2\/users\/4"}],"replies":[{"embeddable":true,"href":"https:\/\/politicosaldesnudo.com.mx\/index.php\/wp-json\/wp\/v2\/comments?post=40550"}],"version-history":[{"count":0,"href":"https:\/\/politicosaldesnudo.com.mx\/index.php\/wp-json\/wp\/v2\/posts\/40550\/revisions"}],"wp:featuredmedia":[{"embeddable":true,"href":"https:\/\/politicosaldesnudo.com.mx\/index.php\/wp-json\/wp\/v2\/media\/38297"}],"wp:attachment":[{"href":"https:\/\/politicosaldesnudo.com.mx\/index.php\/wp-json\/wp\/v2\/media?parent=40550"}],"wp:term":[{"taxonomy":"category","embeddable":true,"href":"https:\/\/politicosaldesnudo.com.mx\/index.php\/wp-json\/wp\/v2\/categories?post=40550"},{"taxonomy":"post_tag","embeddable":true,"href":"https:\/\/politicosaldesnudo.com.mx\/index.php\/wp-json\/wp\/v2\/tags?post=40550"}],"curies":[{"name":"wp","href":"https:\/\/api.w.org\/{rel}","templated":true}]}}