{"id":40552,"date":"2024-06-24T16:57:06","date_gmt":"2024-06-24T21:57:06","guid":{"rendered":"https:\/\/politicosaldesnudo.com.mx\/?p=40552"},"modified":"2024-06-24T16:57:06","modified_gmt":"2024-06-24T21:57:06","slug":"dos-bocas-ahora-si-en-julio","status":"publish","type":"post","link":"https:\/\/politicosaldesnudo.com.mx\/index.php\/2024\/06\/24\/dos-bocas-ahora-si-en-julio\/","title":{"rendered":"\u00bfDos Bocas ahora si en julio?"},"content":{"rendered":"<ul>\n<li><span style=\"font-size: 14pt;\"><em><strong>Ya fue inaugurada por el presidente L\u00f3pez Obrador desde el 1 de julio del a\u00f1o 2022<\/strong><\/em><\/span><\/li>\n<li><span style=\"font-size: 14pt;\"><em><strong>Empezar\u00e1 a funcionar dos a\u00f1os despu\u00e9s de su inauguraci\u00f3n<\/strong><\/em><\/span><\/li>\n<li><span style=\"font-size: 14pt;\"><em><strong>320 mil millones se destinaron a la construcci\u00f3n de la Refiner\u00eda Olmeca<\/strong><\/em><\/span><\/li>\n<\/ul>\n<p><span style=\"font-size: 14pt;\"><strong>Por Miguel \u00c1ngel Cristiani G.<\/strong><\/span><\/p>\n<p><span style=\"font-size: 14pt;\">Aunque oficialmente ya fue inaugurada por el presidente Andr\u00e9s Manuel L\u00f3pez Obrador desde el 1 de julio del a\u00f1o 2022, la refiner\u00eda Dos Bocas \u201cOlmeca\u201d en Para\u00edso Tabasco, seg\u00fan anunci\u00f3 el director de PEMEX Octavio Romero Oropeza la semana pasada, ahora s\u00ed, va de nuevo, y empezar\u00e1 a operar a plena capacidad en el mes entrante de julio.<\/span><\/p>\n<p><span style=\"font-size: 14pt;\">Aquel 1\u00b0 de julio de 2022 se dijo \u201cEs un sue\u00f1o convertido en realidad\u201d, as\u00ed lo afirm\u00f3 el presidente Andr\u00e9s Manuel L\u00f3pez Obrador tras encabezar el corte de list\u00f3n inaugural de la Refiner\u00eda Dos Bocas \u201cOlmeca\u201d, y recorrer las instalaciones, donde inform\u00f3 a la poblaci\u00f3n que hoy inician los trabajos de prueba para que empiece a funcionar todo el conjunto de la planta.<\/span><\/p>\n<p><span style=\"font-size: 14pt;\">Dos a\u00f1os despu\u00e9s de su pomposa inauguraci\u00f3n, si no sucede otra cosa, empezar\u00e1 a funcionar la refiner\u00eda de Dos Bocas, uno de los proyectos magnos de la pol\u00edtica de la Cuarta Transformaci\u00f3n que fue encargado a la entonces secretaria de Energ\u00eda Roc\u00edo Nahle quien dej\u00f3 el cargo para venir a ser la gobernadora del estado de Veracruz.<\/span><\/p>\n<p><span style=\"font-size: 14pt;\">La Refiner\u00eda Olmeca en Dos Bocas, Tabasco, comenzar\u00e1 a operar a plena capacidad en julio, seg\u00fan afirm\u00f3 Octavio Romero Oropeza, director general de Petr\u00f3leos Mexicanos (Pemex). Durante el Congreso Mexicano del Petr\u00f3leo, Romero Oropeza explic\u00f3 que la refiner\u00eda comenzar\u00e1 a contribuir al balance de producci\u00f3n de gasolinas y di\u00e9sel en el segundo semestre de 2024.<\/span><\/p>\n<p><span style=\"font-size: 14pt;\">Aunque hay que aclarar de una buena vez, que Dos Bocas alcanzar\u00e1, en 2024, el 52% de su capacidad m\u00e1xima.<\/span><\/p>\n<p><span style=\"font-size: 14pt;\">Como es bien sabido, el inicio de la producci\u00f3n de la refiner\u00eda se ha venido posponiendo y posponiendo.<\/span><\/p>\n<p><span style=\"font-size: 14pt;\">Pero en su intervenci\u00f3n, Romero Oropeza detall\u00f3 el destino de los 952 mil millones de pesos otorgados a Pemex por la federaci\u00f3n.<\/span><\/p>\n<p><span style=\"font-size: 14pt;\">De este monto, 561 mil millones se utilizaron para el pago de la deuda de la empresa, lo que ha permitido reducir significativamente su deuda total.<\/span><\/p>\n<p><span style=\"font-size: 14pt;\">Adem\u00e1s, 320 mil millones se destinaron a la construcci\u00f3n de la Refiner\u00eda Olmeca.<\/span><\/p>\n<p><span style=\"font-size: 14pt;\">El director general de Pemex subray\u00f3 que estos fondos no se gastaron en gastos superfluos, sino en inversiones estrat\u00e9gicas para la empresa. La refiner\u00eda, una de las obras m\u00e1s importantes de la actual administraci\u00f3n, est\u00e1 preparada para entrar en operaci\u00f3n a plena capacidad, lo que marcar\u00e1 un hito en la producci\u00f3n de combustibles en M\u00e9xico.<\/span><\/p>\n<p><span style=\"font-size: 14pt;\">Esta nueva capacidad de producci\u00f3n es un paso importante hacia la autosuficiencia energ\u00e9tica del pa\u00eds, aline\u00e1ndose con los objetivos del gobierno federal de fortalecer la infraestructura energ\u00e9tica y reducir la dependencia de las importaciones de combustibles.<\/span><\/p>\n<p><span style=\"font-size: 14pt;\">La actual administraci\u00f3n desde el 2019 comprometi\u00f3 la construcci\u00f3n de la s\u00e9ptima refiner\u00eda de Pemex en el pa\u00eds con un costo m\u00e1ximo de 8,000 millones de d\u00f3lares, y su funcionamiento completo el 1 de julio de 2022, fecha en que el primer mandatario y su gabinete realizaron una ceremonia para cortar el list\u00f3n de las oficinas y las plantas de proceso, que hoy son 18, desconectadas entre s\u00ed.<\/span><\/p>\n<p><span style=\"font-size: 14pt;\">A inicios de mayo pasado, el gobierno volvi\u00f3 a retrasar el arranque de la nueva refiner\u00eda Olmeca, que a decir del presidente Andr\u00e9s Manuel L\u00f3pez Obrador, operar\u00e1 en junio de 2024 y lleva un costo de 18,816 millones de d\u00f3lares, monto que m\u00e1s que duplica el costo proyectado por la actual administraci\u00f3n.<\/span><\/p>\n","protected":false},"excerpt":{"rendered":"<p>Ya fue inaugurada por el presidente L\u00f3pez Obrador desde el 1 de julio del a\u00f1o 2022 Empezar\u00e1 a funcionar dos<\/p>\n","protected":false},"author":4,"featured_media":783,"comment_status":"closed","ping_status":"closed","sticky":false,"template":"","format":"standard","meta":{"colormag_page_container_layout":"default_layout","colormag_page_sidebar_layout":"default_layout","_jetpack_memberships_contains_paid_content":false,"footnotes":"","jetpack_publicize_message":"","jetpack_publicize_feature_enabled":true,"jetpack_social_post_already_shared":false,"jetpack_social_options":{"image_generator_settings":{"template":"highway","default_image_id":0,"font":"","enabled":false},"version":2}},"categories":[26],"tags":[],"class_list":["post-40552","post","type-post","status-publish","format-standard","has-post-thumbnail","hentry","category-columnistas"],"jetpack_publicize_connections":[],"jetpack_featured_media_url":"https:\/\/i0.wp.com\/politicosaldesnudo.com.mx\/wp-content\/uploads\/2021\/12\/CRISTIANI.png?fit=1816%2C1016&ssl=1","jetpack-related-posts":[],"jetpack_sharing_enabled":true,"_links":{"self":[{"href":"https:\/\/politicosaldesnudo.com.mx\/index.php\/wp-json\/wp\/v2\/posts\/40552","targetHints":{"allow":["GET"]}}],"collection":[{"href":"https:\/\/politicosaldesnudo.com.mx\/index.php\/wp-json\/wp\/v2\/posts"}],"about":[{"href":"https:\/\/politicosaldesnudo.com.mx\/index.php\/wp-json\/wp\/v2\/types\/post"}],"author":[{"embeddable":true,"href":"https:\/\/politicosaldesnudo.com.mx\/index.php\/wp-json\/wp\/v2\/users\/4"}],"replies":[{"embeddable":true,"href":"https:\/\/politicosaldesnudo.com.mx\/index.php\/wp-json\/wp\/v2\/comments?post=40552"}],"version-history":[{"count":0,"href":"https:\/\/politicosaldesnudo.com.mx\/index.php\/wp-json\/wp\/v2\/posts\/40552\/revisions"}],"wp:featuredmedia":[{"embeddable":true,"href":"https:\/\/politicosaldesnudo.com.mx\/index.php\/wp-json\/wp\/v2\/media\/783"}],"wp:attachment":[{"href":"https:\/\/politicosaldesnudo.com.mx\/index.php\/wp-json\/wp\/v2\/media?parent=40552"}],"wp:term":[{"taxonomy":"category","embeddable":true,"href":"https:\/\/politicosaldesnudo.com.mx\/index.php\/wp-json\/wp\/v2\/categories?post=40552"},{"taxonomy":"post_tag","embeddable":true,"href":"https:\/\/politicosaldesnudo.com.mx\/index.php\/wp-json\/wp\/v2\/tags?post=40552"}],"curies":[{"name":"wp","href":"https:\/\/api.w.org\/{rel}","templated":true}]}}