{"id":40554,"date":"2024-06-24T16:59:34","date_gmt":"2024-06-24T21:59:34","guid":{"rendered":"https:\/\/politicosaldesnudo.com.mx\/?p=40554"},"modified":"2024-06-24T16:59:34","modified_gmt":"2024-06-24T21:59:34","slug":"alto-a-la-reforma-judicial","status":"publish","type":"post","link":"https:\/\/politicosaldesnudo.com.mx\/index.php\/2024\/06\/24\/alto-a-la-reforma-judicial\/","title":{"rendered":"ALTO A LA REFORMA JUDICIAL"},"content":{"rendered":"<p><span style=\"font-size: 14pt;\">Como por todos resulta muy conocido existen saberes que se fundan en el conocimiento de uno, pero los hay tambi\u00e9n basados en el conocimiento ajeno. Hoy la Academia de Derecho Penal del Colegio Nacional de Abogados Foro de M\u00e9xico, A.C., se ve inclinada a aceptar la verdad que se deriva de la voluntad popular expresada mediante el voto que favoreci\u00f3 a Claudia Sheinbaum Pardo.<\/span><\/p>\n<p><span style=\"font-size: 14pt;\">En esta ocasi\u00f3n nuestro saber y voluntad result\u00f3 eminentemente contrariado, m\u00e1s no por ello, se tiene que dejar de reconocer el triunfo de Claudia Sheinbaum Pardo, quien result\u00f3 electa como la primera Presidenta Constitucional de los Estados Unidos Mexicanos. Nos atenemos entonces a la veracidad de ese resultado.<\/span><\/p>\n<p><span style=\"font-size: 14pt;\">De no entenderse bien que fue lo que pas\u00f3, a\u00fan sin reprochar el hecho, tenemos que aceptarlo, sabiendo que como los dem\u00e1s que votaron por ella, nos asiste a los opositores el sagrado derecho a exigir como los dem\u00e1s, limpieza y justicia en el manejo de la procuraci\u00f3n e impartici\u00f3n de la misma; en la elaboraci\u00f3n de leyes y en que \u00e9stas respondan al beneficio que M\u00e9xico requiere y no a los caprichos, ingeniosidades u ocurrencias de las autoridades. S\u00f3lo de esta manera tendremos una Naci\u00f3n justa.<\/span><\/p>\n<p><span style=\"font-size: 14pt;\">El Derecho, en opini\u00f3n del Ateneo de Estudios Jur\u00eddicos Penales del Colegio Nacional de Abogados Foro de M\u00e9xico, jam\u00e1s debe de ser politizado, sino aplicado de manera irrestricta para combatir y sancionar la corrupci\u00f3n, que no solo impera en el \u00e1mbito de procuraci\u00f3n e impartici\u00f3n de justicia, sino tambi\u00e9n ello deshonra a gobernantes actuales y pasados.<\/span><\/p>\n<p><span style=\"font-size: 14pt;\">A la justicia y a la pol\u00edtica la mancharon con antelaci\u00f3n diversos gobernantes del neoliberalismo y de la Cuarta Transformaci\u00f3n de la Rep\u00fablica; Claudia Sheinbaum Pardo, como Primera Magistrada de la Naci\u00f3n, no debe ni puede hacerse c\u00f3mplice de ello; de esa situaci\u00f3n de poder aberrante e injusto, ella en su calidad de Poder Ejecutivo Federal no debe de tolerarlo, de permitirlo, debe basada en la ley sancionarlo. Pero ello no se logra aplicando, atentando o persiguiendo al Poder Judicial Federal con unas reformas que da\u00f1ar\u00edan la integridad de la Separaci\u00f3n de Poderes, de la justicia, de los justiciables y de todos aquellos jueces, magistrados y ministros que por m\u00e9rito propio alcanzaron sus nombramientos.<\/span><\/p>\n<p><span style=\"font-size: 14pt;\">Claudia Sheinbaum Pardo, debe de reconsiderar la in\u00fatil reforma judicial propuesta por la terquedad de Andr\u00e9s Manuel L\u00f3pez Obrador, de lo contrario su gobernanza ser\u00eda deleznable y dar\u00eda continuidad a una insana pol\u00edtica de desaparecer al Poder Judicial de la Federaci\u00f3n.<\/span><\/p>\n<p><span style=\"font-size: 14pt;\">No al voto popular, ni a la exigencia de tener \u00f3rganos jurisdiccionales incompetentes y serviles, nuestros jueces, magistrados y ministros de la Suprema Corte de Justicia de la Naci\u00f3n deben de someterse a concursos de conocimientos, ello es el m\u00e1s \u00f3ptimo sistema para tener servidores p\u00fablicos dignos, doctos y eficientes.<\/span><\/p>\n<p><span style=\"font-size: 14pt;\">Hay jueces, magistrados y ministros de la Suprema Corte de Justicia de la Naci\u00f3n de mucha val\u00eda, los cuales de siempre se han distinguido por su entrega a la justicia. Existen otros, los menos, corruptos e ignorantes, a ellos hay que investigarlos, sentenciarlos y encarcelarlos, pero no con esa pretendida reforma, sino con la aplicaci\u00f3n del C\u00f3digo Penal Federal.<\/span><\/p>\n<p><span style=\"font-size: 14pt;\">A diferencia de Andr\u00e9s Manuel L\u00f3pez Obrador, la abogac\u00eda independiente de la Naci\u00f3n espera que la futura Presidenta Constitucional de los Estados Unidos Mexicanos, si act\u00fae en beneficio de la justicia y de M\u00e9xico.<\/span><\/p>\n<p><span style=\"font-size: 14pt;\">Es cu\u00e1nto.<\/span><\/p>\n<p><span style=\"font-size: 14pt;\">Lic. Alberto Woolrich Ort\u00edz.<\/span><\/p>\n","protected":false},"excerpt":{"rendered":"<p>Como por todos resulta muy conocido existen saberes que se fundan en el conocimiento de uno, pero los hay tambi\u00e9n<\/p>\n","protected":false},"author":4,"featured_media":3845,"comment_status":"closed","ping_status":"closed","sticky":false,"template":"","format":"standard","meta":{"colormag_page_container_layout":"default_layout","colormag_page_sidebar_layout":"default_layout","_jetpack_memberships_contains_paid_content":false,"footnotes":"","jetpack_publicize_message":"","jetpack_publicize_feature_enabled":true,"jetpack_social_post_already_shared":false,"jetpack_social_options":{"image_generator_settings":{"template":"highway","default_image_id":0,"font":"","enabled":false},"version":2}},"categories":[26],"tags":[],"class_list":["post-40554","post","type-post","status-publish","format-standard","has-post-thumbnail","hentry","category-columnistas"],"jetpack_publicize_connections":[],"jetpack_featured_media_url":"https:\/\/i0.wp.com\/politicosaldesnudo.com.mx\/wp-content\/uploads\/2022\/04\/CABEZAL-ALBERTO-WOOD.png?fit=1816%2C1016&ssl=1","jetpack-related-posts":[],"jetpack_sharing_enabled":true,"_links":{"self":[{"href":"https:\/\/politicosaldesnudo.com.mx\/index.php\/wp-json\/wp\/v2\/posts\/40554","targetHints":{"allow":["GET"]}}],"collection":[{"href":"https:\/\/politicosaldesnudo.com.mx\/index.php\/wp-json\/wp\/v2\/posts"}],"about":[{"href":"https:\/\/politicosaldesnudo.com.mx\/index.php\/wp-json\/wp\/v2\/types\/post"}],"author":[{"embeddable":true,"href":"https:\/\/politicosaldesnudo.com.mx\/index.php\/wp-json\/wp\/v2\/users\/4"}],"replies":[{"embeddable":true,"href":"https:\/\/politicosaldesnudo.com.mx\/index.php\/wp-json\/wp\/v2\/comments?post=40554"}],"version-history":[{"count":0,"href":"https:\/\/politicosaldesnudo.com.mx\/index.php\/wp-json\/wp\/v2\/posts\/40554\/revisions"}],"wp:featuredmedia":[{"embeddable":true,"href":"https:\/\/politicosaldesnudo.com.mx\/index.php\/wp-json\/wp\/v2\/media\/3845"}],"wp:attachment":[{"href":"https:\/\/politicosaldesnudo.com.mx\/index.php\/wp-json\/wp\/v2\/media?parent=40554"}],"wp:term":[{"taxonomy":"category","embeddable":true,"href":"https:\/\/politicosaldesnudo.com.mx\/index.php\/wp-json\/wp\/v2\/categories?post=40554"},{"taxonomy":"post_tag","embeddable":true,"href":"https:\/\/politicosaldesnudo.com.mx\/index.php\/wp-json\/wp\/v2\/tags?post=40554"}],"curies":[{"name":"wp","href":"https:\/\/api.w.org\/{rel}","templated":true}]}}