{"id":40609,"date":"2024-06-25T08:54:29","date_gmt":"2024-06-25T13:54:29","guid":{"rendered":"https:\/\/politicosaldesnudo.com.mx\/?p=40609"},"modified":"2024-06-25T08:54:29","modified_gmt":"2024-06-25T13:54:29","slug":"fernandez-norona-demanda-a-morena-la-coordinacion-del-senado","status":"publish","type":"post","link":"https:\/\/politicosaldesnudo.com.mx\/index.php\/2024\/06\/25\/fernandez-norona-demanda-a-morena-la-coordinacion-del-senado\/","title":{"rendered":"Fern\u00e1ndez Noro\u00f1a demanda a Morena la coordinaci\u00f3n del Senado"},"content":{"rendered":"<div>\n<div id=\"content-body-225-12138372\">\n<p><span style=\"font-size: 14pt;\">Gerardo Fern\u00e1ndez Noro\u00f1a, diputado del Partido del Trabajo (PT),\u00a0demand\u00f3 que se le de la coordinaci\u00f3n de la bancada de Morena en el Senado\u00a0de la Rep\u00fablica, como se acord\u00f3 entre las seis \u00abcorcholatas\u00bb de la Cuarta Transformaci\u00f3n durante el proceso interno para la selecci\u00f3n del candidato presidencial.<\/span><\/p>\n<p><span style=\"font-size: 14pt;\">Mediante una transmisi\u00f3n en YouTube,\u00a0Fernandez Noro\u00f1a reclam\u00f3 que es su derecho ocupar la coordinaci\u00f3n de Morena\u00a0en el Senado, debido a que\u00a0logr\u00f3 el tercer lugar en la encuesta interna\u00a0para la selecci\u00f3n de candidato presidencial.<\/span><\/p>\n<\/div>\n<\/div>\n<div>\n<div id=\"dfp-nota-1x3s\" data-google-query-id=\"CLWrp5fz9oYDFUKvywEdvsIIdw\">\n<div id=\"google_ads_iframe_\/2000002\/la-prensa\/mexico_nota_1x3_0__container__\">\n<div id=\"inArticle_1\">\n<div>\n<div>\n<div>\n<div><span style=\"font-size: 14pt;\">En palabras del diputado del PT, como Marcelo Ebrard opt\u00f3 por una secretar\u00eda en el gabinete de Claudia Sheinbaum, \u00e9l queda en tercer lugar y, que \u201ccomo qued\u00f3 vacante la coordinaci\u00f3n del Senado, pues yo\u00a0tengo derecho a aspirar a ella\u201d.<\/span><\/div>\n<\/div>\n<\/div>\n<\/div>\n<\/div>\n<\/div>\n<\/div>\n<\/div>\n<article>\n<div id=\"content-body-5851641-12138372\">\n<p><span style=\"font-size: 14pt;\">Dicen que le corresponde a Ad\u00e1n Augusto, no es cierto. Al cuarto lugar no le toca una senadur\u00eda pluri, eso le toca al quinto. Gerardo Fern\u00e1ndez Noro\u00f1a.<\/span><\/p>\n<div>\n<div id=\"teads1\"><span style=\"font-size: 14pt;\">Fern\u00e1ndez Noro\u00f1a reclam\u00f3\u00a0que tras los resultados de la encuesta para elegir al Coordinador de los Comit\u00e9s para la Defensa de la 4T, se le\u00a0otorgue\u00a0a\u00a0Ad\u00e1n Augusto y Ricardo Monreal\u00a0las\u00a0coordinaciones de las bancadas de Morena, pese a que \u00e9l se ubic\u00f3 en cuarto lugar.<\/span><\/div>\n<\/div>\n<p><span style=\"font-size: 14pt;\">Yo qued\u00e9 en cuarto lugar, y entonces Ad\u00e1n Augusto le toca coordinar el Senado, \u00bfy por qu\u00e9 Ricardo Monreal que qued\u00f3 en \u00faltimo va a coordinar la C\u00e1mara de Diputados, alguien expl\u00edqueme eso?.Gerardo Fern\u00e1ndez Noro\u00f1a.<\/span><\/p>\n<p><span style=\"font-size: 14pt;\">Fern\u00e1ndez Noro\u00f1a pide realizar encuesta para definir coordinaci\u00f3n del Senado<\/span><\/p>\n<p><span style=\"font-size: 14pt;\">Ante este escenario, Fernandez Noro\u00f1a plante\u00f3 que se\u00a0realice una nueva encuesta para definir la coordinaci\u00f3n del Senado, luego que ambos resultaron electos como legisladores plurinominales en la C\u00e1mara Alta.<\/span><\/p>\n<p><span style=\"font-size: 14pt;\">Yo estoy planteando, puedo formalizar la propuesta de que se elija por encuesta.Gerardo Fern\u00e1ndez Noro\u00f1a.<\/span><\/p>\n<p><span style=\"font-size: 14pt;\">Tambi\u00e9n, arremeti\u00f3 en contra de L\u00f3pez Hern\u00e1ndez y Monreal. Del primero record\u00f3 que cometi\u00f3 excesos en la contrataci\u00f3n de publicidad y, del segundo expres\u00f3 que muy \u201cdesprestigiado\u201d al proceso interno.<\/span><\/p>\n<p><span style=\"font-size: 14pt;\">Finalmente, dijo que aunque le hagan \u201cuna mala jugada\u201d no va a claudicar en el Movimiento ni regatear\u00e1 su respaldo a Sheinbaum Pardo, mientras record\u00f3 que hace cuatro a\u00f1os sus propios compa\u00f1eros en la 4T le dieron la espalda para que presidiera la Mesa Directiva de San L\u00e1zaro.<\/span><\/p>\n<section>\n<article>\n<div>\n<div>\n<div id=\"standard_2\">\n<div><span style=\"font-size: 14pt;\">Fern\u00e1ndez Noro\u00f1a es un compa\u00f1ero de primer\u00edsima: Sheinbaum<\/span><\/div>\n<\/div>\n<\/div>\n<\/div>\n<\/article>\n<\/section>\n<p><span style=\"font-size: 14pt;\">Ante los reproches, Claudia Sheinbaum, virtual presidenta electa, dijo que la gente quiere mucho al Fern\u00e1ndez Noro\u00f1a y subray\u00f3 que es una persona de primera.<\/span><\/p>\n<p><span style=\"font-size: 14pt;\">Fern\u00e1ndez Noro\u00f1a es un compa\u00f1ero de primer\u00edsima, aparte del cari\u00f1o como compa\u00f1ero de lucha, pues tenemos un cari\u00f1o persona.\u00a0Claudia Sheinbaum.<\/span><\/p>\n<p><span style=\"font-size: 14pt;\">No obstante la pr\u00f3xima presidenta de M\u00e9xico dijo que en su momento va a platicar con Noro\u00f1a para aclarar las cosas.<\/span><\/p>\n<p><span style=\"font-size: 14pt;\">\u201cGerardo va a seguir jugando un papel muy importante en el movimiento, de concientizaci\u00f3n, de formaci\u00f3n. La gente quiere much\u00edsimo Gerardo y ya voy a platicar con \u00e9l en su momento\u201d, indic\u00f3 Sheinbaum, mientras remarc\u00f3 que \u00e9l siempre tendr\u00e1 su respeto.<\/span><\/p>\n<\/div>\n<\/article>\n","protected":false},"excerpt":{"rendered":"<p>Gerardo Fern\u00e1ndez Noro\u00f1a, diputado del Partido del Trabajo (PT),\u00a0demand\u00f3 que se le de la coordinaci\u00f3n de la bancada de Morena<\/p>\n","protected":false},"author":4,"featured_media":40610,"comment_status":"closed","ping_status":"closed","sticky":false,"template":"","format":"standard","meta":{"colormag_page_container_layout":"default_layout","colormag_page_sidebar_layout":"default_layout","_jetpack_memberships_contains_paid_content":false,"footnotes":"","jetpack_publicize_message":"","jetpack_publicize_feature_enabled":true,"jetpack_social_post_already_shared":false,"jetpack_social_options":{"image_generator_settings":{"template":"highway","default_image_id":0,"font":"","enabled":false},"version":2}},"categories":[33],"tags":[],"class_list":["post-40609","post","type-post","status-publish","format-standard","has-post-thumbnail","hentry","category-nacional"],"jetpack_publicize_connections":[],"jetpack_featured_media_url":"https:\/\/i0.wp.com\/politicosaldesnudo.com.mx\/wp-content\/uploads\/2024\/06\/Norona.jpg?fit=1140%2C712&ssl=1","jetpack-related-posts":[],"jetpack_sharing_enabled":true,"_links":{"self":[{"href":"https:\/\/politicosaldesnudo.com.mx\/index.php\/wp-json\/wp\/v2\/posts\/40609","targetHints":{"allow":["GET"]}}],"collection":[{"href":"https:\/\/politicosaldesnudo.com.mx\/index.php\/wp-json\/wp\/v2\/posts"}],"about":[{"href":"https:\/\/politicosaldesnudo.com.mx\/index.php\/wp-json\/wp\/v2\/types\/post"}],"author":[{"embeddable":true,"href":"https:\/\/politicosaldesnudo.com.mx\/index.php\/wp-json\/wp\/v2\/users\/4"}],"replies":[{"embeddable":true,"href":"https:\/\/politicosaldesnudo.com.mx\/index.php\/wp-json\/wp\/v2\/comments?post=40609"}],"version-history":[{"count":0,"href":"https:\/\/politicosaldesnudo.com.mx\/index.php\/wp-json\/wp\/v2\/posts\/40609\/revisions"}],"wp:featuredmedia":[{"embeddable":true,"href":"https:\/\/politicosaldesnudo.com.mx\/index.php\/wp-json\/wp\/v2\/media\/40610"}],"wp:attachment":[{"href":"https:\/\/politicosaldesnudo.com.mx\/index.php\/wp-json\/wp\/v2\/media?parent=40609"}],"wp:term":[{"taxonomy":"category","embeddable":true,"href":"https:\/\/politicosaldesnudo.com.mx\/index.php\/wp-json\/wp\/v2\/categories?post=40609"},{"taxonomy":"post_tag","embeddable":true,"href":"https:\/\/politicosaldesnudo.com.mx\/index.php\/wp-json\/wp\/v2\/tags?post=40609"}],"curies":[{"name":"wp","href":"https:\/\/api.w.org\/{rel}","templated":true}]}}