{"id":40637,"date":"2024-06-26T13:57:14","date_gmt":"2024-06-26T18:57:14","guid":{"rendered":"https:\/\/politicosaldesnudo.com.mx\/?p=40637"},"modified":"2024-06-26T13:57:14","modified_gmt":"2024-06-26T18:57:14","slug":"se-realizo-en-tuxpan-el-taller-para-comites-de-participacion-ciudadana-en-materia-de-prevencion-social-de-la-violencia-y-la-delincuencia","status":"publish","type":"post","link":"https:\/\/politicosaldesnudo.com.mx\/index.php\/2024\/06\/26\/se-realizo-en-tuxpan-el-taller-para-comites-de-participacion-ciudadana-en-materia-de-prevencion-social-de-la-violencia-y-la-delincuencia\/","title":{"rendered":"Se realiz\u00f3 en Tuxpan el Taller para Comit\u00e9s de Participaci\u00f3n Ciudadana en Materia de Prevenci\u00f3n Social de la Violencia y la Delincuencia"},"content":{"rendered":"<p><strong><span style=\"font-size: 14pt;\">\u2022 Alcalde Jos\u00e9 Manuel Pozos Castro dio la bienvenida a alcaldesas y alcaldes de la regi\u00f3n, as\u00ed como a representantes de la SESCESP y el CEPREVIDE<\/span><\/strong><\/p>\n<p><span style=\"font-size: 14pt;\">El alcalde de Tuxpan, presidente de la Conferencia Nacional de Seguridad P\u00fablica Municipal y presidente de la Conferencia Estatal de Seguridad P\u00fablica Municipal, Lic. Jos\u00e9 Manuel Pozos Castro, particip\u00f3 junto con alcaldesas y alcaldes de la regi\u00f3n, en el Taller para Comit\u00e9s de Participaci\u00f3n Ciudadana en Materia de Prevenci\u00f3n Social de la Violencia y la Delincuencia, realizado por la Secretar\u00eda Ejecutiva del Sistema y del Consejo Estatal de Seguridad P\u00fablica y el CEPREVIDE.<\/span><\/p>\n<p><span style=\"font-size: 14pt;\">Tambi\u00e9n estuvieron presentes el Mtro. Miguel \u00c1ngel \u00c1lvarez Dorantes, coordinador de Vinculaci\u00f3n con Consejos Municipales de Seguridad P\u00fablica y Comit\u00e9s de Participaci\u00f3n Ciudadana; el Dr. Cirilo Garc\u00eda Luna, director general de coordinaci\u00f3n operativa del SESNSP y Secretario T\u00e9cnico de la Conferencia Nacional de Seguridad P\u00fablica Municipal, as\u00ed como el Mtro. Jos\u00e9 Manuel Jim\u00e9nez Mora, director de CEPREVIDE y el Lic. Eduardo Andrade Rocha, director de Asuntos Jur\u00eddicos del H. Ayuntamiento de Tuxpan.<\/span><\/p>\n<p><span style=\"font-size: 14pt;\">En su mensaje, Jos\u00e9 Manuel Pozos Castro mencion\u00f3 que el Taller de Comit\u00e9s de Participaci\u00f3n Ciudadana para la Prevenci\u00f3n Social de la Violencia y la Delincuencia es de suma importancia.<\/span><\/p>\n<p><span style=\"font-size: 14pt;\">Agreg\u00f3 que la participaci\u00f3n de la ciudadan\u00eda permitir\u00e1 realizar un diagn\u00f3stico preciso de la percepci\u00f3n de seguridad y dise\u00f1ar pol\u00edticas p\u00fablicas efectivas: \u201cSu inter\u00e9s y participaci\u00f3n en este tema son valiosos. Juntos estamos construyendo una regi\u00f3n m\u00e1s segura\u201d.<\/span><\/p>\n<p><span style=\"font-size: 14pt;\">El mandatario agradeci\u00f3 a la Secretar\u00eda Ejecutiva del Sistema y del Consejo Estatal de Seguridad P\u00fablica, y al Centro Estatal de Prevenci\u00f3n Social de la Violencia y la Delincuencia, con Participaci\u00f3n Ciudadana, por sumarse a las acciones de prevenci\u00f3n a trav\u00e9s de los municipios que conforman la regi\u00f3n.<\/span><\/p>\n<p><span style=\"font-size: 14pt;\">Por su parte, el Mtro. Miguel \u00c1lvarez Dorantes resalt\u00f3 el gran trabajo colaborativo que existe entre los tres niveles de gobierno, y detall\u00f3 que este taller es prioritario para el gobierno federal ya que fortalece la participaci\u00f3n ciudadana.<\/span><\/p>\n<p><span style=\"font-size: 14pt;\">\u201cLo que se busca es que ustedes tengan acceso a la informaci\u00f3n de las acciones que se van generando en estos planes, tales como la participaci\u00f3n ciudadana y la creaci\u00f3n de los diagn\u00f3sticos participativos, as\u00ed como un programa de acci\u00f3n comunitaria\u201d, concluy\u00f3.<\/span><\/p>\n<p><span style=\"font-size: 14pt;\">El d\u00eda de ma\u00f1ana los trabajos habr\u00e1n de continuar con un segundo taller para la Elaboraci\u00f3n del Programa Municipal en Prevenci\u00f3n Social de la Violencia y la Delincuencia.<\/span><\/p>\n","protected":false},"excerpt":{"rendered":"<p>\u2022 Alcalde Jos\u00e9 Manuel Pozos Castro dio la bienvenida a alcaldesas y alcaldes de la regi\u00f3n, as\u00ed como a representantes<\/p>\n","protected":false},"author":4,"featured_media":40638,"comment_status":"closed","ping_status":"closed","sticky":false,"template":"","format":"standard","meta":{"colormag_page_container_layout":"default_layout","colormag_page_sidebar_layout":"default_layout","_jetpack_memberships_contains_paid_content":false,"footnotes":"","jetpack_publicize_message":"","jetpack_publicize_feature_enabled":true,"jetpack_social_post_already_shared":false,"jetpack_social_options":{"image_generator_settings":{"template":"highway","default_image_id":0,"font":"","enabled":false},"version":2}},"categories":[3205,1082],"tags":[],"class_list":["post-40637","post","type-post","status-publish","format-standard","has-post-thumbnail","hentry","category-gobierno-tuxpan","category-tuxpan"],"jetpack_publicize_connections":[],"jetpack_featured_media_url":"https:\/\/i0.wp.com\/politicosaldesnudo.com.mx\/wp-content\/uploads\/2024\/06\/WhatsApp-Image-2024-06-25-at-8.56.57-PM.jpeg?fit=1137%2C787&ssl=1","jetpack-related-posts":[],"jetpack_sharing_enabled":true,"_links":{"self":[{"href":"https:\/\/politicosaldesnudo.com.mx\/index.php\/wp-json\/wp\/v2\/posts\/40637","targetHints":{"allow":["GET"]}}],"collection":[{"href":"https:\/\/politicosaldesnudo.com.mx\/index.php\/wp-json\/wp\/v2\/posts"}],"about":[{"href":"https:\/\/politicosaldesnudo.com.mx\/index.php\/wp-json\/wp\/v2\/types\/post"}],"author":[{"embeddable":true,"href":"https:\/\/politicosaldesnudo.com.mx\/index.php\/wp-json\/wp\/v2\/users\/4"}],"replies":[{"embeddable":true,"href":"https:\/\/politicosaldesnudo.com.mx\/index.php\/wp-json\/wp\/v2\/comments?post=40637"}],"version-history":[{"count":0,"href":"https:\/\/politicosaldesnudo.com.mx\/index.php\/wp-json\/wp\/v2\/posts\/40637\/revisions"}],"wp:featuredmedia":[{"embeddable":true,"href":"https:\/\/politicosaldesnudo.com.mx\/index.php\/wp-json\/wp\/v2\/media\/40638"}],"wp:attachment":[{"href":"https:\/\/politicosaldesnudo.com.mx\/index.php\/wp-json\/wp\/v2\/media?parent=40637"}],"wp:term":[{"taxonomy":"category","embeddable":true,"href":"https:\/\/politicosaldesnudo.com.mx\/index.php\/wp-json\/wp\/v2\/categories?post=40637"},{"taxonomy":"post_tag","embeddable":true,"href":"https:\/\/politicosaldesnudo.com.mx\/index.php\/wp-json\/wp\/v2\/tags?post=40637"}],"curies":[{"name":"wp","href":"https:\/\/api.w.org\/{rel}","templated":true}]}}