{"id":40643,"date":"2024-06-26T14:00:17","date_gmt":"2024-06-26T19:00:17","guid":{"rendered":"https:\/\/politicosaldesnudo.com.mx\/?p=40643"},"modified":"2024-06-26T14:00:17","modified_gmt":"2024-06-26T19:00:17","slug":"emprendedores-reportan-bajas-ventas","status":"publish","type":"post","link":"https:\/\/politicosaldesnudo.com.mx\/index.php\/2024\/06\/26\/emprendedores-reportan-bajas-ventas\/","title":{"rendered":"Emprendedores reportan bajas ventas"},"content":{"rendered":"<p><span style=\"font-size: 14pt;\">Este mes de junio en el puerto de Tuxpan diferentes ciudadanos que manejan\u00a0 emprendimientos, explicaron que no han podido repuntar sus ventas desde el fin de la celebraci\u00f3n del 10 de mayo.<\/span><\/p>\n<p><span style=\"font-size: 14pt;\">Esto debido a que no ha habido mayor demanda en sus productos pese a las temporadas presentadas como la reciente del D\u00eda del Padre.<\/span><\/p>\n<p><span style=\"font-size: 14pt;\">Asimismo, relataron que aunque sus expectativas era que durante la festividad del D\u00eda del Padre tuviera aunque sea la mitad de la venta que tuvieron el 10 de mayo, no lograron llegar ni al 40 p9r ciento de lo establecido y no han logrado aumentar la venta de sus productos pese a los esfuerzos de difusi\u00f3n de su mercanc\u00eda.<\/span><\/p>\n<p><span style=\"font-size: 14pt;\">Igualmente, explicaron que esperan tener buenas ventas para el per\u00edodo de graduaci\u00f3nes, ya que muchos ciudadanos deciden buscar padrinos de graduaci\u00f3n o regalar productos especiales y conmemorativos referente a dicha celebraci\u00f3n.<\/span><\/p>\n<p><span style=\"font-size: 14pt;\">Del mismo modo, manifestaron positividad ante la llegada de futuras festividades en lo que resta del a\u00f1o, ya que su prioridad sera buscar la manera de mantener actualizados sus productos para tener a sus clientes, as\u00ed como atraer a nuevos, ya que dependen econ\u00f3micamente de sus emprendimientos.<\/span><\/p>\n","protected":false},"excerpt":{"rendered":"<p>Este mes de junio en el puerto de Tuxpan diferentes ciudadanos que manejan\u00a0 emprendimientos, explicaron que no han podido repuntar<\/p>\n","protected":false},"author":4,"featured_media":40644,"comment_status":"closed","ping_status":"closed","sticky":false,"template":"","format":"standard","meta":{"colormag_page_container_layout":"default_layout","colormag_page_sidebar_layout":"default_layout","_jetpack_memberships_contains_paid_content":false,"footnotes":"","jetpack_publicize_message":"","jetpack_publicize_feature_enabled":true,"jetpack_social_post_already_shared":false,"jetpack_social_options":{"image_generator_settings":{"template":"highway","default_image_id":0,"font":"","enabled":false},"version":2}},"categories":[1082],"tags":[],"class_list":["post-40643","post","type-post","status-publish","format-standard","has-post-thumbnail","hentry","category-tuxpan"],"jetpack_publicize_connections":[],"jetpack_featured_media_url":"https:\/\/i0.wp.com\/politicosaldesnudo.com.mx\/wp-content\/uploads\/2024\/06\/Solo-van-seis-dias-del-mes-de-diciembre-y-los-colectivos-de-emprendedores-reportan-un-alza-en-sus-ventas.jpg?fit=1140%2C712&ssl=1","jetpack-related-posts":[],"jetpack_sharing_enabled":true,"_links":{"self":[{"href":"https:\/\/politicosaldesnudo.com.mx\/index.php\/wp-json\/wp\/v2\/posts\/40643","targetHints":{"allow":["GET"]}}],"collection":[{"href":"https:\/\/politicosaldesnudo.com.mx\/index.php\/wp-json\/wp\/v2\/posts"}],"about":[{"href":"https:\/\/politicosaldesnudo.com.mx\/index.php\/wp-json\/wp\/v2\/types\/post"}],"author":[{"embeddable":true,"href":"https:\/\/politicosaldesnudo.com.mx\/index.php\/wp-json\/wp\/v2\/users\/4"}],"replies":[{"embeddable":true,"href":"https:\/\/politicosaldesnudo.com.mx\/index.php\/wp-json\/wp\/v2\/comments?post=40643"}],"version-history":[{"count":0,"href":"https:\/\/politicosaldesnudo.com.mx\/index.php\/wp-json\/wp\/v2\/posts\/40643\/revisions"}],"wp:featuredmedia":[{"embeddable":true,"href":"https:\/\/politicosaldesnudo.com.mx\/index.php\/wp-json\/wp\/v2\/media\/40644"}],"wp:attachment":[{"href":"https:\/\/politicosaldesnudo.com.mx\/index.php\/wp-json\/wp\/v2\/media?parent=40643"}],"wp:term":[{"taxonomy":"category","embeddable":true,"href":"https:\/\/politicosaldesnudo.com.mx\/index.php\/wp-json\/wp\/v2\/categories?post=40643"},{"taxonomy":"post_tag","embeddable":true,"href":"https:\/\/politicosaldesnudo.com.mx\/index.php\/wp-json\/wp\/v2\/tags?post=40643"}],"curies":[{"name":"wp","href":"https:\/\/api.w.org\/{rel}","templated":true}]}}