{"id":40646,"date":"2024-06-26T14:01:31","date_gmt":"2024-06-26T19:01:31","guid":{"rendered":"https:\/\/politicosaldesnudo.com.mx\/?p=40646"},"modified":"2024-06-26T14:01:31","modified_gmt":"2024-06-26T19:01:31","slug":"potencial-de-lluvias-y-tormentas-aumentara-a-partir-del-viernes","status":"publish","type":"post","link":"https:\/\/politicosaldesnudo.com.mx\/index.php\/2024\/06\/26\/potencial-de-lluvias-y-tormentas-aumentara-a-partir-del-viernes\/","title":{"rendered":"Potencial de lluvias y tormentas aumentar\u00e1 a partir del viernes"},"content":{"rendered":"<p><span style=\"font-size: 14pt;\">De acuerdo al pron\u00f3stico meteorol\u00f3gico se mantienen las condiciones para lluvias y tormentas (actividad el\u00e9ctrica y r\u00e1fagas de viento) moderadas a fuertes en el estado el resto de la semana. Viento dominante del Noreste, Este y Sureste de 20 a 35 km\/h con rachas en zonas de tormenta.<\/span><\/p>\n<p><span style=\"font-size: 14pt;\">Se prev\u00e9 que el potencial de lluvias y tormentas aumente a partir de viernes con los m\u00e1ximos acumulados el fin de semana y lunes de la siguiente, debido a la cercan\u00eda y llegada de 94L, ya sea como disturbio u onda tropical.<\/span><\/p>\n<p><span style=\"font-size: 14pt;\">Finalmente los modelos de pron\u00f3stico indican para los siguientes siete d\u00edas temperatura media igual o por abajo del promedio y lluvia acumulada por arriba de la media. Por otra parte, los modelos clim\u00e1ticos indican un junio con ambiente m\u00e1s caluroso del promedio y una segunda quincena m\u00e1s lluviosa de lo normal; sin embargo, la acumulada en el mes se prev\u00e9 sea igual o inferior.<\/span><\/p>\n","protected":false},"excerpt":{"rendered":"<p>De acuerdo al pron\u00f3stico meteorol\u00f3gico se mantienen las condiciones para lluvias y tormentas (actividad el\u00e9ctrica y r\u00e1fagas de viento) moderadas<\/p>\n","protected":false},"author":4,"featured_media":40647,"comment_status":"closed","ping_status":"closed","sticky":false,"template":"","format":"standard","meta":{"colormag_page_container_layout":"default_layout","colormag_page_sidebar_layout":"default_layout","_jetpack_memberships_contains_paid_content":false,"footnotes":"","jetpack_publicize_message":"","jetpack_publicize_feature_enabled":true,"jetpack_social_post_already_shared":false,"jetpack_social_options":{"image_generator_settings":{"template":"highway","default_image_id":0,"font":"","enabled":false},"version":2}},"categories":[1082],"tags":[],"class_list":["post-40646","post","type-post","status-publish","format-standard","has-post-thumbnail","hentry","category-tuxpan"],"jetpack_publicize_connections":[],"jetpack_featured_media_url":"https:\/\/i0.wp.com\/politicosaldesnudo.com.mx\/wp-content\/uploads\/2024\/06\/Reporta-PC-Municipal-afectaciones-menores-por-lluvias-2048x1365-1.jpg?fit=1726%2C1304&ssl=1","jetpack-related-posts":[],"jetpack_sharing_enabled":true,"_links":{"self":[{"href":"https:\/\/politicosaldesnudo.com.mx\/index.php\/wp-json\/wp\/v2\/posts\/40646","targetHints":{"allow":["GET"]}}],"collection":[{"href":"https:\/\/politicosaldesnudo.com.mx\/index.php\/wp-json\/wp\/v2\/posts"}],"about":[{"href":"https:\/\/politicosaldesnudo.com.mx\/index.php\/wp-json\/wp\/v2\/types\/post"}],"author":[{"embeddable":true,"href":"https:\/\/politicosaldesnudo.com.mx\/index.php\/wp-json\/wp\/v2\/users\/4"}],"replies":[{"embeddable":true,"href":"https:\/\/politicosaldesnudo.com.mx\/index.php\/wp-json\/wp\/v2\/comments?post=40646"}],"version-history":[{"count":0,"href":"https:\/\/politicosaldesnudo.com.mx\/index.php\/wp-json\/wp\/v2\/posts\/40646\/revisions"}],"wp:featuredmedia":[{"embeddable":true,"href":"https:\/\/politicosaldesnudo.com.mx\/index.php\/wp-json\/wp\/v2\/media\/40647"}],"wp:attachment":[{"href":"https:\/\/politicosaldesnudo.com.mx\/index.php\/wp-json\/wp\/v2\/media?parent=40646"}],"wp:term":[{"taxonomy":"category","embeddable":true,"href":"https:\/\/politicosaldesnudo.com.mx\/index.php\/wp-json\/wp\/v2\/categories?post=40646"},{"taxonomy":"post_tag","embeddable":true,"href":"https:\/\/politicosaldesnudo.com.mx\/index.php\/wp-json\/wp\/v2\/tags?post=40646"}],"curies":[{"name":"wp","href":"https:\/\/api.w.org\/{rel}","templated":true}]}}