{"id":40652,"date":"2024-06-26T16:40:10","date_gmt":"2024-06-26T21:40:10","guid":{"rendered":"https:\/\/politicosaldesnudo.com.mx\/?p=40652"},"modified":"2024-06-26T16:40:10","modified_gmt":"2024-06-26T21:40:10","slug":"opera-la-rondine-de-puccini-osx-finaliza-temporada","status":"publish","type":"post","link":"https:\/\/politicosaldesnudo.com.mx\/index.php\/2024\/06\/26\/opera-la-rondine-de-puccini-osx-finaliza-temporada\/","title":{"rendered":"\u00d3pera \u201cLa Rondine\u201d de Puccini: OSX finaliza temporada"},"content":{"rendered":"<ul>\n<li><span style=\"font-size: 14pt;\">Participan 11 solistas y Coro de la Universidad Veracruzana<\/span><\/li>\n<li><span style=\"font-size: 14pt;\">100\u00b0 aniversario luctuoso de Giacomo Puccini<\/span><\/li>\n<\/ul>\n<p><span style=\"font-size: 14pt;\">La Orquesta Sinf\u00f3nica de Xalapa de la UV cierra con broche de oro la Temporada Uno de Conciertos 2024 con la \u00faltima \u00f3pera escrita por Giacomo Puccini en su 100\u00b0 Aniversario Luctuoso: \u201cLa Rondine\u201d (La Golondrina). Esta flamante producci\u00f3n musical que se llevar\u00e1 a cabo desde Tlaqn\u00e1, Centro Cultural, contar\u00e1 con la \u00f3pera en su versi\u00f3n de concierto, interpretada por la llamativa cantidad de 11 solistas y sus respectivos personajes: \u00abMagda\u00bb, Ang\u00e9lica Alejandre &#8211; \u00abLisette\u00bb, Siria P\u00e9rez &#8211; \u00abRuggero\u00bb, Gilberto Amaro &#8211; \u00abPrunier\u00bb, Enrique Guzm\u00e1n &#8211; \u00abRambaldo\u00bb, Armando Gama &#8211; \u00abP\u00e9richaud\u00bb, Alejandro Solano &#8211; \u00abGobin\u00bb, Enrique Segarra &#8211; \u00abCr\u00e9billon\u00bb, Izhar Poncelis &#8211; \u00abYvette\u00bb, Patricia Ivison &#8211; \u00abBianca\u00bb, Ivonne Reyes &#8211; \u00abSuzy\u00bb, Adriana Sanabria. Adem\u00e1s, participa el Coro de la Universidad Veracruzana bajo la direcci\u00f3n de Jorge C\u00f3zatl. Todos bajo la batuta de Martin Lebel, director concertador.<\/span><br \/>\n<span style=\"font-size: 14pt;\">Este gran concierto tendr\u00e1 lugar el viernes 28 de junio a las 20:00 h desde Tlaqn\u00e1, Centro Cultural.<\/span><\/p>\n<p><span style=\"font-size: 14pt;\">Considerado entre los m\u00e1s prol\u00edficos y famosos compositores de \u00f3pera y un implacable heredero de la tradici\u00f3n l\u00edrica italiana, \u201cLa Rondine\u201d o \u201cLa Golondrina\u201d supuso el \u00faltimo de los trabajos oper\u00edsticos de Giacomo Puccini, pues a\u00fan meses antes de morir segu\u00eda trabajando en esta inmortal pieza musical.<\/span><\/p>\n<p><span style=\"font-size: 14pt;\">Compuesta en 1917, cuenta la historia de Magda (Ang\u00e9lica Alejandre), una cortesana de la clase alta parisina, que por el d\u00eda sue\u00f1a despierta por conocer el amor y las noches la dedica como amante de Rambaldo (Armando Gama), un acaudalado hombre de sociedad. Dicho deseo se ve intensificado cuando el poeta Prunier (Enrique Guzm\u00e1n) le lee la palma de la mano para revelarle que, as\u00ed como la golondrina, le depara la felicidad si se emprende a un viaje al sur. En la presente \u00f3pera versi\u00f3n concierto, la audiencia podr\u00e1 esperar una exuberante orquestaci\u00f3n de las que destacan los duetos de amor entre Magda y Ruggero, llegado el punto \u00e1lgido del relato.<\/span><\/p>\n<p><span style=\"font-size: 14pt;\">Es considerada una de las grandes imperdibles para los fan\u00e1ticos del g\u00e9nero, por la capacidad de embelesar a los presentes a trav\u00e9s de la metr\u00f3polis parisina y la vida sencilla de la Riviera Francesa.Con similitudes a \u201cLa Traviata\u201d de Verdi, se trata de una experiencia jocosa y dram\u00e1tica; llena de sentimientos y melod\u00edas atractivas ambientada en d\u00edas del segundo imperio franc\u00e9s.<\/span><\/p>\n<p><span style=\"font-size: 14pt;\">Asiste a la Charla de Concierto OSX realizada desde la Sala Did\u00e1ctica de Tlaqn\u00e1, Centro Cultural los viernes de concierto, a las 19:00 h. La cual contar\u00e1 este viernes con la Mtra. Gabriela Beltr\u00e1n Ramos.<\/span><\/p>\n<p><span style=\"font-size: 14pt;\">Puedes comprar tus boletos en l\u00ednea en <a href=\"http:\/\/www.orquestasinfonicadexalapa.com\">http:\/\/www.orquestasinfonicadexalapa.com<\/a>, Tienda UV, Tienda UV Museo de Antropolog\u00eda y Taquilla Tlaqn\u00e1.<\/span><\/p>\n","protected":false},"excerpt":{"rendered":"<p>Participan 11 solistas y Coro de la Universidad Veracruzana 100\u00b0 aniversario luctuoso de Giacomo Puccini La Orquesta Sinf\u00f3nica de Xalapa<\/p>\n","protected":false},"author":4,"featured_media":40653,"comment_status":"closed","ping_status":"closed","sticky":false,"template":"","format":"standard","meta":{"colormag_page_container_layout":"default_layout","colormag_page_sidebar_layout":"default_layout","_jetpack_memberships_contains_paid_content":false,"footnotes":"","jetpack_publicize_message":"","jetpack_publicize_feature_enabled":true,"jetpack_social_post_already_shared":false,"jetpack_social_options":{"image_generator_settings":{"template":"highway","default_image_id":0,"font":"","enabled":false},"version":2}},"categories":[474],"tags":[],"class_list":["post-40652","post","type-post","status-publish","format-standard","has-post-thumbnail","hentry","category-cultura"],"jetpack_publicize_connections":[],"jetpack_featured_media_url":"https:\/\/i0.wp.com\/politicosaldesnudo.com.mx\/wp-content\/uploads\/2024\/06\/21.-Puccini-4838-scaled.jpg?fit=2560%2C1707&ssl=1","jetpack-related-posts":[],"jetpack_sharing_enabled":true,"_links":{"self":[{"href":"https:\/\/politicosaldesnudo.com.mx\/index.php\/wp-json\/wp\/v2\/posts\/40652","targetHints":{"allow":["GET"]}}],"collection":[{"href":"https:\/\/politicosaldesnudo.com.mx\/index.php\/wp-json\/wp\/v2\/posts"}],"about":[{"href":"https:\/\/politicosaldesnudo.com.mx\/index.php\/wp-json\/wp\/v2\/types\/post"}],"author":[{"embeddable":true,"href":"https:\/\/politicosaldesnudo.com.mx\/index.php\/wp-json\/wp\/v2\/users\/4"}],"replies":[{"embeddable":true,"href":"https:\/\/politicosaldesnudo.com.mx\/index.php\/wp-json\/wp\/v2\/comments?post=40652"}],"version-history":[{"count":0,"href":"https:\/\/politicosaldesnudo.com.mx\/index.php\/wp-json\/wp\/v2\/posts\/40652\/revisions"}],"wp:featuredmedia":[{"embeddable":true,"href":"https:\/\/politicosaldesnudo.com.mx\/index.php\/wp-json\/wp\/v2\/media\/40653"}],"wp:attachment":[{"href":"https:\/\/politicosaldesnudo.com.mx\/index.php\/wp-json\/wp\/v2\/media?parent=40652"}],"wp:term":[{"taxonomy":"category","embeddable":true,"href":"https:\/\/politicosaldesnudo.com.mx\/index.php\/wp-json\/wp\/v2\/categories?post=40652"},{"taxonomy":"post_tag","embeddable":true,"href":"https:\/\/politicosaldesnudo.com.mx\/index.php\/wp-json\/wp\/v2\/tags?post=40652"}],"curies":[{"name":"wp","href":"https:\/\/api.w.org\/{rel}","templated":true}]}}