{"id":40713,"date":"2024-06-27T08:01:59","date_gmt":"2024-06-27T13:01:59","guid":{"rendered":"https:\/\/politicosaldesnudo.com.mx\/?p=40713"},"modified":"2024-06-27T08:01:59","modified_gmt":"2024-06-27T13:01:59","slug":"en-una-decada-aumento-20-el-consumo-de-drogas-en-el-mundo-onudc","status":"publish","type":"post","link":"https:\/\/politicosaldesnudo.com.mx\/index.php\/2024\/06\/27\/en-una-decada-aumento-20-el-consumo-de-drogas-en-el-mundo-onudc\/","title":{"rendered":"En una d\u00e9cada aument\u00f3 20% el consumo de drogas en el mundo: ONUDC"},"content":{"rendered":"<div>\n<div id=\"content-body-225-12146163\">\n<p><span style=\"font-size: 14pt;\">A nivel mundial el\u00a0consumo de drogas\u00a0ha aumentado en un 20 por ciento en los \u00faltimos diez a\u00f1os revel\u00f3 esta ma\u00f1ana el informe Informe Mundial sobre las Drogas 2024 de la\u00a0Oficina de las Naciones Unidas contra la Droga y el Delito (UNODC), lo que represent\u00f3 un total de 292 millones de personas consumidoras de alguna sustancia psicotr\u00f3pica en m\u00e1s de cien pa\u00edses.<\/span><\/p>\n<p><span style=\"font-size: 14pt;\">Entre el surgimiento de nuevos opioides sint\u00e9ticos y de una oferta-demanda sin precedentes de otras drogas, se han agravado las repercusiones del problema mundial, provocando un aumento de los trastornos por su consumo, as\u00ed como los\u00a0da\u00f1os ambientales, seg\u00fan el informe presentado hoy por la UNODC.<\/span><\/p>\n<\/div>\n<\/div>\n<div>\n<div id=\"dfp-nota-1x3s\" data-google-query-id=\"CKbtyZjr-4YDFbSHywEdAG0GVA\">\n<div id=\"google_ads_iframe_\/2000002\/la-prensa\/mexico_nota_1x3_0__container__\">\n<div id=\"inArticle_1\">\n<div>\n<div>\n<div>\n<div><span style=\"font-size: 14pt;\">\u201cLa producci\u00f3n, el tr\u00e1fico y el uso de drogas siguen exacerbando la inestabilidad y la desigualdad, al tiempo que causan da\u00f1os incalculables a la salud, la seguridad y el bienestar de las personas\u201d, declar\u00f3 la Directora Ejecutiva de UNODC, Ghada Waly.<\/span><\/div>\n<\/div>\n<\/div>\n<\/div>\n<\/div>\n<\/div>\n<\/div>\n<\/div>\n<article>\n<div id=\"content-body-5851641-12146163\">\n<p><span style=\"font-size: 14pt;\">\u201cNecesitamos proporcionar tratamiento y apoyo basados en evidencia a todas las personas afectadas por el uso de drogas, mientras nos enfocamos en el mercado de las drogas il\u00edcitas e invertimos mucho m\u00e1s en prevenci\u00f3n\u201d, agreg\u00f3.<\/span><\/p>\n<p><span style=\"font-size: 14pt;\">De acuerdo con los datos expuestos en el informe, el n\u00famero de personas que usan drogas se aument\u00f3 a 292 millones en 2022, lo que representa un aumento del 20 por ciento en diez a\u00f1os. El\u00a0cannabis\u00a0sigue siendo la droga m\u00e1s consumida en todo el mundo, 228 millones de consumidores, de estos la mayor\u00eda de los consumidores tiene un rango de edad de 15 a 16 a\u00f1os.<\/span><\/p>\n<p><span style=\"font-size: 14pt;\">Le siguen los\u00a0opioides, 60 millones de consumidores; las\u00a0anfetaminas, 30 millones de consumidores;\u00a0coca\u00edna, 23 millones de consumidores, y \u00e9xtasis, 20 millones de consumidores; mientras que los nitazenos \u2014opioides sint\u00e9tico m\u00e1s potente que el\u00a0fentanilo\u2014 han surgido recientemente en varios pa\u00edses provocando un aumento en las muertes por sobredosis.<\/span><\/p>\n<p><span style=\"font-size: 14pt;\">El informe revel\u00f3 que hay 64 millones de personas en el mundo que sufren de trastornos por el uso de drogas, de las cuales solo una de cada 11 recibe tratamiento, pero las mujeres tienen menos acceso al tratamiento que los hombres: solo una de cada 18 mujeres con trastornos por consumo de drogas recibe tratamiento en comparaci\u00f3n con uno de cada siete hombres.<\/span><\/p>\n<p><span style=\"font-size: 14pt;\">En 2022, se estima que siete millones de personas tuvieron alg\u00fan contacto formal con la polic\u00eda (arrestos, amonestaciones, apercibimientos) por delitos\u00a0relacionados con las drogas, de los cuales cerca de dos tercios se debieron al uso o a la posesi\u00f3n de drogas para su consumo.<\/span><\/p>\n<p><span style=\"font-size: 14pt;\">Adem\u00e1s, se procesaron a 2.7 millones de personas por delitos relacionados con las drogas y m\u00e1s de 1.6 millones tuvieron una sentencia en todo el mundo en 2022, aunque hay diferencias significativas entre regiones en cuanto a la respuesta de la justicia penal a los delitos relacionados con las drogas.<\/span><\/p>\n<p><span style=\"font-size: 14pt;\">La mayor\u00eda de las personas que consumen estupefacientes provienen de comunidades marginadas y vulnerables, en las que los accesos educativos son muy bajos y la falta de empleo. Mientras que 13.9 millones de personas que consumen drogas inyectables viven con\u00a0VIH, Hepatitis E y C, seg\u00fan el informe revisado por El Sol de M\u00e9xico.<\/span><\/p>\n<p><span style=\"font-size: 14pt;\">La\u00a0ONUDC\u00a0destac\u00f3 que los\u00a0traficantes de drogas\u00a0se est\u00e1n diversificando hacia otras econom\u00edas il\u00edcitas, en particular el tr\u00e1fico de vida silvestre, el fraude financiero y la extracci\u00f3n ilegal de recursos.<\/span><\/p>\n<p><span style=\"font-size: 14pt;\">\u201cLas comunidades desplazadas, pobres y migrantes est\u00e1n sufriendo las consecuencias de esta inestabilidad, vi\u00e9ndose obligadas en ocasiones a recurrir al cultivo de opio o a la extracci\u00f3n ilegal de recursos para sobrevivir, cayendo en la trampa de endeudarse con grupos delictivos o en el autoconsumo de\u00a0drogas\u201d, se lee en el informe.<\/span><\/p>\n<p><span style=\"font-size: 14pt;\">Adem\u00e1s, agreg\u00f3 \u201cestas actividades il\u00edcitas tambi\u00e9n est\u00e1n contribuyendo a la degradaci\u00f3n ambiental mediante la deforestaci\u00f3n, el vertimiento de\u00a0desechos t\u00f3xicos\u00a0y la\u00a0contaminaci\u00f3n qu\u00edmica\u201d.<\/span><\/p>\n<\/div>\n<\/article>\n","protected":false},"excerpt":{"rendered":"<p>A nivel mundial el\u00a0consumo de drogas\u00a0ha aumentado en un 20 por ciento en los \u00faltimos diez a\u00f1os revel\u00f3 esta ma\u00f1ana [&hellip;]<\/p>\n","protected":false},"author":4,"featured_media":40714,"comment_status":"closed","ping_status":"closed","sticky":false,"template":"","format":"standard","meta":{"site-sidebar-layout":"default","site-content-layout":"","ast-site-content-layout":"default","site-content-style":"default","site-sidebar-style":"default","ast-global-header-display":"","ast-banner-title-visibility":"","ast-main-header-display":"","ast-hfb-above-header-display":"","ast-hfb-below-header-display":"","ast-hfb-mobile-header-display":"","site-post-title":"","ast-breadcrumbs-content":"","ast-featured-img":"","footer-sml-layout":"","ast-disable-related-posts":"","theme-transparent-header-meta":"","adv-header-id-meta":"","stick-header-meta":"","header-above-stick-meta":"","header-main-stick-meta":"","header-below-stick-meta":"","astra-migrate-meta-layouts":"default","ast-page-background-enabled":"default","ast-page-background-meta":{"desktop":{"background-color":"var(--ast-global-color-5)","background-image":"","background-repeat":"repeat","background-position":"center center","background-size":"auto","background-attachment":"scroll","background-type":"","background-media":"","overlay-type":"","overlay-color":"","overlay-opacity":"","overlay-gradient":""},"tablet":{"background-color":"","background-image":"","background-repeat":"repeat","background-position":"center center","background-size":"auto","background-attachment":"scroll","background-type":"","background-media":"","overlay-type":"","overlay-color":"","overlay-opacity":"","overlay-gradient":""},"mobile":{"background-color":"","background-image":"","background-repeat":"repeat","background-position":"center center","background-size":"auto","background-attachment":"scroll","background-type":"","background-media":"","overlay-type":"","overlay-color":"","overlay-opacity":"","overlay-gradient":""}},"ast-content-background-meta":{"desktop":{"background-color":"var(--ast-global-color-4)","background-image":"","background-repeat":"repeat","background-position":"center center","background-size":"auto","background-attachment":"scroll","background-type":"","background-media":"","overlay-type":"","overlay-color":"","overlay-opacity":"","overlay-gradient":""},"tablet":{"background-color":"var(--ast-global-color-4)","background-image":"","background-repeat":"repeat","background-position":"center center","background-size":"auto","background-attachment":"scroll","background-type":"","background-media":"","overlay-type":"","overlay-color":"","overlay-opacity":"","overlay-gradient":""},"mobile":{"background-color":"var(--ast-global-color-4)","background-image":"","background-repeat":"repeat","background-position":"center center","background-size":"auto","background-attachment":"scroll","background-type":"","background-media":"","overlay-type":"","overlay-color":"","overlay-opacity":"","overlay-gradient":""}},"_jetpack_newsletter_access":"","_jetpack_dont_email_post_to_subs":false,"_jetpack_newsletter_tier_id":0,"_jetpack_memberships_contains_paywalled_content":false,"_jetpack_feature_clip_id":0,"_jetpack_memberships_contains_paid_content":false,"footnotes":"","jetpack_publicize_message":"","jetpack_publicize_feature_enabled":true,"jetpack_social_post_already_shared":false,"jetpack_social_options":{"image_generator_settings":{"template":"highway","default_image_id":0,"font":"","enabled":false},"version":2},"jetpack_post_was_ever_published":false},"categories":[28],"tags":[],"class_list":["post-40713","post","type-post","status-publish","format-standard","has-post-thumbnail","hentry","category-internacional"],"yoast_head":"<!-- This site is optimized with the Yoast SEO plugin v28.3 - https:\/\/yoast.com\/product\/yoast-seo-wordpress\/ -->\n<title>En una d\u00e9cada aument\u00f3 20% el consumo de drogas en el mundo: ONUDC - Pol\u00edticos al Desnudo<\/title>\n<meta name=\"robots\" content=\"index, follow, max-snippet:-1, max-image-preview:large, max-video-preview:-1\" \/>\n<link rel=\"canonical\" href=\"https:\/\/politicosaldesnudo.com.mx\/index.php\/2024\/06\/27\/en-una-decada-aumento-20-el-consumo-de-drogas-en-el-mundo-onudc\/\" \/>\n<meta property=\"og:locale\" content=\"es_ES\" \/>\n<meta property=\"og:type\" content=\"article\" \/>\n<meta property=\"og:title\" content=\"En una d\u00e9cada aument\u00f3 20% el consumo de drogas en el mundo: ONUDC - Pol\u00edticos al Desnudo\" \/>\n<meta property=\"og:description\" content=\"A nivel mundial el\u00a0consumo de drogas\u00a0ha aumentado en un 20 por ciento en los \u00faltimos diez a\u00f1os revel\u00f3 esta ma\u00f1ana [&hellip;]\" \/>\n<meta property=\"og:url\" content=\"https:\/\/politicosaldesnudo.com.mx\/index.php\/2024\/06\/27\/en-una-decada-aumento-20-el-consumo-de-drogas-en-el-mundo-onudc\/\" \/>\n<meta property=\"og:site_name\" content=\"Pol\u00edticos al Desnudo\" \/>\n<meta property=\"article:publisher\" content=\"https:\/\/www.facebook.com\/PoliticosAD\" \/>\n<meta property=\"article:published_time\" content=\"2024-06-27T13:01:59+00:00\" \/>\n<meta property=\"og:image\" content=\"https:\/\/i0.wp.com\/politicosaldesnudo.com.mx\/wp-content\/uploads\/2024\/06\/El-ano-que-Mexico-despenalizo-todas-las-drogas-la-era-de-la-toxicomania.png?fit=1140%2C712&ssl=1\" \/>\n\t<meta property=\"og:image:width\" content=\"1140\" \/>\n\t<meta property=\"og:image:height\" content=\"712\" \/>\n\t<meta property=\"og:image:type\" content=\"image\/png\" \/>\n<meta name=\"author\" content=\"Redacci\u00f3n Pol\u00edticos\" \/>\n<meta name=\"twitter:card\" content=\"summary_large_image\" \/>\n<meta name=\"twitter:label1\" content=\"Escrito por\" \/>\n\t<meta name=\"twitter:data1\" content=\"Redacci\u00f3n Pol\u00edticos\" \/>\n\t<meta name=\"twitter:label2\" content=\"Tiempo de lectura\" \/>\n\t<meta name=\"twitter:data2\" content=\"3 minutos\" \/>\n<script type=\"application\/ld+json\" class=\"yoast-schema-graph\">{\"@context\":\"https:\\\/\\\/schema.org\",\"@graph\":[{\"@type\":\"Article\",\"@id\":\"https:\\\/\\\/politicosaldesnudo.com.mx\\\/index.php\\\/2024\\\/06\\\/27\\\/en-una-decada-aumento-20-el-consumo-de-drogas-en-el-mundo-onudc\\\/#article\",\"isPartOf\":{\"@id\":\"https:\\\/\\\/politicosaldesnudo.com.mx\\\/index.php\\\/2024\\\/06\\\/27\\\/en-una-decada-aumento-20-el-consumo-de-drogas-en-el-mundo-onudc\\\/\"},\"author\":{\"name\":\"Redacci\u00f3n Pol\u00edticos\",\"@id\":\"https:\\\/\\\/politicosaldesnudo.com.mx\\\/#\\\/schema\\\/person\\\/ef3a64e561cc3f3f5dc52fab81adde7e\"},\"headline\":\"En una d\u00e9cada aument\u00f3 20% el consumo de drogas en el mundo: ONUDC\",\"datePublished\":\"2024-06-27T13:01:59+00:00\",\"mainEntityOfPage\":{\"@id\":\"https:\\\/\\\/politicosaldesnudo.com.mx\\\/index.php\\\/2024\\\/06\\\/27\\\/en-una-decada-aumento-20-el-consumo-de-drogas-en-el-mundo-onudc\\\/\"},\"wordCount\":665,\"publisher\":{\"@id\":\"https:\\\/\\\/politicosaldesnudo.com.mx\\\/#organization\"},\"image\":{\"@id\":\"https:\\\/\\\/politicosaldesnudo.com.mx\\\/index.php\\\/2024\\\/06\\\/27\\\/en-una-decada-aumento-20-el-consumo-de-drogas-en-el-mundo-onudc\\\/#primaryimage\"},\"thumbnailUrl\":\"https:\\\/\\\/i0.wp.com\\\/politicosaldesnudo.com.mx\\\/wp-content\\\/uploads\\\/2024\\\/06\\\/El-ano-que-Mexico-despenalizo-todas-las-drogas-la-era-de-la-toxicomania.png?fit=1140%2C712&ssl=1\",\"articleSection\":[\"INTERNACIONAL\"],\"inLanguage\":\"es\"},{\"@type\":\"WebPage\",\"@id\":\"https:\\\/\\\/politicosaldesnudo.com.mx\\\/index.php\\\/2024\\\/06\\\/27\\\/en-una-decada-aumento-20-el-consumo-de-drogas-en-el-mundo-onudc\\\/\",\"url\":\"https:\\\/\\\/politicosaldesnudo.com.mx\\\/index.php\\\/2024\\\/06\\\/27\\\/en-una-decada-aumento-20-el-consumo-de-drogas-en-el-mundo-onudc\\\/\",\"name\":\"En una d\u00e9cada aument\u00f3 20% el consumo de drogas en el mundo: ONUDC - Pol\u00edticos al Desnudo\",\"isPartOf\":{\"@id\":\"https:\\\/\\\/politicosaldesnudo.com.mx\\\/#website\"},\"primaryImageOfPage\":{\"@id\":\"https:\\\/\\\/politicosaldesnudo.com.mx\\\/index.php\\\/2024\\\/06\\\/27\\\/en-una-decada-aumento-20-el-consumo-de-drogas-en-el-mundo-onudc\\\/#primaryimage\"},\"image\":{\"@id\":\"https:\\\/\\\/politicosaldesnudo.com.mx\\\/index.php\\\/2024\\\/06\\\/27\\\/en-una-decada-aumento-20-el-consumo-de-drogas-en-el-mundo-onudc\\\/#primaryimage\"},\"thumbnailUrl\":\"https:\\\/\\\/i0.wp.com\\\/politicosaldesnudo.com.mx\\\/wp-content\\\/uploads\\\/2024\\\/06\\\/El-ano-que-Mexico-despenalizo-todas-las-drogas-la-era-de-la-toxicomania.png?fit=1140%2C712&ssl=1\",\"datePublished\":\"2024-06-27T13:01:59+00:00\",\"breadcrumb\":{\"@id\":\"https:\\\/\\\/politicosaldesnudo.com.mx\\\/index.php\\\/2024\\\/06\\\/27\\\/en-una-decada-aumento-20-el-consumo-de-drogas-en-el-mundo-onudc\\\/#breadcrumb\"},\"inLanguage\":\"es\",\"potentialAction\":[{\"@type\":\"ReadAction\",\"target\":[\"https:\\\/\\\/politicosaldesnudo.com.mx\\\/index.php\\\/2024\\\/06\\\/27\\\/en-una-decada-aumento-20-el-consumo-de-drogas-en-el-mundo-onudc\\\/\"]}]},{\"@type\":\"ImageObject\",\"inLanguage\":\"es\",\"@id\":\"https:\\\/\\\/politicosaldesnudo.com.mx\\\/index.php\\\/2024\\\/06\\\/27\\\/en-una-decada-aumento-20-el-consumo-de-drogas-en-el-mundo-onudc\\\/#primaryimage\",\"url\":\"https:\\\/\\\/i0.wp.com\\\/politicosaldesnudo.com.mx\\\/wp-content\\\/uploads\\\/2024\\\/06\\\/El-ano-que-Mexico-despenalizo-todas-las-drogas-la-era-de-la-toxicomania.png?fit=1140%2C712&ssl=1\",\"contentUrl\":\"https:\\\/\\\/i0.wp.com\\\/politicosaldesnudo.com.mx\\\/wp-content\\\/uploads\\\/2024\\\/06\\\/El-ano-que-Mexico-despenalizo-todas-las-drogas-la-era-de-la-toxicomania.png?fit=1140%2C712&ssl=1\",\"width\":1140,\"height\":712},{\"@type\":\"BreadcrumbList\",\"@id\":\"https:\\\/\\\/politicosaldesnudo.com.mx\\\/index.php\\\/2024\\\/06\\\/27\\\/en-una-decada-aumento-20-el-consumo-de-drogas-en-el-mundo-onudc\\\/#breadcrumb\",\"itemListElement\":[{\"@type\":\"ListItem\",\"position\":1,\"name\":\"Portada\",\"item\":\"https:\\\/\\\/politicosaldesnudo.com.mx\\\/\"},{\"@type\":\"ListItem\",\"position\":2,\"name\":\"En una d\u00e9cada aument\u00f3 20% el consumo de drogas en el mundo: ONUDC\"}]},{\"@type\":\"WebSite\",\"@id\":\"https:\\\/\\\/politicosaldesnudo.com.mx\\\/#website\",\"url\":\"https:\\\/\\\/politicosaldesnudo.com.mx\\\/\",\"name\":\"Pol\u00edticos al Desnudo\",\"description\":\"\",\"publisher\":{\"@id\":\"https:\\\/\\\/politicosaldesnudo.com.mx\\\/#organization\"},\"potentialAction\":[{\"@type\":\"SearchAction\",\"target\":{\"@type\":\"EntryPoint\",\"urlTemplate\":\"https:\\\/\\\/politicosaldesnudo.com.mx\\\/?s={search_term_string}\"},\"query-input\":{\"@type\":\"PropertyValueSpecification\",\"valueRequired\":true,\"valueName\":\"search_term_string\"}}],\"inLanguage\":\"es\"},{\"@type\":\"Organization\",\"@id\":\"https:\\\/\\\/politicosaldesnudo.com.mx\\\/#organization\",\"name\":\"Pol\u00edticos al Desnudo\",\"url\":\"https:\\\/\\\/politicosaldesnudo.com.mx\\\/\",\"logo\":{\"@type\":\"ImageObject\",\"inLanguage\":\"es\",\"@id\":\"https:\\\/\\\/politicosaldesnudo.com.mx\\\/#\\\/schema\\\/logo\\\/image\\\/\",\"url\":\"https:\\\/\\\/i0.wp.com\\\/politicosaldesnudo.com.mx\\\/wp-content\\\/uploads\\\/2026\\\/08\\\/cropped-logo.webp?fit=400%2C126&ssl=1\",\"contentUrl\":\"https:\\\/\\\/i0.wp.com\\\/politicosaldesnudo.com.mx\\\/wp-content\\\/uploads\\\/2026\\\/08\\\/cropped-logo.webp?fit=400%2C126&ssl=1\",\"width\":400,\"height\":126,\"caption\":\"Pol\u00edticos al Desnudo\"},\"image\":{\"@id\":\"https:\\\/\\\/politicosaldesnudo.com.mx\\\/#\\\/schema\\\/logo\\\/image\\\/\"},\"sameAs\":[\"https:\\\/\\\/www.facebook.com\\\/PoliticosAD\"]},{\"@type\":\"Person\",\"@id\":\"https:\\\/\\\/politicosaldesnudo.com.mx\\\/#\\\/schema\\\/person\\\/ef3a64e561cc3f3f5dc52fab81adde7e\",\"name\":\"Redacci\u00f3n Pol\u00edticos\",\"url\":\"https:\\\/\\\/politicosaldesnudo.com.mx\\\/index.php\\\/author\\\/redaccion-politicos\\\/\"}]}<\/script>\n<!-- \/ Yoast SEO plugin. -->","yoast_head_json":{"title":"En una d\u00e9cada aument\u00f3 20% el consumo de drogas en el mundo: ONUDC - Pol\u00edticos al Desnudo","robots":{"index":"index","follow":"follow","max-snippet":"max-snippet:-1","max-image-preview":"max-image-preview:large","max-video-preview":"max-video-preview:-1"},"canonical":"https:\/\/politicosaldesnudo.com.mx\/index.php\/2024\/06\/27\/en-una-decada-aumento-20-el-consumo-de-drogas-en-el-mundo-onudc\/","og_locale":"es_ES","og_type":"article","og_title":"En una d\u00e9cada aument\u00f3 20% el consumo de drogas en el mundo: ONUDC - Pol\u00edticos al Desnudo","og_description":"A nivel mundial el\u00a0consumo de drogas\u00a0ha aumentado en un 20 por ciento en los \u00faltimos diez a\u00f1os revel\u00f3 esta ma\u00f1ana [&hellip;]","og_url":"https:\/\/politicosaldesnudo.com.mx\/index.php\/2024\/06\/27\/en-una-decada-aumento-20-el-consumo-de-drogas-en-el-mundo-onudc\/","og_site_name":"Pol\u00edticos al Desnudo","article_publisher":"https:\/\/www.facebook.com\/PoliticosAD","article_published_time":"2024-06-27T13:01:59+00:00","og_image":[{"width":1140,"height":712,"url":"https:\/\/i0.wp.com\/politicosaldesnudo.com.mx\/wp-content\/uploads\/2024\/06\/El-ano-que-Mexico-despenalizo-todas-las-drogas-la-era-de-la-toxicomania.png?fit=1140%2C712&ssl=1","type":"image\/png"}],"author":"Redacci\u00f3n Pol\u00edticos","twitter_card":"summary_large_image","twitter_misc":{"Escrito por":"Redacci\u00f3n Pol\u00edticos","Tiempo de lectura":"3 minutos"},"schema":{"@context":"https:\/\/schema.org","@graph":[{"@type":"Article","@id":"https:\/\/politicosaldesnudo.com.mx\/index.php\/2024\/06\/27\/en-una-decada-aumento-20-el-consumo-de-drogas-en-el-mundo-onudc\/#article","isPartOf":{"@id":"https:\/\/politicosaldesnudo.com.mx\/index.php\/2024\/06\/27\/en-una-decada-aumento-20-el-consumo-de-drogas-en-el-mundo-onudc\/"},"author":{"name":"Redacci\u00f3n Pol\u00edticos","@id":"https:\/\/politicosaldesnudo.com.mx\/#\/schema\/person\/ef3a64e561cc3f3f5dc52fab81adde7e"},"headline":"En una d\u00e9cada aument\u00f3 20% el consumo de drogas en el mundo: ONUDC","datePublished":"2024-06-27T13:01:59+00:00","mainEntityOfPage":{"@id":"https:\/\/politicosaldesnudo.com.mx\/index.php\/2024\/06\/27\/en-una-decada-aumento-20-el-consumo-de-drogas-en-el-mundo-onudc\/"},"wordCount":665,"publisher":{"@id":"https:\/\/politicosaldesnudo.com.mx\/#organization"},"image":{"@id":"https:\/\/politicosaldesnudo.com.mx\/index.php\/2024\/06\/27\/en-una-decada-aumento-20-el-consumo-de-drogas-en-el-mundo-onudc\/#primaryimage"},"thumbnailUrl":"https:\/\/i0.wp.com\/politicosaldesnudo.com.mx\/wp-content\/uploads\/2024\/06\/El-ano-que-Mexico-despenalizo-todas-las-drogas-la-era-de-la-toxicomania.png?fit=1140%2C712&ssl=1","articleSection":["INTERNACIONAL"],"inLanguage":"es"},{"@type":"WebPage","@id":"https:\/\/politicosaldesnudo.com.mx\/index.php\/2024\/06\/27\/en-una-decada-aumento-20-el-consumo-de-drogas-en-el-mundo-onudc\/","url":"https:\/\/politicosaldesnudo.com.mx\/index.php\/2024\/06\/27\/en-una-decada-aumento-20-el-consumo-de-drogas-en-el-mundo-onudc\/","name":"En una d\u00e9cada aument\u00f3 20% el consumo de drogas en el mundo: ONUDC - Pol\u00edticos al Desnudo","isPartOf":{"@id":"https:\/\/politicosaldesnudo.com.mx\/#website"},"primaryImageOfPage":{"@id":"https:\/\/politicosaldesnudo.com.mx\/index.php\/2024\/06\/27\/en-una-decada-aumento-20-el-consumo-de-drogas-en-el-mundo-onudc\/#primaryimage"},"image":{"@id":"https:\/\/politicosaldesnudo.com.mx\/index.php\/2024\/06\/27\/en-una-decada-aumento-20-el-consumo-de-drogas-en-el-mundo-onudc\/#primaryimage"},"thumbnailUrl":"https:\/\/i0.wp.com\/politicosaldesnudo.com.mx\/wp-content\/uploads\/2024\/06\/El-ano-que-Mexico-despenalizo-todas-las-drogas-la-era-de-la-toxicomania.png?fit=1140%2C712&ssl=1","datePublished":"2024-06-27T13:01:59+00:00","breadcrumb":{"@id":"https:\/\/politicosaldesnudo.com.mx\/index.php\/2024\/06\/27\/en-una-decada-aumento-20-el-consumo-de-drogas-en-el-mundo-onudc\/#breadcrumb"},"inLanguage":"es","potentialAction":[{"@type":"ReadAction","target":["https:\/\/politicosaldesnudo.com.mx\/index.php\/2024\/06\/27\/en-una-decada-aumento-20-el-consumo-de-drogas-en-el-mundo-onudc\/"]}]},{"@type":"ImageObject","inLanguage":"es","@id":"https:\/\/politicosaldesnudo.com.mx\/index.php\/2024\/06\/27\/en-una-decada-aumento-20-el-consumo-de-drogas-en-el-mundo-onudc\/#primaryimage","url":"https:\/\/i0.wp.com\/politicosaldesnudo.com.mx\/wp-content\/uploads\/2024\/06\/El-ano-que-Mexico-despenalizo-todas-las-drogas-la-era-de-la-toxicomania.png?fit=1140%2C712&ssl=1","contentUrl":"https:\/\/i0.wp.com\/politicosaldesnudo.com.mx\/wp-content\/uploads\/2024\/06\/El-ano-que-Mexico-despenalizo-todas-las-drogas-la-era-de-la-toxicomania.png?fit=1140%2C712&ssl=1","width":1140,"height":712},{"@type":"BreadcrumbList","@id":"https:\/\/politicosaldesnudo.com.mx\/index.php\/2024\/06\/27\/en-una-decada-aumento-20-el-consumo-de-drogas-en-el-mundo-onudc\/#breadcrumb","itemListElement":[{"@type":"ListItem","position":1,"name":"Portada","item":"https:\/\/politicosaldesnudo.com.mx\/"},{"@type":"ListItem","position":2,"name":"En una d\u00e9cada aument\u00f3 20% el consumo de drogas en el mundo: ONUDC"}]},{"@type":"WebSite","@id":"https:\/\/politicosaldesnudo.com.mx\/#website","url":"https:\/\/politicosaldesnudo.com.mx\/","name":"Pol\u00edticos al Desnudo","description":"","publisher":{"@id":"https:\/\/politicosaldesnudo.com.mx\/#organization"},"potentialAction":[{"@type":"SearchAction","target":{"@type":"EntryPoint","urlTemplate":"https:\/\/politicosaldesnudo.com.mx\/?s={search_term_string}"},"query-input":{"@type":"PropertyValueSpecification","valueRequired":true,"valueName":"search_term_string"}}],"inLanguage":"es"},{"@type":"Organization","@id":"https:\/\/politicosaldesnudo.com.mx\/#organization","name":"Pol\u00edticos al Desnudo","url":"https:\/\/politicosaldesnudo.com.mx\/","logo":{"@type":"ImageObject","inLanguage":"es","@id":"https:\/\/politicosaldesnudo.com.mx\/#\/schema\/logo\/image\/","url":"https:\/\/i0.wp.com\/politicosaldesnudo.com.mx\/wp-content\/uploads\/2026\/08\/cropped-logo.webp?fit=400%2C126&ssl=1","contentUrl":"https:\/\/i0.wp.com\/politicosaldesnudo.com.mx\/wp-content\/uploads\/2026\/08\/cropped-logo.webp?fit=400%2C126&ssl=1","width":400,"height":126,"caption":"Pol\u00edticos al Desnudo"},"image":{"@id":"https:\/\/politicosaldesnudo.com.mx\/#\/schema\/logo\/image\/"},"sameAs":["https:\/\/www.facebook.com\/PoliticosAD"]},{"@type":"Person","@id":"https:\/\/politicosaldesnudo.com.mx\/#\/schema\/person\/ef3a64e561cc3f3f5dc52fab81adde7e","name":"Redacci\u00f3n Pol\u00edticos","url":"https:\/\/politicosaldesnudo.com.mx\/index.php\/author\/redaccion-politicos\/"}]}},"jetpack_publicize_connections":[],"jetpack-related-posts":[{"id":87509,"url":"https:\/\/politicosaldesnudo.com.mx\/index.php\/2026\/08\/05\/vamos-por-ellos-incluyendo-a-narcopoliticos-dijo-el-director-de-la-dea-sobre-acciones-contra-el-cjng\/","url_meta":{"origin":40713,"position":0},"title":"\u201cVamos por ellos, incluyendo a narcopol\u00edticos\u201d: dijo el director de la DEA sobre acciones contra el CJNG","author":"Redacci\u00f3n Pol\u00edticos","date":"5 de agosto de 2026","format":false,"excerpt":"En conferencia de prensa este mi\u00e9rcoles, Todd Blanche, fiscal interino de Estados Unidos, dio a conocer medidas de aplicaci\u00f3n de la ley para\u00a0desmantelar al\u00a0C\u00e1rtel Jalisco Nueva Generaci\u00f3n (CJNG). Asegur\u00f3 que esta medida es una continuaci\u00f3n en contra de los c\u00e1rteles \u201cque nos han da\u00f1ado por demasiado tiempo\u201d. Expuso que las\u2026","rel":"","context":"En \u00abNACIONAL\u00bb","block_context":{"text":"NACIONAL","link":"https:\/\/politicosaldesnudo.com.mx\/index.php\/category\/nacional\/"},"img":{"alt_text":"","src":"https:\/\/i0.wp.com\/politicosaldesnudo.com.mx\/wp-content\/uploads\/2026\/08\/deaa.png?fit=1201%2C807&ssl=1&resize=350%2C200","width":350,"height":200,"srcset":"https:\/\/i0.wp.com\/politicosaldesnudo.com.mx\/wp-content\/uploads\/2026\/08\/deaa.png?fit=1201%2C807&ssl=1&resize=350%2C200 1x, https:\/\/i0.wp.com\/politicosaldesnudo.com.mx\/wp-content\/uploads\/2026\/08\/deaa.png?fit=1201%2C807&ssl=1&resize=525%2C300 1.5x, https:\/\/i0.wp.com\/politicosaldesnudo.com.mx\/wp-content\/uploads\/2026\/08\/deaa.png?fit=1201%2C807&ssl=1&resize=700%2C400 2x, https:\/\/i0.wp.com\/politicosaldesnudo.com.mx\/wp-content\/uploads\/2026\/08\/deaa.png?fit=1201%2C807&ssl=1&resize=1050%2C600 3x"},"classes":[]},{"id":88263,"url":"https:\/\/politicosaldesnudo.com.mx\/index.php\/2026\/09\/02\/sheinbaum-da-golpe-historico-a-la-inseguridad\/","url_meta":{"origin":40713,"position":1},"title":"Sheinbaum da golpe hist\u00f3rico a la inseguridad","author":"Redacci\u00f3n Pol\u00edticos","date":"2 de septiembre de 2026","format":false,"excerpt":"ALMA GRANDE POR \u00c1NGEL \u00c1LVARO PE\u00d1A El Segundo Informe de Gobierno de Claudia Sheinbaum coloc\u00f3 a la seguridad como uno de los principales indicadores de avance de su administraci\u00f3n. Los datos presentados muestran una estrategia que combina la operaci\u00f3n de las instituciones de seguridad con acciones dirigidas a atender las\u2026","rel":"","context":"En \u00abOPINI\u00d3N\u00bb","block_context":{"text":"OPINI\u00d3N","link":"https:\/\/politicosaldesnudo.com.mx\/index.php\/category\/columnistas\/"},"img":{"alt_text":"","src":"https:\/\/i0.wp.com\/politicosaldesnudo.com.mx\/wp-content\/uploads\/2026\/09\/COLUMNISTAS-PAD.png?fit=1200%2C659&ssl=1&resize=350%2C200","width":350,"height":200,"srcset":"https:\/\/i0.wp.com\/politicosaldesnudo.com.mx\/wp-content\/uploads\/2026\/09\/COLUMNISTAS-PAD.png?fit=1200%2C659&ssl=1&resize=350%2C200 1x, https:\/\/i0.wp.com\/politicosaldesnudo.com.mx\/wp-content\/uploads\/2026\/09\/COLUMNISTAS-PAD.png?fit=1200%2C659&ssl=1&resize=525%2C300 1.5x, https:\/\/i0.wp.com\/politicosaldesnudo.com.mx\/wp-content\/uploads\/2026\/09\/COLUMNISTAS-PAD.png?fit=1200%2C659&ssl=1&resize=700%2C400 2x, https:\/\/i0.wp.com\/politicosaldesnudo.com.mx\/wp-content\/uploads\/2026\/09\/COLUMNISTAS-PAD.png?fit=1200%2C659&ssl=1&resize=1050%2C600 3x"},"classes":[]},{"id":87880,"url":"https:\/\/politicosaldesnudo.com.mx\/index.php\/2026\/08\/18\/dea-destaca-colaboracion-con-harfuch-en-combate-al-crimen-transnacional\/","url_meta":{"origin":40713,"position":2},"title":"DEA destaca colaboraci\u00f3n con Harfuch en combate al crimen transnacional","author":"Redacci\u00f3n Pol\u00edticos","date":"18 de agosto de 2026","format":false,"excerpt":"La Agencia Antidrogas de Estados Unidos (DEA) reconoci\u00f3 la relaci\u00f3n de colaboraci\u00f3n que mantiene con el secretario de Seguridad y Protecci\u00f3n Ciudadana de M\u00e9xico, Omar Garc\u00eda Harfuch, a quien consider\u00f3 una figura clave para enfrentar a las organizaciones criminales que operan en ambos pa\u00edses. Durante su participaci\u00f3n en la 40\u2026","rel":"","context":"En \u00abINTERNACIONAL\u00bb","block_context":{"text":"INTERNACIONAL","link":"https:\/\/politicosaldesnudo.com.mx\/index.php\/category\/internacional\/"},"img":{"alt_text":"","src":"https:\/\/i0.wp.com\/politicosaldesnudo.com.mx\/wp-content\/uploads\/2026\/08\/HQB82xQWgAATZxW.jpg?fit=1125%2C671&ssl=1&resize=350%2C200","width":350,"height":200,"srcset":"https:\/\/i0.wp.com\/politicosaldesnudo.com.mx\/wp-content\/uploads\/2026\/08\/HQB82xQWgAATZxW.jpg?fit=1125%2C671&ssl=1&resize=350%2C200 1x, https:\/\/i0.wp.com\/politicosaldesnudo.com.mx\/wp-content\/uploads\/2026\/08\/HQB82xQWgAATZxW.jpg?fit=1125%2C671&ssl=1&resize=525%2C300 1.5x, https:\/\/i0.wp.com\/politicosaldesnudo.com.mx\/wp-content\/uploads\/2026\/08\/HQB82xQWgAATZxW.jpg?fit=1125%2C671&ssl=1&resize=700%2C400 2x, https:\/\/i0.wp.com\/politicosaldesnudo.com.mx\/wp-content\/uploads\/2026\/08\/HQB82xQWgAATZxW.jpg?fit=1125%2C671&ssl=1&resize=1050%2C600 3x"},"classes":[]},{"id":88173,"url":"https:\/\/politicosaldesnudo.com.mx\/index.php\/2026\/08\/30\/dea-mantiene-abierta-la-ruta-para-decomisar-mas-bienes-ligados-a-garcia-luna\/","url_meta":{"origin":40713,"position":3},"title":"DEA mantiene abierta la ruta para decomisar m\u00e1s bienes ligados a Garc\u00eda Luna","author":"Redacci\u00f3n Pol\u00edticos","date":"30 de agosto de 2026","format":false,"excerpt":"La condena contra Genaro Garc\u00eda Luna no puso punto final a las acciones judiciales en Estados Unidos. La Administraci\u00f3n para el Control de Drogas (DEA) asegur\u00f3 que todav\u00eda existen procedimientos pendientes para localizar y recuperar otros activos relacionados con el exsecretario de Seguridad P\u00fablica de M\u00e9xico. Terrance Cole, director de\u2026","rel":"","context":"En \u00abNACIONAL\u00bb","block_context":{"text":"NACIONAL","link":"https:\/\/politicosaldesnudo.com.mx\/index.php\/category\/nacional\/"},"img":{"alt_text":"","src":"https:\/\/i0.wp.com\/politicosaldesnudo.com.mx\/wp-content\/uploads\/2026\/08\/GARCIA-LUNA.png?fit=1200%2C675&ssl=1&resize=350%2C200","width":350,"height":200,"srcset":"https:\/\/i0.wp.com\/politicosaldesnudo.com.mx\/wp-content\/uploads\/2026\/08\/GARCIA-LUNA.png?fit=1200%2C675&ssl=1&resize=350%2C200 1x, https:\/\/i0.wp.com\/politicosaldesnudo.com.mx\/wp-content\/uploads\/2026\/08\/GARCIA-LUNA.png?fit=1200%2C675&ssl=1&resize=525%2C300 1.5x, https:\/\/i0.wp.com\/politicosaldesnudo.com.mx\/wp-content\/uploads\/2026\/08\/GARCIA-LUNA.png?fit=1200%2C675&ssl=1&resize=700%2C400 2x, https:\/\/i0.wp.com\/politicosaldesnudo.com.mx\/wp-content\/uploads\/2026\/08\/GARCIA-LUNA.png?fit=1200%2C675&ssl=1&resize=1050%2C600 3x"},"classes":[]},{"id":88081,"url":"https:\/\/politicosaldesnudo.com.mx\/index.php\/2026\/08\/26\/estados-unidos-aprieta-a-mexico-exige-frenar-el-fentanilo-y-desmantelar-a-los-carteles\/","url_meta":{"origin":40713,"position":4},"title":"Estados Unidos aprieta a M\u00e9xico: exige frenar el fentanilo y desmantelar a los c\u00e1rteles","author":"Redacci\u00f3n Pol\u00edticos","date":"26 de agosto de 2026","format":false,"excerpt":"El combate al narcotr\u00e1fico y la migraci\u00f3n irregular volvieron al centro de la relaci\u00f3n entre M\u00e9xico y Estados Unidos. Durante una reuni\u00f3n celebrada en Washington, el secretario de Estado estadounidense, Marco Rubio, plante\u00f3 al canciller Roberto Velasco la necesidad de acelerar las acciones contra los c\u00e1rteles y el tr\u00e1fico de\u2026","rel":"","context":"En \u00abINTERNACIONAL\u00bb","block_context":{"text":"INTERNACIONAL","link":"https:\/\/politicosaldesnudo.com.mx\/index.php\/category\/internacional\/"},"img":{"alt_text":"","src":"https:\/\/i0.wp.com\/politicosaldesnudo.com.mx\/wp-content\/uploads\/2026\/08\/782144596_1492096299330079_1426179680717466472_n.jpg?fit=1200%2C948&ssl=1&resize=350%2C200","width":350,"height":200,"srcset":"https:\/\/i0.wp.com\/politicosaldesnudo.com.mx\/wp-content\/uploads\/2026\/08\/782144596_1492096299330079_1426179680717466472_n.jpg?fit=1200%2C948&ssl=1&resize=350%2C200 1x, https:\/\/i0.wp.com\/politicosaldesnudo.com.mx\/wp-content\/uploads\/2026\/08\/782144596_1492096299330079_1426179680717466472_n.jpg?fit=1200%2C948&ssl=1&resize=525%2C300 1.5x, https:\/\/i0.wp.com\/politicosaldesnudo.com.mx\/wp-content\/uploads\/2026\/08\/782144596_1492096299330079_1426179680717466472_n.jpg?fit=1200%2C948&ssl=1&resize=700%2C400 2x, https:\/\/i0.wp.com\/politicosaldesnudo.com.mx\/wp-content\/uploads\/2026\/08\/782144596_1492096299330079_1426179680717466472_n.jpg?fit=1200%2C948&ssl=1&resize=1050%2C600 3x"},"classes":[]},{"id":34134,"url":"https:\/\/politicosaldesnudo.com.mx\/index.php\/2024\/03\/25\/sin-solucion-de-raiz-la-migracion-seguira\/","url_meta":{"origin":40713,"position":5},"title":"Sin soluci\u00f3n de ra\u00edz, la migraci\u00f3n seguir\u00e1","author":"Redacci\u00f3n Pol\u00edticos","date":"25 de marzo de 2024","format":false,"excerpt":"En una entrevista con el programa estadunidense \u201860 Minutos\u2019 de CBS News, el presidente Andr\u00e9s Manuel L\u00f3pez Obrador afirm\u00f3 que si el problema de la migraci\u00f3n no se enfrenta de ra\u00edz y no se aplican sus propuestas de soluci\u00f3n, como realizar una inversi\u00f3n de 20 mil millones de d\u00f3lares en\u2026","rel":"","context":"En \u00abNACIONAL\u00bb","block_context":{"text":"NACIONAL","link":"https:\/\/politicosaldesnudo.com.mx\/index.php\/category\/nacional\/"},"img":{"alt_text":"","src":"https:\/\/i0.wp.com\/politicosaldesnudo.com.mx\/wp-content\/uploads\/2024\/03\/127283324_4317b55d-baea-47f8-b710-166d31efb5c7.jpg?fit=640%2C360&ssl=1&resize=350%2C200","width":350,"height":200,"srcset":"https:\/\/i0.wp.com\/politicosaldesnudo.com.mx\/wp-content\/uploads\/2024\/03\/127283324_4317b55d-baea-47f8-b710-166d31efb5c7.jpg?fit=640%2C360&ssl=1&resize=350%2C200 1x, https:\/\/i0.wp.com\/politicosaldesnudo.com.mx\/wp-content\/uploads\/2024\/03\/127283324_4317b55d-baea-47f8-b710-166d31efb5c7.jpg?fit=640%2C360&ssl=1&resize=525%2C300 1.5x"},"classes":[]}],"jetpack_sharing_enabled":true,"jetpack_featured_media_url":"https:\/\/i0.wp.com\/politicosaldesnudo.com.mx\/wp-content\/uploads\/2024\/06\/El-ano-que-Mexico-despenalizo-todas-las-drogas-la-era-de-la-toxicomania.png?fit=1140%2C712&ssl=1","_links":{"self":[{"href":"https:\/\/politicosaldesnudo.com.mx\/index.php\/wp-json\/wp\/v2\/posts\/40713","targetHints":{"allow":["GET"]}}],"collection":[{"href":"https:\/\/politicosaldesnudo.com.mx\/index.php\/wp-json\/wp\/v2\/posts"}],"about":[{"href":"https:\/\/politicosaldesnudo.com.mx\/index.php\/wp-json\/wp\/v2\/types\/post"}],"author":[{"embeddable":true,"href":"https:\/\/politicosaldesnudo.com.mx\/index.php\/wp-json\/wp\/v2\/users\/4"}],"replies":[{"embeddable":true,"href":"https:\/\/politicosaldesnudo.com.mx\/index.php\/wp-json\/wp\/v2\/comments?post=40713"}],"version-history":[{"count":0,"href":"https:\/\/politicosaldesnudo.com.mx\/index.php\/wp-json\/wp\/v2\/posts\/40713\/revisions"}],"wp:featuredmedia":[{"embeddable":true,"href":"https:\/\/politicosaldesnudo.com.mx\/index.php\/wp-json\/wp\/v2\/media\/40714"}],"wp:attachment":[{"href":"https:\/\/politicosaldesnudo.com.mx\/index.php\/wp-json\/wp\/v2\/media?parent=40713"}],"wp:term":[{"taxonomy":"category","embeddable":true,"href":"https:\/\/politicosaldesnudo.com.mx\/index.php\/wp-json\/wp\/v2\/categories?post=40713"},{"taxonomy":"post_tag","embeddable":true,"href":"https:\/\/politicosaldesnudo.com.mx\/index.php\/wp-json\/wp\/v2\/tags?post=40713"}],"curies":[{"name":"wp","href":"https:\/\/api.w.org\/{rel}","templated":true}]}}