{"id":40719,"date":"2024-06-27T08:06:12","date_gmt":"2024-06-27T13:06:12","guid":{"rendered":"https:\/\/politicosaldesnudo.com.mx\/?p=40719"},"modified":"2024-06-27T08:06:12","modified_gmt":"2024-06-27T13:06:12","slug":"investigan-a-policias-involucrados-en-liberacion-de-reo-en-zacatecas","status":"publish","type":"post","link":"https:\/\/politicosaldesnudo.com.mx\/index.php\/2024\/06\/27\/investigan-a-policias-involucrados-en-liberacion-de-reo-en-zacatecas\/","title":{"rendered":"Investigan a polic\u00edas involucrados en liberaci\u00f3n de reo en Zacatecas"},"content":{"rendered":"<div id=\"article-content-tts\" class=\"nota-contenido mb-5\">\n<div id=\"content_nitf\">\n<p><span style=\"font-size: 14pt;\">La Fiscal\u00eda General de Justicia de Zacatecas inform\u00f3 este mi\u00e9rcoles que fueron detenidos y se encuentran sujetos a investigaci\u00f3n los cuatro polic\u00edas penitenciarios que estaban encargados de trasladar y vigilar a un reo que fue trasladado del Centro de Readaptaci\u00f3n de Fresnillo a un hospital privado para su atenci\u00f3n m\u00e9dica; estando en el nosocomio, un comando armado lo liber\u00f3 sin oponer resistencia.<\/span><\/p>\n<div class=\"teads-inread\">\n<div>\n<div id=\"teads0\" class=\"teads-player\"><span style=\"font-size: 14pt;\">La tarde del martes, Juan Guillermo Medrano de la Rosa, originario del estado de Durango, de 35 a\u00f1os de edad, quien se encontraba preso en el penal de Fresnillo por el delito de desaparici\u00f3n forzada, fue \u201crescatado\u201d por un comando armado, luego de ser trasladado al hospital privado Real de Minas.<\/span><\/div>\n<\/div>\n<\/div>\n<p><span style=\"font-size: 14pt;\">En conferencia de prensa, Cristian Paul Camacho Osnaya, titular de la FGJEZ, dio a conocer que \u201cdesde ayer fueron detenidos los cuatro custodios que estaban a cargo del resguardo y seguridad del reo\u201d.<\/span><\/p>\n<p><span style=\"font-size: 14pt;\">Adem\u00e1s, indic\u00f3 que \u201cen estos momentos estamos solicitando las \u00f3rdenes de aprehensi\u00f3n en contra de servidores p\u00fablicos por el delito de evasi\u00f3n de presos y tambi\u00e9n por delitos contra la administraci\u00f3n de la justicia\u201d.<\/span><\/p>\n<\/div>\n<\/div>\n","protected":false},"excerpt":{"rendered":"<p>La Fiscal\u00eda General de Justicia de Zacatecas inform\u00f3 este mi\u00e9rcoles que fueron detenidos y se encuentran sujetos a investigaci\u00f3n los<\/p>\n","protected":false},"author":4,"featured_media":40720,"comment_status":"closed","ping_status":"closed","sticky":false,"template":"","format":"standard","meta":{"colormag_page_container_layout":"default_layout","colormag_page_sidebar_layout":"default_layout","_jetpack_memberships_contains_paid_content":false,"footnotes":"","jetpack_publicize_message":"","jetpack_publicize_feature_enabled":true,"jetpack_social_post_already_shared":false,"jetpack_social_options":{"image_generator_settings":{"template":"highway","default_image_id":0,"font":"","enabled":false},"version":2}},"categories":[30],"tags":[],"class_list":["post-40719","post","type-post","status-publish","format-standard","has-post-thumbnail","hentry","category-estados"],"jetpack_publicize_connections":[],"jetpack_featured_media_url":"https:\/\/i0.wp.com\/politicosaldesnudo.com.mx\/wp-content\/uploads\/2024\/06\/images-36.jpg?fit=284%2C177&ssl=1","jetpack-related-posts":[],"jetpack_sharing_enabled":true,"_links":{"self":[{"href":"https:\/\/politicosaldesnudo.com.mx\/index.php\/wp-json\/wp\/v2\/posts\/40719","targetHints":{"allow":["GET"]}}],"collection":[{"href":"https:\/\/politicosaldesnudo.com.mx\/index.php\/wp-json\/wp\/v2\/posts"}],"about":[{"href":"https:\/\/politicosaldesnudo.com.mx\/index.php\/wp-json\/wp\/v2\/types\/post"}],"author":[{"embeddable":true,"href":"https:\/\/politicosaldesnudo.com.mx\/index.php\/wp-json\/wp\/v2\/users\/4"}],"replies":[{"embeddable":true,"href":"https:\/\/politicosaldesnudo.com.mx\/index.php\/wp-json\/wp\/v2\/comments?post=40719"}],"version-history":[{"count":0,"href":"https:\/\/politicosaldesnudo.com.mx\/index.php\/wp-json\/wp\/v2\/posts\/40719\/revisions"}],"wp:featuredmedia":[{"embeddable":true,"href":"https:\/\/politicosaldesnudo.com.mx\/index.php\/wp-json\/wp\/v2\/media\/40720"}],"wp:attachment":[{"href":"https:\/\/politicosaldesnudo.com.mx\/index.php\/wp-json\/wp\/v2\/media?parent=40719"}],"wp:term":[{"taxonomy":"category","embeddable":true,"href":"https:\/\/politicosaldesnudo.com.mx\/index.php\/wp-json\/wp\/v2\/categories?post=40719"},{"taxonomy":"post_tag","embeddable":true,"href":"https:\/\/politicosaldesnudo.com.mx\/index.php\/wp-json\/wp\/v2\/tags?post=40719"}],"curies":[{"name":"wp","href":"https:\/\/api.w.org\/{rel}","templated":true}]}}