{"id":40729,"date":"2024-06-27T08:13:26","date_gmt":"2024-06-27T13:13:26","guid":{"rendered":"https:\/\/politicosaldesnudo.com.mx\/?p=40729"},"modified":"2024-06-27T08:13:26","modified_gmt":"2024-06-27T13:13:26","slug":"el-presupuesto-del-2025-va-a-alcanzar-aseguro-claudia-sheinbaum","status":"publish","type":"post","link":"https:\/\/politicosaldesnudo.com.mx\/index.php\/2024\/06\/27\/el-presupuesto-del-2025-va-a-alcanzar-aseguro-claudia-sheinbaum\/","title":{"rendered":"El presupuesto del 2025 va a alcanzar, asegur\u00f3: Claudia Sheinbaum"},"content":{"rendered":"<p><span style=\"font-size: 14pt;\">El presupuesto del 2025, el primero del siguiente gobierno, que tendr\u00e1 que lidiar para bajar el d\u00e9ficit p\u00fablico y financiar nuevos programas sociales, \u201cva a alcanzar\u201d, asegur\u00f3 Claudia Sheinbaum, virtual presidenta de M\u00e9xico.<\/span><\/p>\n<p><span style=\"font-size: 14pt;\">El presupuesto del 2025, el primero del siguiente gobierno, que tendr\u00e1 que lidiar para bajar el d\u00e9ficit p\u00fablico y financiar nuevos programas sociales, \u201cva a alcanzar\u201d, asegur\u00f3 Claudia Sheinbaum, virtual presidenta de M\u00e9xico.<\/span><\/p>\n<p><span style=\"font-size: 14pt;\">En conferencia de prensa, explic\u00f3 que se ha reunido con Rogelio Ram\u00edrez de la O, actual secretario de Hacienda y Cr\u00e9dito P\u00fablico (SHCP), y que repetir\u00e1 cargo en su gobierno, para \u201carrastrar l\u00e1piz\u201d para garantizar los nuevos programas que ella propone \u2013como el apoyo a mujeres entre 60 y 64 a\u00f1os y becas para estudiantes de secundaria\u2013 en un a\u00f1o donde se espera disminuir el d\u00e9ficit que para este 2024 se estima cierre en 5.9% del Producto Interno Bruto (PIB).<\/span><\/p>\n<p><span style=\"font-size: 14pt;\">\u201cVamos a ver c\u00f3mo cierra el presupuesto este a\u00f1o. El presidente (Andr\u00e9s Manuel L\u00f3pez Obrador) siempre ha sido muy responsable del manejo de los recursos p\u00fablicos (&#8230;) se pide en general que el d\u00e9ficit no sea m\u00e1s de 3% del PIB, la otra vez con empresarios habl\u00e9 de 3.5%, depende mucho de c\u00f3mo vaya a cerrar este a\u00f1o (&#8230;) hemos tenido con el secretario Ram\u00edrez de la O la oportunidad de trabajar un poco m\u00e1s y garantizar los programas sociales actuales y los programas nuevos (&#8230;) Eso est\u00e1 garantizado, ya lo tenemos evaluado, ya tenemos de d\u00f3nde van a salir los recursos\u201d, dijo.<\/span><\/p>\n<p><span style=\"font-size: 14pt;\">Aunado a lo anterior, la virtual presidenta electa de M\u00e9xico expres\u00f3 que no se va a cerrar la inversi\u00f3n p\u00fablica en obras estrat\u00e9gicas para el siguiente a\u00f1o, as\u00ed como impulsar el acceso a la vivienda con recursos del Infonavit y recursos p\u00fablicos.<\/span><\/p>\n<p><span style=\"font-size: 14pt;\">\u201cEst\u00e1 garantizado siempre con un buen manejo del presupuesto, sin necesidad de reformas fiscales profundas, se puede con los ingresos actuales reorientar para lo que se necesite. Lo tenemos planteado, estamos trabajando de manera muy responsable y hay recursos (&#8230;) el presupuesto va a alcanzar\u201d, asever\u00f3.<\/span><\/p>\n","protected":false},"excerpt":{"rendered":"<p>El presupuesto del 2025, el primero del siguiente gobierno, que tendr\u00e1 que lidiar para bajar el d\u00e9ficit p\u00fablico y financiar<\/p>\n","protected":false},"author":4,"featured_media":40730,"comment_status":"closed","ping_status":"closed","sticky":false,"template":"","format":"standard","meta":{"colormag_page_container_layout":"default_layout","colormag_page_sidebar_layout":"default_layout","_jetpack_memberships_contains_paid_content":false,"footnotes":"","jetpack_publicize_message":"","jetpack_publicize_feature_enabled":true,"jetpack_social_post_already_shared":false,"jetpack_social_options":{"image_generator_settings":{"template":"highway","default_image_id":0,"font":"","enabled":false},"version":2}},"categories":[2050],"tags":[],"class_list":["post-40729","post","type-post","status-publish","format-standard","has-post-thumbnail","hentry","category-economia"],"jetpack_publicize_connections":[],"jetpack_featured_media_url":"https:\/\/i0.wp.com\/politicosaldesnudo.com.mx\/wp-content\/uploads\/2024\/06\/Claudia-Sheinbaum.jpg?fit=960%2C599&ssl=1","jetpack-related-posts":[],"jetpack_sharing_enabled":true,"_links":{"self":[{"href":"https:\/\/politicosaldesnudo.com.mx\/index.php\/wp-json\/wp\/v2\/posts\/40729","targetHints":{"allow":["GET"]}}],"collection":[{"href":"https:\/\/politicosaldesnudo.com.mx\/index.php\/wp-json\/wp\/v2\/posts"}],"about":[{"href":"https:\/\/politicosaldesnudo.com.mx\/index.php\/wp-json\/wp\/v2\/types\/post"}],"author":[{"embeddable":true,"href":"https:\/\/politicosaldesnudo.com.mx\/index.php\/wp-json\/wp\/v2\/users\/4"}],"replies":[{"embeddable":true,"href":"https:\/\/politicosaldesnudo.com.mx\/index.php\/wp-json\/wp\/v2\/comments?post=40729"}],"version-history":[{"count":0,"href":"https:\/\/politicosaldesnudo.com.mx\/index.php\/wp-json\/wp\/v2\/posts\/40729\/revisions"}],"wp:featuredmedia":[{"embeddable":true,"href":"https:\/\/politicosaldesnudo.com.mx\/index.php\/wp-json\/wp\/v2\/media\/40730"}],"wp:attachment":[{"href":"https:\/\/politicosaldesnudo.com.mx\/index.php\/wp-json\/wp\/v2\/media?parent=40729"}],"wp:term":[{"taxonomy":"category","embeddable":true,"href":"https:\/\/politicosaldesnudo.com.mx\/index.php\/wp-json\/wp\/v2\/categories?post=40729"},{"taxonomy":"post_tag","embeddable":true,"href":"https:\/\/politicosaldesnudo.com.mx\/index.php\/wp-json\/wp\/v2\/tags?post=40729"}],"curies":[{"name":"wp","href":"https:\/\/api.w.org\/{rel}","templated":true}]}}