{"id":4079,"date":"2022-04-19T07:13:55","date_gmt":"2022-04-19T12:13:55","guid":{"rendered":"https:\/\/politicosaldesnudo.com.mx\/?p=4079"},"modified":"2022-04-19T07:15:18","modified_gmt":"2022-04-19T12:15:18","slug":"historica-derrota","status":"publish","type":"post","link":"https:\/\/politicosaldesnudo.com.mx\/index.php\/2022\/04\/19\/historica-derrota\/","title":{"rendered":"Hist\u00f3rica derrota\u00a0"},"content":{"rendered":"<p>&nbsp;<\/p>\n<p class=\"p1\"><span style=\"font-size: 14pt;\"><strong>Por M\u00f3nica Camarena Crespo<\/strong><\/span><\/p>\n<p class=\"p1\"><span style=\"font-size: 14pt;\">Lo que pas\u00f3 en la C\u00e1mara de Diputados el pasado domingo es mucho m\u00e1s que desechar una reforma el\u00e9ctrica que apuntaba a un da\u00f1o irreparable. Se trata de una hist\u00f3rica derrota, la antesala, del primer ejercicio bien planeado de lo que la oposici\u00f3n podr\u00eda lograr en 2024 de continuar unida.<\/span><\/p>\n<p class=\"p1\"><span style=\"font-size: 14pt;\">El desgaste del presidente y su partido Morena fue r\u00e1pido en comparaci\u00f3n con otros periodos de gobierno, en los cuales, despu\u00e9s de los tres a\u00f1os, el poder les sonre\u00eda m\u00e1s que nunca, con mayor control y alianzas, lo contrario a lo que est\u00e1 pasando hoy en d\u00eda.<\/span><\/p>\n<p class=\"p1\"><span style=\"font-size: 14pt;\">La realidad es que, con el catastr\u00f3fico ejercicio de revocaci\u00f3n de mandato, qued\u00f3 claro que AMLO ahora solo cuenta con la mitad de la gente que lo llev\u00f3 al poder en 2018, a pesar de acarreos, movilizaci\u00f3n partidista y de los gobernadores de Morena.<\/span><\/p>\n<p class=\"p1\"><span style=\"font-size: 14pt;\">AMLO desde \u201cla chingada\u201d su rancho en Chiapas, vio como la oposici\u00f3n, esa que \u201cningunea\u201d un d\u00eda y otro tambi\u00e9n, le ech\u00f3 abajo una reforma medular que pretend\u00eda fuera uno de sus grandes legados.<\/span><\/p>\n<p class=\"p1\"><span style=\"font-size: 14pt;\">El presidente se qued\u00f3 sin discurso despu\u00e9s del fracaso en el legislativo y como acostumbra arremeti\u00f3 contra los diputados de la oposici\u00f3n.<\/span><\/p>\n<p class=\"p1\"><span style=\"font-size: 14pt;\">Lo cierto es que la derrota es amarga, tomando en cuenta que la Reforma El\u00e9ctrica no alcanz\u00f3 la mayor\u00eda calificada en la C\u00e1mara de Diputados, a pesar de que por m\u00e1s de seis meses y medio de debate, fue desechada, \u201cbotada\u201d a la basura vamos.<\/span><\/p>\n<p class=\"p1\"><span style=\"font-size: 14pt;\">Los diputados de oposici\u00f3n, unidos y sin la mezquindad que tanto da\u00f1o ha hecho, le demostraron al presidente que la \u201cley s\u00ed es la ley\u201d y que hay poderes m\u00e1s all\u00e1 de mayor\u00edas. Que los contrapesos todav\u00eda pueden lograr equilibrios a\u00fan con los excesos desde la presidencia.<\/span><\/p>\n<p class=\"p1\"><span style=\"font-size: 14pt;\">La derrota es amarga, porque es la primera vez que a un\u00a0presidente\u00a0se le niega la aprobaci\u00f3n de una reforma constitucional. Mal y de malas, por lo que puede venir.<\/span><\/p>\n<p>&nbsp;<\/p>\n<p class=\"p1\"><span style=\"font-size: 14pt;\"><strong>Twitter: @monicamarena<\/strong><\/span><\/p>\n<p>&nbsp;<\/p>\n<p>&nbsp;<\/p>\n<p>&nbsp;<\/p>\n<p>&nbsp;<\/p>\n<p>&nbsp;<\/p>\n","protected":false},"excerpt":{"rendered":"<p>&nbsp; Por M\u00f3nica Camarena Crespo Lo que pas\u00f3 en la C\u00e1mara de Diputados el pasado domingo es mucho m\u00e1s que<\/p>\n","protected":false},"author":4,"featured_media":4080,"comment_status":"closed","ping_status":"closed","sticky":false,"template":"","format":"standard","meta":{"colormag_page_container_layout":"default_layout","colormag_page_sidebar_layout":"default_layout","_jetpack_memberships_contains_paid_content":false,"footnotes":"","jetpack_publicize_message":"","jetpack_publicize_feature_enabled":true,"jetpack_social_post_already_shared":false,"jetpack_social_options":{"image_generator_settings":{"template":"highway","default_image_id":0,"font":"","enabled":false},"version":2}},"categories":[26],"tags":[],"class_list":["post-4079","post","type-post","status-publish","format-standard","has-post-thumbnail","hentry","category-columnistas"],"jetpack_publicize_connections":[],"jetpack_featured_media_url":"https:\/\/i0.wp.com\/politicosaldesnudo.com.mx\/wp-content\/uploads\/2022\/04\/MO%CC%81NICA-CAMARENA-CRESPO1.png?fit=1816%2C1016&ssl=1","jetpack-related-posts":[],"jetpack_sharing_enabled":true,"_links":{"self":[{"href":"https:\/\/politicosaldesnudo.com.mx\/index.php\/wp-json\/wp\/v2\/posts\/4079","targetHints":{"allow":["GET"]}}],"collection":[{"href":"https:\/\/politicosaldesnudo.com.mx\/index.php\/wp-json\/wp\/v2\/posts"}],"about":[{"href":"https:\/\/politicosaldesnudo.com.mx\/index.php\/wp-json\/wp\/v2\/types\/post"}],"author":[{"embeddable":true,"href":"https:\/\/politicosaldesnudo.com.mx\/index.php\/wp-json\/wp\/v2\/users\/4"}],"replies":[{"embeddable":true,"href":"https:\/\/politicosaldesnudo.com.mx\/index.php\/wp-json\/wp\/v2\/comments?post=4079"}],"version-history":[{"count":0,"href":"https:\/\/politicosaldesnudo.com.mx\/index.php\/wp-json\/wp\/v2\/posts\/4079\/revisions"}],"wp:featuredmedia":[{"embeddable":true,"href":"https:\/\/politicosaldesnudo.com.mx\/index.php\/wp-json\/wp\/v2\/media\/4080"}],"wp:attachment":[{"href":"https:\/\/politicosaldesnudo.com.mx\/index.php\/wp-json\/wp\/v2\/media?parent=4079"}],"wp:term":[{"taxonomy":"category","embeddable":true,"href":"https:\/\/politicosaldesnudo.com.mx\/index.php\/wp-json\/wp\/v2\/categories?post=4079"},{"taxonomy":"post_tag","embeddable":true,"href":"https:\/\/politicosaldesnudo.com.mx\/index.php\/wp-json\/wp\/v2\/tags?post=4079"}],"curies":[{"name":"wp","href":"https:\/\/api.w.org\/{rel}","templated":true}]}}