{"id":40818,"date":"2024-06-28T08:27:03","date_gmt":"2024-06-28T13:27:03","guid":{"rendered":"https:\/\/politicosaldesnudo.com.mx\/?p=40818"},"modified":"2024-06-28T08:27:03","modified_gmt":"2024-06-28T13:27:03","slug":"el-real-golpista","status":"publish","type":"post","link":"https:\/\/politicosaldesnudo.com.mx\/index.php\/2024\/06\/28\/el-real-golpista\/","title":{"rendered":"El real golpista"},"content":{"rendered":"<p><span style=\"font-size: 14pt;\"><strong>Por Aurelio Contreras Moreno<\/strong><\/span><\/p>\n<p><span style=\"font-size: 14pt;\">La discusi\u00f3n sobre la reforma judicial que se llevar\u00e1 a cabo de aqu\u00ed al mes de septiembre tiene que ver con la viabilidad de un verdadero sistema de justicia para el pa\u00eds, que el obradorato quiere convertir en una \u2013otra m\u00e1s- simulaci\u00f3n, en su loca carrera y desbordada ambici\u00f3n por concentrar absolutamente todo el poder en el Ejecutivo.<\/span><\/p>\n<p><span style=\"font-size: 14pt;\">La iniciativa con la que el presidente Andr\u00e9s Manuel L\u00f3pez Obrador pretende no acabar con la corrupci\u00f3n \u2013que en su sexenio y su administraci\u00f3n ha sido rampante y descarada-, sino vengarse y someter a la Suprema Corte, compromete el funcionamiento de todo el sistema de justicia, pues mientras desmantela al Poder Judicial al despojarlo de facto de su autonom\u00eda, deja intacto el malfuncionamiento de todas las fiscal\u00edas del pa\u00eds, empezando por la General de la Rep\u00fablica, fuente de la mayor\u00eda de los rezagos y corruptelas que obstaculizan el acceso a la justicia en M\u00e9xico.<\/span><\/p>\n<p><span style=\"font-size: 14pt;\">Al tener \u00fanicamente motivaciones pol\u00edticas, la reforma desmerece como enmienda jur\u00eddica, am\u00e9n de que el supuesto de que pretende \u201cdemocratizar\u201d la justicia no es m\u00e1s que una falacia, un enga\u00f1o demagogo que esconde \u2013y ni siquiera demasiado- su intenci\u00f3n de acabar con el equilibrio de poderes para, en su lugar, colocar en el Poder Judicial de la Federaci\u00f3n a jueces, magistrados y ministros cuyo compromiso no sea con la defensa de la Constituci\u00f3n \u2013raz\u00f3n de ser de ese poder de la Uni\u00f3n-, sino con el partido, fuerza pol\u00edtica o poder f\u00e1ctico que los impulse para llegar y permanecer en el cargo.<\/span><\/p>\n<p><span style=\"font-size: 14pt;\">Y este \u00faltimo punto es quiz\u00e1s el que resulta m\u00e1s grave, y tambi\u00e9n m\u00e1s sospechoso. Como lo han mencionado ya varios analistas, en las no pocas regiones del pa\u00eds bajo control del crimen organizado \u2013por obra u omisi\u00f3n del gobierno-, \u00bfqui\u00e9n cree que va a operar una elecci\u00f3n, en especial de jueces, que son los que de manera directa les pueden brindar impunidad? La respuesta, de tan obvia, genera suspicacias sobre las reales motivaciones del obradorato para insistir en una reforma que en los hechos, ya no tiene necesidad pol\u00edtica de llevar a cabo.<\/span><\/p>\n<p><span style=\"font-size: 14pt;\">Con el actual texto constitucional, el gobierno que encabezar\u00e1 Claudia Sheinbaum tendr\u00eda la posibilidad de proponer ministros para la Suprema Corte de Justicia que, a diferencia de lo que ocurrido en este sexenio, no tendr\u00edan problema alguno para pasar la aduana del Congreso de la Uni\u00f3n, pues Morena lo controlar\u00e1 por completo.<\/span><\/p>\n<p><span style=\"font-size: 14pt;\">Esto es, una vez que concluyese el periodo de varios de los ministros no alineados al r\u00e9gimen en el siguiente sexenio, podr\u00edan impulsar \u2013como no han tenido recato en hacer- a togados afines a sus intereses. Podr\u00edan llenar sin problema la Corte de \u201cYasmines\u201d o de \u201cLenias\u201d, 100 por ciento leales a \u201cla causa\u201d y cero por ciento capaces para articular argumento jur\u00eddico alguno que no sea vil demagogia.<\/span><\/p>\n<p><span style=\"font-size: 14pt;\">Sin embargo, por lo que el verdadero factor de poder en M\u00e9xico \u2013el todav\u00eda presidente Andr\u00e9s Manuel L\u00f3pez Obrador, porque Claudia Sheinbaum es una convidada de piedra- ha optado es por el desmantelamiento del sistema de pesos y contrapesos que le dio viabilidad democr\u00e1tica a la Rep\u00fablica las \u00faltimas tres d\u00e9cadas.<\/span><\/p>\n<p><span style=\"font-size: 14pt;\">Y eso, en palabras de la magistrada <strong>Paula Mar\u00eda Garc\u00eda Villegas S\u00e1nchez Cordero<\/strong>, hija de la ministra en retiro\u00a0<strong>y\u00a0<\/strong>senadora de <strong>Morena<\/strong> <strong>Olga S\u00e1nchez Cordero, significar\u00eda exactamente lo mismo de lo que el r\u00e9gimen se la pas\u00f3 asustando con el \u201cpetate del muerto\u201d durante todo el sexenio: un golpe de Estado t\u00e9cnico.<\/strong><\/span><\/p>\n<p><span style=\"font-size: 14pt;\">\u201cYo\u00a0<strong>llamo a la reconsideraci\u00f3n de este tema<\/strong>, por favor, para que puedan llegar los mejores jueces y magistrados y t\u00e9cnicamente\u00a0<strong>no haya un golpe de Estado<\/strong>, porque\u00a0<strong>desaparecer\u00eda todo un poder p\u00fablico<\/strong>\u201d, alert\u00f3 en sus redes la hija de la ex ministra, quien luego borr\u00f3 el video que public\u00f3. Pero el testimonio qued\u00f3.<\/span><\/p>\n<p><span style=\"font-size: 14pt;\">\u00bfQui\u00e9n es el real golpista aqu\u00ed?<\/span><\/p>\n","protected":false},"excerpt":{"rendered":"<p>Por Aurelio Contreras Moreno La discusi\u00f3n sobre la reforma judicial que se llevar\u00e1 a cabo de aqu\u00ed al mes de<\/p>\n","protected":false},"author":4,"featured_media":4397,"comment_status":"closed","ping_status":"closed","sticky":false,"template":"","format":"standard","meta":{"colormag_page_container_layout":"default_layout","colormag_page_sidebar_layout":"default_layout","_jetpack_memberships_contains_paid_content":false,"footnotes":"","jetpack_publicize_message":"","jetpack_publicize_feature_enabled":true,"jetpack_social_post_already_shared":false,"jetpack_social_options":{"image_generator_settings":{"template":"highway","default_image_id":0,"font":"","enabled":false},"version":2}},"categories":[26],"tags":[],"class_list":["post-40818","post","type-post","status-publish","format-standard","has-post-thumbnail","hentry","category-columnistas"],"jetpack_publicize_connections":[],"jetpack_featured_media_url":"https:\/\/i0.wp.com\/politicosaldesnudo.com.mx\/wp-content\/uploads\/2022\/04\/AURELIO-CONTRERAS-MORENO-1.png?fit=1816%2C1016&ssl=1","jetpack-related-posts":[],"jetpack_sharing_enabled":true,"_links":{"self":[{"href":"https:\/\/politicosaldesnudo.com.mx\/index.php\/wp-json\/wp\/v2\/posts\/40818","targetHints":{"allow":["GET"]}}],"collection":[{"href":"https:\/\/politicosaldesnudo.com.mx\/index.php\/wp-json\/wp\/v2\/posts"}],"about":[{"href":"https:\/\/politicosaldesnudo.com.mx\/index.php\/wp-json\/wp\/v2\/types\/post"}],"author":[{"embeddable":true,"href":"https:\/\/politicosaldesnudo.com.mx\/index.php\/wp-json\/wp\/v2\/users\/4"}],"replies":[{"embeddable":true,"href":"https:\/\/politicosaldesnudo.com.mx\/index.php\/wp-json\/wp\/v2\/comments?post=40818"}],"version-history":[{"count":0,"href":"https:\/\/politicosaldesnudo.com.mx\/index.php\/wp-json\/wp\/v2\/posts\/40818\/revisions"}],"wp:featuredmedia":[{"embeddable":true,"href":"https:\/\/politicosaldesnudo.com.mx\/index.php\/wp-json\/wp\/v2\/media\/4397"}],"wp:attachment":[{"href":"https:\/\/politicosaldesnudo.com.mx\/index.php\/wp-json\/wp\/v2\/media?parent=40818"}],"wp:term":[{"taxonomy":"category","embeddable":true,"href":"https:\/\/politicosaldesnudo.com.mx\/index.php\/wp-json\/wp\/v2\/categories?post=40818"},{"taxonomy":"post_tag","embeddable":true,"href":"https:\/\/politicosaldesnudo.com.mx\/index.php\/wp-json\/wp\/v2\/tags?post=40818"}],"curies":[{"name":"wp","href":"https:\/\/api.w.org\/{rel}","templated":true}]}}