{"id":4082,"date":"2022-04-19T07:20:13","date_gmt":"2022-04-19T12:20:13","guid":{"rendered":"https:\/\/politicosaldesnudo.com.mx\/?p=4082"},"modified":"2022-04-19T07:29:19","modified_gmt":"2022-04-19T12:29:19","slug":"la-constitucion-en-la-cuarta-transformacion","status":"publish","type":"post","link":"https:\/\/politicosaldesnudo.com.mx\/index.php\/2022\/04\/19\/la-constitucion-en-la-cuarta-transformacion\/","title":{"rendered":"La Constituci\u00f3n en la Cuarta Transformaci\u00f3n"},"content":{"rendered":"<p>&nbsp;<\/p>\n<p class=\"p1\"><span style=\"font-size: 14pt;\"><strong>Por Alberto Woolrich Ort\u00edz<\/strong><\/span><\/p>\n<p class=\"p1\"><span style=\"font-size: 14pt;\">Se\u00f1or Lic. Andr\u00e9s Manuel L\u00f3pez Obrador, sus asesores jur\u00eddicos deben hacerle saber que usted c\u00f3mo Presidente Constitucional de los Estados Unidos Mexicanos, recibi\u00f3, como todos los \u00f3rganos de poder, su investidura y sus facultades de una fuente superior a la Cuarta Transformaci\u00f3n de la Naci\u00f3n; esa ra\u00edz es nuestra Constituci\u00f3n Pol\u00edtica; en jur\u00eddico lenguaje quiere decir que nuestra Carta Magna se encuentra muy por encima de su voluntad particular. Nuestra doctrina constitucional as\u00ed lo interpreta y le puso como nombre el de \u201cPoder Constituyente\u201d,<span class=\"Apple-converted-space\">\u00a0 <\/span>Usted en su calidad de Primer Magistrado, ese saber lo llama con el nombre de \u201cPoder Constituido\u201d.<\/span><\/p>\n<p class=\"p1\"><span style=\"font-size: 14pt;\">Cronol\u00f3gicamente, para ilustrar a sus asesores, si es que los tiene, el \u201cPoder Constituyente\u201d es anterior y por desde luego precede a su \u201cPoder Constituido\u201d. Tambi\u00e9n ellos tienen que saber: que el Constituyente es el que gui\u00f3 la tinta para elaborar la Constituci\u00f3n. Una vez efectuado ello, desaparece del escenario pol\u00edtico jur\u00eddico del Estado, para ser sustituido por el Poder Constituido, es decir, Usted.<span class=\"Apple-converted-space\">\u00a0<\/span><\/span><\/p>\n<blockquote>\n<p class=\"p1\"><span style=\"font-size: 14pt;\">Desde un punto de vista de las funciones, la diferencia es \u201cneta\u201d. El Poder Constituyente no gobierna, s\u00f3lo expidi\u00f3 la Suprema Ley en virtud de la cual Usted gobierna. Pero Usted a su vez, no debe de hacer otra cosa m\u00e1s que dirigir los destinos de la Naci\u00f3n en los t\u00e9rminos y l\u00edmites se\u00f1alados por la ley emanada de ese hist\u00f3rico \u201cPoder Constituyente\u201d, sin que jam\u00e1s pueda o deba en su car\u00e1cter de Presidente de la Rep\u00fablica alterar en forma alguna la ley que lo llev\u00f3 al cargo que ahora detenta.<\/span><\/p>\n<\/blockquote>\n<p class=\"p1\"><span style=\"font-size: 14pt;\">C\u00f3mo todas las cosas de excelencia, nuestra Suprema Ley es incorporea e intangible, lo cu\u00e1l en lenguaje jur\u00eddico significa que nuestra Carta Republicana es r\u00edgida. Ella \u201cla Constituci\u00f3n\u201d no admite bajo ninguna circunstancia, que ning\u00fan \u201cPoder Constituido\u201d, pueda poner mano en ella, alterandola o pisote\u00e1ndola, pues tal evento implicar\u00eda la destrucci\u00f3n del \u201corden constitucional\u201d.<\/span><\/p>\n<p class=\"p1\"><span style=\"font-size: 14pt;\">Dando continuidad e hilacion al mismo orden de ideas, se tiene que decir que la rigidez de la Carta de Carranza (la cual usted jur\u00f3 respetar y cumplir) previene por lo tanto, que ning\u00fan poder constituido, as\u00ed sea \u00e9ste, el poder presidencial, puede mancillar su esp\u00edritu.<\/span><\/p>\n<p class=\"p1\"><span style=\"font-size: 14pt;\">Muy especial consideraci\u00f3n merece referir que su obligaci\u00f3n como Presidente de la Naci\u00f3n es respetar la \u201csupremac\u00eda\u201d de nuestro texto constitucional, ello lo ordena el art\u00edculo 128, seg\u00fan el cu\u00e1l: \u201ctodo funcionario p\u00fablico, sin excepci\u00f3n alguna, antes de tomar posesi\u00f3n de su cargo prestar\u00e1 la protesta de guardar la Constituci\u00f3n y las Leyes que de ella emanen\u201d<span class=\"Apple-converted-space\">\u00a0<\/span><\/span><\/p>\n<p class=\"p1\"><span style=\"font-size: 14pt;\">Ahora bien, despu\u00e9s de exponer todo lo antepuesto, tambi\u00e9n hay que decir que ninguna ley lo faculta, ni mucho menos a su Fiscal de confianza a brindarle impunidad a la pol\u00edtica.<\/span><\/p>\n<p class=\"p1\"><span style=\"font-size: 14pt;\">Dado lo expuesto, la Academia de Derecho Penal del Colegio de Abogados de M\u00e9xico A.C., le requiere a poner marcha atr\u00e1s a su pol\u00edtica de \u201c abrazos y besos\u201d y enfrente viril y pol\u00edticamente ese problema que da\u00f1a la integridad de nuestro M\u00e9xico. <strong>Salus populis suprema lex est.<\/strong><\/span><\/p>\n<p class=\"p1\"><span style=\"font-size: 14pt;\">Es cu\u00e1nto<\/span><\/p>\n<p>&nbsp;<\/p>\n<p>&nbsp;<\/p>\n<p class=\"p1\"><span style=\"font-size: 14pt;\"><strong>Lic. Alberto Woolrich Ort\u00edz<\/strong><\/span><\/p>\n<p class=\"p1\"><span style=\"font-size: 14pt;\"><strong>Presidente de la Academia de Derecho<\/strong><\/span><\/p>\n<p class=\"p1\"><span style=\"font-size: 14pt;\"><strong>Penal del Colegio de Abogados de M\u00e9xico A.C<\/strong><\/span><\/p>\n<p>&nbsp;<\/p>\n<p>&nbsp;<\/p>\n<p>&nbsp;<\/p>\n<p>&nbsp;<\/p>\n","protected":false},"excerpt":{"rendered":"<p>&nbsp; Por Alberto Woolrich Ort\u00edz Se\u00f1or Lic. Andr\u00e9s Manuel L\u00f3pez Obrador, sus asesores jur\u00eddicos deben hacerle saber que usted c\u00f3mo<\/p>\n","protected":false},"author":4,"featured_media":3845,"comment_status":"closed","ping_status":"closed","sticky":false,"template":"","format":"standard","meta":{"colormag_page_container_layout":"default_layout","colormag_page_sidebar_layout":"default_layout","_jetpack_memberships_contains_paid_content":false,"footnotes":"","jetpack_publicize_message":"","jetpack_publicize_feature_enabled":true,"jetpack_social_post_already_shared":false,"jetpack_social_options":{"image_generator_settings":{"template":"highway","default_image_id":0,"font":"","enabled":false},"version":2}},"categories":[26],"tags":[],"class_list":["post-4082","post","type-post","status-publish","format-standard","has-post-thumbnail","hentry","category-columnistas"],"jetpack_publicize_connections":[],"jetpack_featured_media_url":"https:\/\/i0.wp.com\/politicosaldesnudo.com.mx\/wp-content\/uploads\/2022\/04\/CABEZAL-ALBERTO-WOOD.png?fit=1816%2C1016&ssl=1","jetpack-related-posts":[],"jetpack_sharing_enabled":true,"_links":{"self":[{"href":"https:\/\/politicosaldesnudo.com.mx\/index.php\/wp-json\/wp\/v2\/posts\/4082","targetHints":{"allow":["GET"]}}],"collection":[{"href":"https:\/\/politicosaldesnudo.com.mx\/index.php\/wp-json\/wp\/v2\/posts"}],"about":[{"href":"https:\/\/politicosaldesnudo.com.mx\/index.php\/wp-json\/wp\/v2\/types\/post"}],"author":[{"embeddable":true,"href":"https:\/\/politicosaldesnudo.com.mx\/index.php\/wp-json\/wp\/v2\/users\/4"}],"replies":[{"embeddable":true,"href":"https:\/\/politicosaldesnudo.com.mx\/index.php\/wp-json\/wp\/v2\/comments?post=4082"}],"version-history":[{"count":0,"href":"https:\/\/politicosaldesnudo.com.mx\/index.php\/wp-json\/wp\/v2\/posts\/4082\/revisions"}],"wp:featuredmedia":[{"embeddable":true,"href":"https:\/\/politicosaldesnudo.com.mx\/index.php\/wp-json\/wp\/v2\/media\/3845"}],"wp:attachment":[{"href":"https:\/\/politicosaldesnudo.com.mx\/index.php\/wp-json\/wp\/v2\/media?parent=4082"}],"wp:term":[{"taxonomy":"category","embeddable":true,"href":"https:\/\/politicosaldesnudo.com.mx\/index.php\/wp-json\/wp\/v2\/categories?post=4082"},{"taxonomy":"post_tag","embeddable":true,"href":"https:\/\/politicosaldesnudo.com.mx\/index.php\/wp-json\/wp\/v2\/tags?post=4082"}],"curies":[{"name":"wp","href":"https:\/\/api.w.org\/{rel}","templated":true}]}}