{"id":40820,"date":"2024-06-28T08:30:33","date_gmt":"2024-06-28T13:30:33","guid":{"rendered":"https:\/\/politicosaldesnudo.com.mx\/?p=40820"},"modified":"2024-06-28T08:30:33","modified_gmt":"2024-06-28T13:30:33","slug":"habitantes-de-fortin-veracruz-retienen-a-alcalde-durante-bloqueo","status":"publish","type":"post","link":"https:\/\/politicosaldesnudo.com.mx\/index.php\/2024\/06\/28\/habitantes-de-fortin-veracruz-retienen-a-alcalde-durante-bloqueo\/","title":{"rendered":"Habitantes de Fort\u00edn, Veracruz, retienen a alcalde durante bloqueo"},"content":{"rendered":"<div>\n<div id=\"content-body-225-12152420\">\n<p><span style=\"font-size: 14pt;\">Habitantes del municipio de\u00a0Fort\u00edn de Las Flores, Veracruz, mantienen retenido\u00a0al alcalde\u00a0Gerardo Rosales Victoria, en protesta por la\u00a0falta de agua\u00a0en la comunidad.<\/span><\/p>\n<p><span style=\"font-size: 14pt;\">Los vecinos de las comunidades Monte Blanco, Monte Salas, Puente Blanco, Colonia San Jos\u00e9, realizaron un\u00a0bloqueo en la carretera federal\u00a0Fort\u00edn-Huatusco\u00a0para presionar la intervenci\u00f3n del Gobierno del Estado, luego de que habitantes de Tetla, municipio de Chocam\u00e1n,\u00a0cerraron la v\u00e1lvula del manantial que les abastece de agua.<\/span><\/p>\n<\/div>\n<\/div>\n<div>\n<div id=\"dfp-nota-1x3s\" data-google-query-id=\"CLe5zsqz_oYDFXW2ywEddXkKpA\">\n<div id=\"google_ads_iframe_\/2000002\/la-prensa\/mexico_nota_1x3_0__container__\"><span style=\"font-size: 14pt;\">Los habitantes de Fort\u00edn aseguran que los comuneros de Tetla\u00a0han condicionado la apertura de las v\u00e1lvulas con la ejecuci\u00f3n de una serie de obras\u00a0por parte del\u00a0Gobierno municipal, argumentando que estas mejoras son necesarias para el beneficio de su comunidad.<\/span><\/div>\n<\/div>\n<\/div>\n<article>\n<div id=\"content-body-5851641-12152420\">\n<p><span style=\"font-size: 14pt;\">Sin embargo, el alcalde de Fort\u00edn se niega a llevar a cabo sus solicitud debido a que caer\u00eda en un desv\u00edo se recursos y es algo ilegal.<\/span><\/p>\n<p><span style=\"font-size: 14pt;\">El bloqueo que ya lleva m\u00e1s de diez horas afecta a cientos de personas que circulan por la carretera federal\u00a0Fort\u00edn-Huatusco\u00a0y los autobuses de la linea Terranova que van hacia Huatusco est\u00e1n tomando como v\u00edas alternas caminos vecinales.<\/span><\/p>\n<section>\n<div>\n<div><span style=\"font-size: 14pt;\">Los manifestantes dicen que no dejaran ir al alcalde pues aseguran que\u00a0si lo dejan irse no habr\u00e1 soluci\u00f3n.<\/span><\/div>\n<\/div>\n<\/section>\n<p><span style=\"font-size: 14pt;\">Por su parte, Rosales Victoria pide dialogar con el alcalde de Chocam\u00e1n, Ernesto Ruiz, pero hasta ahora no le responden.<\/span><\/p>\n<\/div>\n<\/article>\n","protected":false},"excerpt":{"rendered":"<p>Habitantes del municipio de\u00a0Fort\u00edn de Las Flores, Veracruz, mantienen retenido\u00a0al alcalde\u00a0Gerardo Rosales Victoria, en protesta por la\u00a0falta de agua\u00a0en la<\/p>\n","protected":false},"author":4,"featured_media":40821,"comment_status":"closed","ping_status":"closed","sticky":false,"template":"","format":"standard","meta":{"colormag_page_container_layout":"default_layout","colormag_page_sidebar_layout":"default_layout","_jetpack_memberships_contains_paid_content":false,"footnotes":"","jetpack_publicize_message":"","jetpack_publicize_feature_enabled":true,"jetpack_social_post_already_shared":false,"jetpack_social_options":{"image_generator_settings":{"template":"highway","default_image_id":0,"font":"","enabled":false},"version":2}},"categories":[33],"tags":[],"class_list":["post-40820","post","type-post","status-publish","format-standard","has-post-thumbnail","hentry","category-nacional"],"jetpack_publicize_connections":[],"jetpack_featured_media_url":"https:\/\/i0.wp.com\/politicosaldesnudo.com.mx\/wp-content\/uploads\/2024\/06\/Bloquean-carretera-federal-Fortin-Huatusco-por-falta-de-agua.jpg?fit=960%2C599&ssl=1","jetpack-related-posts":[],"jetpack_sharing_enabled":true,"_links":{"self":[{"href":"https:\/\/politicosaldesnudo.com.mx\/index.php\/wp-json\/wp\/v2\/posts\/40820","targetHints":{"allow":["GET"]}}],"collection":[{"href":"https:\/\/politicosaldesnudo.com.mx\/index.php\/wp-json\/wp\/v2\/posts"}],"about":[{"href":"https:\/\/politicosaldesnudo.com.mx\/index.php\/wp-json\/wp\/v2\/types\/post"}],"author":[{"embeddable":true,"href":"https:\/\/politicosaldesnudo.com.mx\/index.php\/wp-json\/wp\/v2\/users\/4"}],"replies":[{"embeddable":true,"href":"https:\/\/politicosaldesnudo.com.mx\/index.php\/wp-json\/wp\/v2\/comments?post=40820"}],"version-history":[{"count":0,"href":"https:\/\/politicosaldesnudo.com.mx\/index.php\/wp-json\/wp\/v2\/posts\/40820\/revisions"}],"wp:featuredmedia":[{"embeddable":true,"href":"https:\/\/politicosaldesnudo.com.mx\/index.php\/wp-json\/wp\/v2\/media\/40821"}],"wp:attachment":[{"href":"https:\/\/politicosaldesnudo.com.mx\/index.php\/wp-json\/wp\/v2\/media?parent=40820"}],"wp:term":[{"taxonomy":"category","embeddable":true,"href":"https:\/\/politicosaldesnudo.com.mx\/index.php\/wp-json\/wp\/v2\/categories?post=40820"},{"taxonomy":"post_tag","embeddable":true,"href":"https:\/\/politicosaldesnudo.com.mx\/index.php\/wp-json\/wp\/v2\/tags?post=40820"}],"curies":[{"name":"wp","href":"https:\/\/api.w.org\/{rel}","templated":true}]}}