{"id":40826,"date":"2024-06-28T08:36:27","date_gmt":"2024-06-28T13:36:27","guid":{"rendered":"https:\/\/politicosaldesnudo.com.mx\/?p=40826"},"modified":"2024-06-28T08:36:27","modified_gmt":"2024-06-28T13:36:27","slug":"trabajadores-del-imss-habrian-robado-medicina-de-clinica-en-culiacan-esto-sabemos-del-caso","status":"publish","type":"post","link":"https:\/\/politicosaldesnudo.com.mx\/index.php\/2024\/06\/28\/trabajadores-del-imss-habrian-robado-medicina-de-clinica-en-culiacan-esto-sabemos-del-caso\/","title":{"rendered":"Trabajadores del IMSS habr\u00edan robado medicina de cl\u00ednica en Culiac\u00e1n: esto sabemos del caso"},"content":{"rendered":"<div class=\"content-body clearfix \">\n<div id=\"content-body-225-12154634\">\n<p><span style=\"font-size: 14pt;\">Tras un\u00a0<b>operativo<\/b>\u00a0realizado por la Fiscal\u00eda General de la Rep\u00fablica (<b>FGR<\/b>), arrestaron a cuatro empleados del<b>\u00a0<\/b><b>Instituto Mexicano del Seguro Social<\/b>\u00a0(IMSS) por su presunta participaci\u00f3n en una red de robo de medicamentos en Culiac\u00e1n. La detenci\u00f3n se realiz\u00f3 la ma\u00f1ana del martes 25 de junio en el Hospital Regional n\u00famero 1.<\/span><\/p>\n<p><span style=\"font-size: 14pt;\">El dispositivo de seguridad implementado por la FGR sorprendi\u00f3 a empleados y derechohabientes que se encontraban cerca de la farmacia del hospital, donde se llevaron a cabo las detenciones. En consecuencia,\u00a0<b>la farmacia fue cerrada al p\u00fablico<\/b>\u00a0hasta nuevo aviso, en tanto se realizan las\u00a0<b>investigaciones<\/b>\u00a0pertinentes.<\/span><\/p>\n<\/div>\n<\/div>\n<div class=\"advertisment \">\n<div id=\"dfp-nota-1x3s\" data-google-query-id=\"CJDU1eq0_oYDFaizywEdx-YDNg\">\n<div id=\"google_ads_iframe_\/2000002\/la-prensa\/mexico_nota_1x3_0__container__\"><span style=\"font-size: 14pt;\">Un video en redes sociales es la evidencia del delito<\/span><\/div>\n<\/div>\n<\/div>\n<article class=\"content-continued-body clearfix \">\n<div id=\"content-body-5851641-12154634\">\n<p><span style=\"font-size: 14pt;\">A trav\u00e9s de redes sociales se difundi\u00f3 un video en el cual se evidencia el presunto robo de medicamentos, aunque no ha podido ser verificado,\u00a0<b>preocupa<\/b>\u00a0a los usuarios del IMSS debido a que revela\u00a0<b>posibles fallas en los mecanismos de control y seguridad<\/b>\u00a0de los\u00a0<b>medicamentos<\/b>.<\/span><\/p>\n<p><span style=\"font-size: 14pt;\">Debe haber c\u00f3mplices externos: Rocha Moya<\/span><\/p>\n<p><span style=\"font-size: 14pt;\">Fue el pasado mi\u00e9rcoles 26 de junio cuando los presuntos responsables ingresaron al penal de Aguaruto, Culiac\u00e1n. El gobernador de Sinaloa, Rub\u00e9n Rocha Moya, especific\u00f3 que se espera que m\u00e1s personas se a\u00f1adan a la l\u00ednea de investigaci\u00f3n y tambi\u00e9n las detengan.<\/span><\/p>\n<p><span style=\"font-size: 14pt;\"><i>\u00abPresuntamente, debe de haber otras personas, debe haber c\u00f3mplices externos, eso lo presume con sus elementos la Fiscal\u00eda y est\u00e1n internados en el penal de Aguaruto&#8230; no han presentado su audiencia inicial\u201d<\/i>, expres\u00f3.<\/span><\/p>\n<p><span style=\"font-size: 14pt;\">Por su parte, el\u00a0<b>IMSS<\/b>\u00a0emiti\u00f3 un comunicado donde asegura que<b>\u00a0cooperar\u00e1 plenamente con las autoridades para esclarecer los hechos<\/b>\u00a0y tomar las medidas necesarias para evitar que situaciones similares se repitan en el futuro.<\/span><\/p>\n<p><span style=\"font-size: 14pt;\">Empresarios aplauden resultado positivo del operativo<\/span><\/p>\n<p><span style=\"font-size: 14pt;\">Ante el resultado positivo del operativo implementado en el IMSS Regional 1 el pasado martes 25 de junio, el sector empresarial reconoci\u00f3 el trabajo de los elementos de seguridad, declarando que ante la falta de medicamento a nivel nacional,\u00a0<b>la situaci\u00f3n en el sector salud ya es preocupante.<\/b><\/span><\/p>\n<p><span style=\"font-size: 14pt;\"><span class=\"quote\">El hecho es de aplaudirse, porque al final est\u00e1n tomando acciones sobre un nicho que podr\u00eda tener una consecuencia delictiva y aunque no se ha hablado a profundidad del delito espec\u00edfico, se habla del robo de medicamento.<\/span><span class=\"cite\">Sergio \u00c1lvarez, presidente de Canacintra Sinaloa.<\/span><\/span><\/p>\n<p><span style=\"font-size: 14pt;\">Usuarios y la poblaci\u00f3n en general esperan que las investigaciones contin\u00faen y den con todos los responsables de este delito, para que se<b>\u00a0regularice el reparto de medicamentos de manera segura<\/b>\u00a0y todos los derechohabientes puedan contar con sus dosis requeridas.<\/span><\/p>\n<\/div>\n<\/article>\n","protected":false},"excerpt":{"rendered":"<p>Tras un\u00a0operativo\u00a0realizado por la Fiscal\u00eda General de la Rep\u00fablica (FGR), arrestaron a cuatro empleados del\u00a0Instituto Mexicano del Seguro Social\u00a0(IMSS) por<\/p>\n","protected":false},"author":4,"featured_media":40827,"comment_status":"closed","ping_status":"closed","sticky":false,"template":"","format":"standard","meta":{"colormag_page_container_layout":"default_layout","colormag_page_sidebar_layout":"default_layout","_jetpack_memberships_contains_paid_content":false,"footnotes":"","jetpack_publicize_message":"","jetpack_publicize_feature_enabled":true,"jetpack_social_post_already_shared":false,"jetpack_social_options":{"image_generator_settings":{"template":"highway","default_image_id":0,"font":"","enabled":false},"version":2}},"categories":[33],"tags":[],"class_list":["post-40826","post","type-post","status-publish","format-standard","has-post-thumbnail","hentry","category-nacional"],"jetpack_publicize_connections":[],"jetpack_featured_media_url":"https:\/\/i0.wp.com\/politicosaldesnudo.com.mx\/wp-content\/uploads\/2024\/06\/imss-culiacan-1024x640_.jpg?fit=1024%2C640&ssl=1","jetpack-related-posts":[],"jetpack_sharing_enabled":true,"_links":{"self":[{"href":"https:\/\/politicosaldesnudo.com.mx\/index.php\/wp-json\/wp\/v2\/posts\/40826","targetHints":{"allow":["GET"]}}],"collection":[{"href":"https:\/\/politicosaldesnudo.com.mx\/index.php\/wp-json\/wp\/v2\/posts"}],"about":[{"href":"https:\/\/politicosaldesnudo.com.mx\/index.php\/wp-json\/wp\/v2\/types\/post"}],"author":[{"embeddable":true,"href":"https:\/\/politicosaldesnudo.com.mx\/index.php\/wp-json\/wp\/v2\/users\/4"}],"replies":[{"embeddable":true,"href":"https:\/\/politicosaldesnudo.com.mx\/index.php\/wp-json\/wp\/v2\/comments?post=40826"}],"version-history":[{"count":0,"href":"https:\/\/politicosaldesnudo.com.mx\/index.php\/wp-json\/wp\/v2\/posts\/40826\/revisions"}],"wp:featuredmedia":[{"embeddable":true,"href":"https:\/\/politicosaldesnudo.com.mx\/index.php\/wp-json\/wp\/v2\/media\/40827"}],"wp:attachment":[{"href":"https:\/\/politicosaldesnudo.com.mx\/index.php\/wp-json\/wp\/v2\/media?parent=40826"}],"wp:term":[{"taxonomy":"category","embeddable":true,"href":"https:\/\/politicosaldesnudo.com.mx\/index.php\/wp-json\/wp\/v2\/categories?post=40826"},{"taxonomy":"post_tag","embeddable":true,"href":"https:\/\/politicosaldesnudo.com.mx\/index.php\/wp-json\/wp\/v2\/tags?post=40826"}],"curies":[{"name":"wp","href":"https:\/\/api.w.org\/{rel}","templated":true}]}}