{"id":40829,"date":"2024-06-28T08:39:44","date_gmt":"2024-06-28T13:39:44","guid":{"rendered":"https:\/\/politicosaldesnudo.com.mx\/?p=40829"},"modified":"2024-06-28T08:39:44","modified_gmt":"2024-06-28T13:39:44","slug":"nerviosismo-y-tension-a-tope-en-el-arranque-de-foros-sobre-reforma-judicial","status":"publish","type":"post","link":"https:\/\/politicosaldesnudo.com.mx\/index.php\/2024\/06\/28\/nerviosismo-y-tension-a-tope-en-el-arranque-de-foros-sobre-reforma-judicial\/","title":{"rendered":"Nerviosismo y tensi\u00f3n a tope en el arranque de foros sobre reforma judicial"},"content":{"rendered":"<div>\n<div id=\"content-body-225-12156822\">\n<p><span style=\"font-size: 14pt;\">De un lado las sonrisas forzadas, los mentones r\u00edgidos, las miradas fijas en el horizonte o hacia alg\u00fan punto indefinido. Del otro lado los semblantes altivos, las porras fuera del gui\u00f3n, el triunfalismo adelantado. La tensi\u00f3n se respira en un sal\u00f3n atiborrado. Las ausencias. Los discursos son punzantes, definitorios en el inicio del debate sobre el futuro del\u00a0Poder Judicial.<\/span><\/p>\n<p><span style=\"font-size: 14pt;\">El llamado \u201cPlan C\u201d del presidente Andr\u00e9s Manuel L\u00f3pez Obrador est\u00e1 en marcha.\u00a0Y lo est\u00e1 en el sitio donde tuvo uno de sus primeros grandes encontronazos con la justicia, en la C\u00e1mara de Diputados, donde en 2005 acudi\u00f3 como jefe de Gobierno del entonces Distrito Federal a enfrentar un proceso de desafuero.<\/span><\/p>\n<\/div>\n<\/div>\n<div>\n<div id=\"dfp-nota-1x1s\" data-google-query-id=\"CNqUmb61_oYDFWO2ywEdmqALbw\">\n<div id=\"google_ads_iframe_\/2000002\/la-prensa\/mexico_nota_1x1_0__container__\"><span style=\"font-size: 14pt;\">Las y los ministros se fracturan en dos bloques bien definidos en el Congreso de la Uni\u00f3n, en el arranque de los \u201cDi\u00e1logos Nacionales sobre las reformas constitucionales al Poder Judicial, ante la mirada at\u00f3nita, a veces divertida y en ocasiones llena de asombro de legisladores y juzgadores.<\/span><\/div>\n<\/div>\n<\/div>\n<article>\n<div id=\"content-body-5851641-12156822\">\n<p><span style=\"font-size: 14pt;\">Alejandro Gertz Manero, fiscal General de la Rep\u00fablica, cancela de \u00faltimo momento cuando horas antes hab\u00eda confirmado su asistencia.\u00a0Esas se\u00f1ales tambi\u00e9n se sopesan en las horas definitorias del sistema judicial mexicano, quiz\u00e1 no vistas desde hace 30 a\u00f1os, la de 1994, al inicio del sexenio de\u00a0Ernesto Zedillo, cuando una reforma constitucional redujo la integraci\u00f3n de la Suprema Corte de 26 a 11 ministros.<\/span><\/p>\n<p><span style=\"font-size: 14pt;\">Todos los focos est\u00e1n sobre la ministra presidenta de la Suprema Corte de Justicia de la Naci\u00f3n (SCJN),\u00a0Norma Luc\u00eda Pi\u00f1a Hern\u00e1ndez,\u00a0la que se ha echado encima la defensa del Poder Judicial en el permanente conflicto con el Poder Ejecutivo, con el presidente de la Rep\u00fablica, la que ha alertado sobre los riesgos de aprobar una reforma judicial como la plantea el primer mandatario.<\/span><\/p>\n<div>\n<div>\n<div><span style=\"font-size: 14pt;\">La ministra presidenta que le puso freno a distintas reformas prioritarias de L\u00f3pez Obrador que, al final, derivaron en el anuncio del presidente de que habr\u00eda un\u00a0\u201cPlan C\u201d\u00a0para sacar adelante sus proyectos de ley, entre ellos la elecci\u00f3n de los ministros de la Corte, a trav\u00e9s del voto de la ciudadan\u00eda, si Morena y sus aliados obten\u00edan mayor\u00eda en ambas C\u00e1maras del Congreso.<\/span><\/div>\n<\/div>\n<\/div>\n<p><span style=\"font-size: 14pt;\">Ese amago presidencial se precipit\u00f3 tras los comicios del 2 de junio y hoy, aqu\u00ed, inicia ese camino, en el recinto legislativo de San L\u00e1zaro, a espaldas del Consejo de la Judicatura Federal (CJF) y a diez calles de la sede de la SCJN, caminando por la calle Corregidora.<\/span><\/p>\n<section>\n<div>\n<div><span style=\"font-size: 14pt;\">La ministra presidenta anota en su libreta. De vez en vez frunce el ce\u00f1o. Se remueve continuamente en la silla de piel cuando legisladores y ministros se pronuncian a favor del \u201cPlan C\u201d. A su lado derecho dos sillas vac\u00edas. Una de ellas correspond\u00eda a Gertz Manero.\u00a0Norma Luc\u00eda Pi\u00f1a Hern\u00e1ndez se mantiene tranquila ante la protesta de la diputada trans de Morena, Mar\u00eda Clemente, quien se para a sus espaldas, rompe papeles y reclama a gritos que jueces hayan liberado a asesinos de mujeres trans. La ministra presidenta le cede la palabra a Bernardo B\u00e1tiz, consejero de la Judicatura Federal y uno de los incondicionales del presidente L\u00f3pez Obrador.<\/span><\/div>\n<\/div>\n<\/section>\n<div>\n<div>\n<div>\n<div>\n<div>\n<div><span style=\"font-size: 14pt;\">\u201cLa justicia en M\u00e9xico no es un monopolio del Poder Judicial.\u00a0Seamos cr\u00edticos del sistema de justicia, pero centremos est\u00e1 cr\u00edtica en las necesidades de las v\u00edctimas, pero critiquemos partiendo de la verdad, de los datos ciertos, de las cifras correctas valoradas en su contexto. Critiquemos con honestidad, critiquemos con responsabilidad de Estado\u201d, se\u00f1al\u00f3.<\/span><\/div>\n<\/div>\n<\/div>\n<\/div>\n<\/div>\n<\/div>\n<p><span style=\"font-size: 14pt;\">Una mesa circular donde todos se ven las caras. Un sal\u00f3n de protocolos adornado con las im\u00e1genes de Jos\u00e9 Mar\u00eda Morelos y Pav\u00f3n, Benito Ju\u00e1rez y Venustiano Carranza, los art\u00edfices de la Constituci\u00f3n de Apatzing\u00e1n de 1814, durante la Guerra de Independencia; de la Constituci\u00f3n de 1857, la que deton\u00f3 la Guerra de Reforma, y la Constituci\u00f3n de 1917, redactada y promulgada en medio de la Revoluci\u00f3n Mexicana. Un espacio donde se observa con nerviosismo, a veces con desconfianza.<\/span><\/p>\n<section>\n<div>\n<div><span style=\"font-size: 14pt;\">Eso ocurre cuando toca el turno a Arturo Zald\u00edvar Lelo de Larrea, exministro de la Suprema Corte, quien renunci\u00f3 a su cargo para sumarse a la campa\u00f1a de Claudia Sheinbaum, hoy presidenta electa. Algunos ministros y ministras prestan atenci\u00f3n a su mensaje, otros lo ven de reojo cuando habla de \u201coligarqu\u00eda\u201d y de \u201cuna Corte que se convirti\u00f3 de derecha\u201d.<\/span><\/div>\n<div><\/div>\n<div><span style=\"font-size: 14pt;\">Morena y sus aliados llevan porra.\u00a0Aprueban y desaprueban desde el sitio asignado a los invitados.\u00a0Ovacionan los discursos de la ministra Lenia Batres y de Arturo Zald\u00edvar.\u00a0Emiten carraspeos sonoros o tosen cuando hablan los cr\u00edticos del \u201cPlan C\u201d.<\/span><\/div>\n<\/div>\n<\/section>\n<p><span style=\"font-size: 14pt;\">Fue el primer foro, con 35 participantes.\u00a0Quedan ocho por delante, en Guadalajara, Toluca, Tuxtla Guti\u00e9rrez, Xalapa, Puebla, Saltillo, Culiac\u00e1n y uno m\u00e1s en este sitio, en la C\u00e1mara de Diputados. As\u00ed hasta el 8 de agosto. Luego, a partir del 1 de septiembre, la discusi\u00f3n y eventual votaci\u00f3n de esta pol\u00e9mica legislaci\u00f3n que moviliz\u00f3 a millones de ciudadanos en las pasadas elecciones, la que ha acaparado el debate nacional en las \u00faltimas semanas y la que ha provocado sobresaltos en la econom\u00eda mexicana.<\/span><\/p>\n<\/div>\n<\/article>\n","protected":false},"excerpt":{"rendered":"<p>De un lado las sonrisas forzadas, los mentones r\u00edgidos, las miradas fijas en el horizonte o hacia alg\u00fan punto indefinido.<\/p>\n","protected":false},"author":4,"featured_media":40830,"comment_status":"closed","ping_status":"closed","sticky":false,"template":"","format":"standard","meta":{"colormag_page_container_layout":"default_layout","colormag_page_sidebar_layout":"default_layout","_jetpack_memberships_contains_paid_content":false,"footnotes":"","jetpack_publicize_message":"","jetpack_publicize_feature_enabled":true,"jetpack_social_post_already_shared":false,"jetpack_social_options":{"image_generator_settings":{"template":"highway","default_image_id":0,"font":"","enabled":false},"version":2}},"categories":[33],"tags":[],"class_list":["post-40829","post","type-post","status-publish","format-standard","has-post-thumbnail","hentry","category-nacional"],"jetpack_publicize_connections":[],"jetpack_featured_media_url":"https:\/\/i0.wp.com\/politicosaldesnudo.com.mx\/wp-content\/uploads\/2024\/06\/Ministra-presidenta-Norma-Pina.jpg?fit=400%2C267&ssl=1","jetpack-related-posts":[],"jetpack_sharing_enabled":true,"_links":{"self":[{"href":"https:\/\/politicosaldesnudo.com.mx\/index.php\/wp-json\/wp\/v2\/posts\/40829","targetHints":{"allow":["GET"]}}],"collection":[{"href":"https:\/\/politicosaldesnudo.com.mx\/index.php\/wp-json\/wp\/v2\/posts"}],"about":[{"href":"https:\/\/politicosaldesnudo.com.mx\/index.php\/wp-json\/wp\/v2\/types\/post"}],"author":[{"embeddable":true,"href":"https:\/\/politicosaldesnudo.com.mx\/index.php\/wp-json\/wp\/v2\/users\/4"}],"replies":[{"embeddable":true,"href":"https:\/\/politicosaldesnudo.com.mx\/index.php\/wp-json\/wp\/v2\/comments?post=40829"}],"version-history":[{"count":0,"href":"https:\/\/politicosaldesnudo.com.mx\/index.php\/wp-json\/wp\/v2\/posts\/40829\/revisions"}],"wp:featuredmedia":[{"embeddable":true,"href":"https:\/\/politicosaldesnudo.com.mx\/index.php\/wp-json\/wp\/v2\/media\/40830"}],"wp:attachment":[{"href":"https:\/\/politicosaldesnudo.com.mx\/index.php\/wp-json\/wp\/v2\/media?parent=40829"}],"wp:term":[{"taxonomy":"category","embeddable":true,"href":"https:\/\/politicosaldesnudo.com.mx\/index.php\/wp-json\/wp\/v2\/categories?post=40829"},{"taxonomy":"post_tag","embeddable":true,"href":"https:\/\/politicosaldesnudo.com.mx\/index.php\/wp-json\/wp\/v2\/tags?post=40829"}],"curies":[{"name":"wp","href":"https:\/\/api.w.org\/{rel}","templated":true}]}}