{"id":40833,"date":"2024-06-28T08:57:18","date_gmt":"2024-06-28T13:57:18","guid":{"rendered":"https:\/\/politicosaldesnudo.com.mx\/?p=40833"},"modified":"2024-06-28T08:57:18","modified_gmt":"2024-06-28T13:57:18","slug":"monitorean-potencial-de-lluvias-en-municipios-veracruzanos","status":"publish","type":"post","link":"https:\/\/politicosaldesnudo.com.mx\/index.php\/2024\/06\/28\/monitorean-potencial-de-lluvias-en-municipios-veracruzanos\/","title":{"rendered":"Monitorean potencial de lluvias en municipios veracruzanos"},"content":{"rendered":"<p><span style=\"font-size: 14pt;\">De acuerdo a los pron\u00f3sticos meteorol\u00f3gicos de la Secretar\u00eda de Protecci\u00f3n Civil del Estado de Veracruz, lo que resta de esta semana se mantienen las condiciones para lluvias, chubascos y tormentas a lo largo de la entidad, present\u00e1ndose en horas de la tarde a noche en regiones de monta\u00f1a y de noche a madrugada o primeras horas de la ma\u00f1ana en llanuras y costas.<\/span><\/p>\n<p><span style=\"font-size: 14pt;\">Una vaguada con eje sobre el centro de M\u00e9xico, la vaguada monz\u00f3nica y el disturbio tropical 94L en el Caribe y movimiento hacia el oeste, se apoyan con el Giro Centroamericano (CAG) y la divergencia del viento en altura para mantener el Temporal lluvioso en el Estado de Veracruz donde la intensidad y los acumulados pueden aumentar este fin de semana e inicios del siguiente,por lo que r\u00edos del centro pueden mostrar m\u00e1s avenidas, presentarse inundaciones en zonas bajas y centros urbanos, as\u00ed como procesos de remoci\u00f3n de masa. Viento dominante del Noreste, Este y Sureste de 20 a 35 km\/h con rachas en zonas de tormenta.<\/span><\/p>\n","protected":false},"excerpt":{"rendered":"<p>De acuerdo a los pron\u00f3sticos meteorol\u00f3gicos de la Secretar\u00eda de Protecci\u00f3n Civil del Estado de Veracruz, lo que resta de<\/p>\n","protected":false},"author":4,"featured_media":40834,"comment_status":"closed","ping_status":"closed","sticky":false,"template":"","format":"standard","meta":{"colormag_page_container_layout":"default_layout","colormag_page_sidebar_layout":"default_layout","_jetpack_memberships_contains_paid_content":false,"footnotes":"","jetpack_publicize_message":"","jetpack_publicize_feature_enabled":true,"jetpack_social_post_already_shared":false,"jetpack_social_options":{"image_generator_settings":{"template":"highway","default_image_id":0,"font":"","enabled":false},"version":2}},"categories":[1082],"tags":[],"class_list":["post-40833","post","type-post","status-publish","format-standard","has-post-thumbnail","hentry","category-tuxpan"],"jetpack_publicize_connections":[],"jetpack_featured_media_url":"https:\/\/i0.wp.com\/politicosaldesnudo.com.mx\/wp-content\/uploads\/2024\/06\/monitorean-probabilidad-de-luvias-en-veracruz-336026.jpg?fit=800%2C600&ssl=1","jetpack-related-posts":[],"jetpack_sharing_enabled":true,"_links":{"self":[{"href":"https:\/\/politicosaldesnudo.com.mx\/index.php\/wp-json\/wp\/v2\/posts\/40833","targetHints":{"allow":["GET"]}}],"collection":[{"href":"https:\/\/politicosaldesnudo.com.mx\/index.php\/wp-json\/wp\/v2\/posts"}],"about":[{"href":"https:\/\/politicosaldesnudo.com.mx\/index.php\/wp-json\/wp\/v2\/types\/post"}],"author":[{"embeddable":true,"href":"https:\/\/politicosaldesnudo.com.mx\/index.php\/wp-json\/wp\/v2\/users\/4"}],"replies":[{"embeddable":true,"href":"https:\/\/politicosaldesnudo.com.mx\/index.php\/wp-json\/wp\/v2\/comments?post=40833"}],"version-history":[{"count":0,"href":"https:\/\/politicosaldesnudo.com.mx\/index.php\/wp-json\/wp\/v2\/posts\/40833\/revisions"}],"wp:featuredmedia":[{"embeddable":true,"href":"https:\/\/politicosaldesnudo.com.mx\/index.php\/wp-json\/wp\/v2\/media\/40834"}],"wp:attachment":[{"href":"https:\/\/politicosaldesnudo.com.mx\/index.php\/wp-json\/wp\/v2\/media?parent=40833"}],"wp:term":[{"taxonomy":"category","embeddable":true,"href":"https:\/\/politicosaldesnudo.com.mx\/index.php\/wp-json\/wp\/v2\/categories?post=40833"},{"taxonomy":"post_tag","embeddable":true,"href":"https:\/\/politicosaldesnudo.com.mx\/index.php\/wp-json\/wp\/v2\/tags?post=40833"}],"curies":[{"name":"wp","href":"https:\/\/api.w.org\/{rel}","templated":true}]}}