{"id":40839,"date":"2024-06-28T08:59:57","date_gmt":"2024-06-28T13:59:57","guid":{"rendered":"https:\/\/politicosaldesnudo.com.mx\/?p=40839"},"modified":"2024-06-28T08:59:57","modified_gmt":"2024-06-28T13:59:57","slug":"padres-de-familia-se-preparan-para-gastos-de-clausura-escolar","status":"publish","type":"post","link":"https:\/\/politicosaldesnudo.com.mx\/index.php\/2024\/06\/28\/padres-de-familia-se-preparan-para-gastos-de-clausura-escolar\/","title":{"rendered":"Padres de familia se preparan para gastos de clausura escolar"},"content":{"rendered":"<p><span style=\"font-size: 14pt;\">Previo al fin de curso escolar el pr\u00f3ximo 16 de julio, padres de familia en Tuxpan se preparan para los gastos que estas actividades implican, as\u00ed como los costos de inscripci\u00f3n y compra de \u00fatiles escolares.<\/span><\/p>\n<p><span style=\"font-size: 14pt;\">A trav\u00e9s de un sondeo se\u00f1alaron que debido al gasto que representan las actividades acad\u00e9micas en torno al fin e inicio de curso, algunos de ellos comienzan a ahorrar desde el comienzo del ciclo escolar, para que el cubrir con los gastos no les resulte tan complicado.<\/span><\/p>\n<p><span style=\"font-size: 14pt;\">Son los padres de familia que tiene hijos en la primaria quienes aseguraron gastar mas en la clausura debido a los festivales de fin de curso y graduaci\u00f3n donde los menores participan y representan gastos en vestuario, calzado y accesorios para las presentaciones.<\/span><\/p>\n<p><span style=\"font-size: 14pt;\">Finalmente indicaron que desde antes del termino del ciclo escolar realizan la comparaci\u00f3n de precios en los \u00fatiles escolares para adquirirlos a menores precios previo al inicio del siguiente curso.<\/span><\/p>\n","protected":false},"excerpt":{"rendered":"<p>Previo al fin de curso escolar el pr\u00f3ximo 16 de julio, padres de familia en Tuxpan se preparan para los<\/p>\n","protected":false},"author":4,"featured_media":40840,"comment_status":"closed","ping_status":"closed","sticky":false,"template":"","format":"standard","meta":{"colormag_page_container_layout":"default_layout","colormag_page_sidebar_layout":"default_layout","_jetpack_memberships_contains_paid_content":false,"footnotes":"","jetpack_publicize_message":"","jetpack_publicize_feature_enabled":true,"jetpack_social_post_already_shared":false,"jetpack_social_options":{"image_generator_settings":{"template":"highway","default_image_id":0,"font":"","enabled":false},"version":2}},"categories":[1082],"tags":[],"class_list":["post-40839","post","type-post","status-publish","format-standard","has-post-thumbnail","hentry","category-tuxpan"],"jetpack_publicize_connections":[],"jetpack_featured_media_url":"https:\/\/i0.wp.com\/politicosaldesnudo.com.mx\/wp-content\/uploads\/2024\/06\/padres-de-familia-se-preparan-para-gastos-de-clausura-escolar-530213.jpeg?fit=800%2C600&ssl=1","jetpack-related-posts":[],"jetpack_sharing_enabled":true,"_links":{"self":[{"href":"https:\/\/politicosaldesnudo.com.mx\/index.php\/wp-json\/wp\/v2\/posts\/40839","targetHints":{"allow":["GET"]}}],"collection":[{"href":"https:\/\/politicosaldesnudo.com.mx\/index.php\/wp-json\/wp\/v2\/posts"}],"about":[{"href":"https:\/\/politicosaldesnudo.com.mx\/index.php\/wp-json\/wp\/v2\/types\/post"}],"author":[{"embeddable":true,"href":"https:\/\/politicosaldesnudo.com.mx\/index.php\/wp-json\/wp\/v2\/users\/4"}],"replies":[{"embeddable":true,"href":"https:\/\/politicosaldesnudo.com.mx\/index.php\/wp-json\/wp\/v2\/comments?post=40839"}],"version-history":[{"count":0,"href":"https:\/\/politicosaldesnudo.com.mx\/index.php\/wp-json\/wp\/v2\/posts\/40839\/revisions"}],"wp:featuredmedia":[{"embeddable":true,"href":"https:\/\/politicosaldesnudo.com.mx\/index.php\/wp-json\/wp\/v2\/media\/40840"}],"wp:attachment":[{"href":"https:\/\/politicosaldesnudo.com.mx\/index.php\/wp-json\/wp\/v2\/media?parent=40839"}],"wp:term":[{"taxonomy":"category","embeddable":true,"href":"https:\/\/politicosaldesnudo.com.mx\/index.php\/wp-json\/wp\/v2\/categories?post=40839"},{"taxonomy":"post_tag","embeddable":true,"href":"https:\/\/politicosaldesnudo.com.mx\/index.php\/wp-json\/wp\/v2\/tags?post=40839"}],"curies":[{"name":"wp","href":"https:\/\/api.w.org\/{rel}","templated":true}]}}