{"id":40878,"date":"2024-06-29T01:30:14","date_gmt":"2024-06-29T06:30:14","guid":{"rendered":"https:\/\/politicosaldesnudo.com.mx\/?p=40878"},"modified":"2024-06-29T01:30:14","modified_gmt":"2024-06-29T06:30:14","slug":"banco-central-de-colombia-recorta-su-tasa-de-interes-a-11-25","status":"publish","type":"post","link":"https:\/\/politicosaldesnudo.com.mx\/index.php\/2024\/06\/29\/banco-central-de-colombia-recorta-su-tasa-de-interes-a-11-25\/","title":{"rendered":"Banco Central de Colombia recorta su tasa de inter\u00e9s a 11.25%"},"content":{"rendered":"<p><span style=\"font-size: 14pt;\">La decisi\u00f3n cont\u00f3 con el voto de cuatro de los siete miembros de la junta del banco emisor, dos se inclinaron por un recorte de 75 puntos base y el restante no asisti\u00f3 a la reuni\u00f3n.<\/span><\/p>\n<p><span style=\"font-size: 14pt;\">El Banco Central de Colombia redujo el viernes su tasa de inter\u00e9s de referencia en 50 puntos por tercera ocasi\u00f3n consecutiva, en su intenci\u00f3n de respaldar la recuperaci\u00f3n de la econom\u00eda, pero cuidando mantener ancladas las expectativas inflacionarias.<\/span><\/p>\n<p><span style=\"font-size: 14pt;\">En un reciente sondeo de Reuters, todos los 25 analistas consultados anticiparon la magnitud del recorte a un 11,25%, con lo que se situ\u00f3 en su nivel m\u00e1s bajo desde octubre del 2022.<\/span><\/p>\n<p><span style=\"font-size: 14pt;\">La decisi\u00f3n cont\u00f3 con el voto de cuatro de los siete miembros de la junta del banco emisor, dos se inclinaron por un recorte de 75 puntos base y el restante no asisti\u00f3 a la reuni\u00f3n.<\/span><\/p>\n<p><span style=\"font-size: 14pt;\">Con la decisi\u00f3n adoptada el d\u00eda de hoy la pol\u00edtica monetaria mantiene una postura acorde con el objetivo de conducir la inflaci\u00f3n a su meta a mediados de 2025, al tiempo que ofrece un nuevo impulso a la recuperaci\u00f3n del crecimiento econ\u00f3mico\u00bb, dijo el gerente del banco, Leonardo Villar, al leer un comunicado.<\/span><\/p>\n<p><span style=\"font-size: 14pt;\">El tipo referencial se mantiene por encima del nivel de la inflaci\u00f3n, que al cierre de mayo se situ\u00f3 en un 7,16% anual, m\u00e1s del doble que la meta establecida por el banco emisor, de un 3%.<\/span><\/p>\n<p><span style=\"font-size: 14pt;\">Con el movimiento del viernes, el Banco Central de Colombia acumula una disminuci\u00f3n de 200 puntos b\u00e1sicos en su tasa de inter\u00e9s.<\/span><\/p>\n","protected":false},"excerpt":{"rendered":"<p>La decisi\u00f3n cont\u00f3 con el voto de cuatro de los siete miembros de la junta del banco emisor, dos se<\/p>\n","protected":false},"author":4,"featured_media":40879,"comment_status":"closed","ping_status":"closed","sticky":false,"template":"","format":"standard","meta":{"colormag_page_container_layout":"default_layout","colormag_page_sidebar_layout":"default_layout","_jetpack_memberships_contains_paid_content":false,"footnotes":"","jetpack_publicize_message":"","jetpack_publicize_feature_enabled":true,"jetpack_social_post_already_shared":false,"jetpack_social_options":{"image_generator_settings":{"template":"highway","default_image_id":0,"font":"","enabled":false},"version":2}},"categories":[2050],"tags":[],"class_list":["post-40878","post","type-post","status-publish","format-standard","has-post-thumbnail","hentry","category-economia"],"jetpack_publicize_connections":[],"jetpack_featured_media_url":"https:\/\/i0.wp.com\/politicosaldesnudo.com.mx\/wp-content\/uploads\/2024\/06\/images-1-5.jpg?fit=275%2C183&ssl=1","jetpack-related-posts":[],"jetpack_sharing_enabled":true,"_links":{"self":[{"href":"https:\/\/politicosaldesnudo.com.mx\/index.php\/wp-json\/wp\/v2\/posts\/40878","targetHints":{"allow":["GET"]}}],"collection":[{"href":"https:\/\/politicosaldesnudo.com.mx\/index.php\/wp-json\/wp\/v2\/posts"}],"about":[{"href":"https:\/\/politicosaldesnudo.com.mx\/index.php\/wp-json\/wp\/v2\/types\/post"}],"author":[{"embeddable":true,"href":"https:\/\/politicosaldesnudo.com.mx\/index.php\/wp-json\/wp\/v2\/users\/4"}],"replies":[{"embeddable":true,"href":"https:\/\/politicosaldesnudo.com.mx\/index.php\/wp-json\/wp\/v2\/comments?post=40878"}],"version-history":[{"count":0,"href":"https:\/\/politicosaldesnudo.com.mx\/index.php\/wp-json\/wp\/v2\/posts\/40878\/revisions"}],"wp:featuredmedia":[{"embeddable":true,"href":"https:\/\/politicosaldesnudo.com.mx\/index.php\/wp-json\/wp\/v2\/media\/40879"}],"wp:attachment":[{"href":"https:\/\/politicosaldesnudo.com.mx\/index.php\/wp-json\/wp\/v2\/media?parent=40878"}],"wp:term":[{"taxonomy":"category","embeddable":true,"href":"https:\/\/politicosaldesnudo.com.mx\/index.php\/wp-json\/wp\/v2\/categories?post=40878"},{"taxonomy":"post_tag","embeddable":true,"href":"https:\/\/politicosaldesnudo.com.mx\/index.php\/wp-json\/wp\/v2\/tags?post=40878"}],"curies":[{"name":"wp","href":"https:\/\/api.w.org\/{rel}","templated":true}]}}