{"id":40893,"date":"2024-06-29T01:41:53","date_gmt":"2024-06-29T06:41:53","guid":{"rendered":"https:\/\/politicosaldesnudo.com.mx\/?p=40893"},"modified":"2024-06-29T01:41:53","modified_gmt":"2024-06-29T06:41:53","slug":"ricardo-monreal-confirma-a-adan-augusto-lopez-como-coordinador-de-morena-en-el-senado","status":"publish","type":"post","link":"https:\/\/politicosaldesnudo.com.mx\/index.php\/2024\/06\/29\/ricardo-monreal-confirma-a-adan-augusto-lopez-como-coordinador-de-morena-en-el-senado\/","title":{"rendered":"Ricardo Monreal confirma a Ad\u00e1n Augusto L\u00f3pez como coordinador de Morena en el Senado"},"content":{"rendered":"<div>\n<div id=\"content-body-225-12162024\">\n<p><span style=\"font-size: 14pt;\">El exgobernador de Tabasco y exsecretario de Gobernaci\u00f3n,\u00a0Ad\u00e1n Augusto L\u00f3pez Hern\u00e1ndez, ser\u00e1 el coordinador del Senado de la Rep\u00fablica del gobierno de la virtual presidenta electa, Claudia Sheinbaum Pardo.<\/span><\/p>\n<p><span style=\"font-size: 14pt;\">As\u00ed lo dio a conocer en conferencia de prensa el senador Ricardo Monreal \u00c1vila durante su visita a Tabasco para anunciar una serie de foros cuya finalidad es la aprobaci\u00f3n de la reforma al Poder Judicial el pr\u00f3ximo mes de septiembre.<\/span><\/p>\n<\/div>\n<\/div>\n<div>\n<div id=\"dfp-nota-1x3s\" data-google-query-id=\"COKf54-agIcDFZ-lpgQd_AkNmQ\">\n<div id=\"google_ads_iframe_\/2000002\/la-prensa\/mexico_nota_1x3_0__container__\"><span style=\"font-size: 14pt;\">El legislador fue cuestionado sobre si el Movimiento de Regeneraci\u00f3n Nacional (Morena) se llevar\u00eda el \u00abcarro completo\u00bb en el Senado, Monreal respondi\u00f3 que al respecto hay varias interpretaciones, pero que confiaba en que el tabasque\u00f1o que estar\u00e1 al frente de la C\u00e1mara Alta podr\u00e1 resolver la mayor\u00eda calificada.<\/span><\/div>\n<\/div>\n<\/div>\n<article>\n<div id=\"content-body-5851641-12162024\">\n<p><span style=\"font-size: 14pt;\">\u00abEn el caso del Senado hay diversas interpretaciones; nos faltan para la mayor\u00eda calificada dos, \u00e9sa es una interpretaci\u00f3n, y otra dice tres. Pero tengo conocimiento de la habilidad y la capacidad de quien va a estar en el Senado, es tabasque\u00f1o, y ese personaje de gran calidad va a resolver la mayor\u00eda calificada\u00bb.<\/span><\/p>\n<div>\n<div>\n<div id=\"teads1\"><span style=\"font-size: 14pt;\">Monreal \u00c1vila respondi\u00f3 a pregunta expresa sobre el personaje al cual se refer\u00eda: \u00abNada m\u00e1s hay uno: Ad\u00e1n Augusto L\u00f3pez Hern\u00e1ndez. Es un hombre inteligente y tiene habilidad, ingenio, y seguramente \u00e9l va a resolver la mayor\u00eda calificada\u00bb.<\/span><\/div>\n<\/div>\n<\/div>\n<p><span style=\"font-size: 14pt;\">El senador morenista dijo confiar en que quienes no est\u00e9n dentro de la mayor\u00eda calificada \u00abpuedan tener una reflexi\u00f3n profunda de que es por M\u00e9xico, y es por la justicia\u00bb.<\/span><\/p>\n<\/div>\n<\/article>\n","protected":false},"excerpt":{"rendered":"<p>El exgobernador de Tabasco y exsecretario de Gobernaci\u00f3n,\u00a0Ad\u00e1n Augusto L\u00f3pez Hern\u00e1ndez, ser\u00e1 el coordinador del Senado de la Rep\u00fablica del<\/p>\n","protected":false},"author":4,"featured_media":40894,"comment_status":"closed","ping_status":"closed","sticky":false,"template":"","format":"standard","meta":{"colormag_page_container_layout":"default_layout","colormag_page_sidebar_layout":"default_layout","_jetpack_memberships_contains_paid_content":false,"footnotes":"","jetpack_publicize_message":"","jetpack_publicize_feature_enabled":true,"jetpack_social_post_already_shared":false,"jetpack_social_options":{"image_generator_settings":{"template":"highway","default_image_id":0,"font":"","enabled":false},"version":2}},"categories":[33],"tags":[],"class_list":["post-40893","post","type-post","status-publish","format-standard","has-post-thumbnail","hentry","category-nacional"],"jetpack_publicize_connections":[],"jetpack_featured_media_url":"https:\/\/i0.wp.com\/politicosaldesnudo.com.mx\/wp-content\/uploads\/2024\/06\/Adan-Augusto-Lopez-Hernandez.jpg?fit=400%2C250&ssl=1","jetpack-related-posts":[],"jetpack_sharing_enabled":true,"_links":{"self":[{"href":"https:\/\/politicosaldesnudo.com.mx\/index.php\/wp-json\/wp\/v2\/posts\/40893","targetHints":{"allow":["GET"]}}],"collection":[{"href":"https:\/\/politicosaldesnudo.com.mx\/index.php\/wp-json\/wp\/v2\/posts"}],"about":[{"href":"https:\/\/politicosaldesnudo.com.mx\/index.php\/wp-json\/wp\/v2\/types\/post"}],"author":[{"embeddable":true,"href":"https:\/\/politicosaldesnudo.com.mx\/index.php\/wp-json\/wp\/v2\/users\/4"}],"replies":[{"embeddable":true,"href":"https:\/\/politicosaldesnudo.com.mx\/index.php\/wp-json\/wp\/v2\/comments?post=40893"}],"version-history":[{"count":0,"href":"https:\/\/politicosaldesnudo.com.mx\/index.php\/wp-json\/wp\/v2\/posts\/40893\/revisions"}],"wp:featuredmedia":[{"embeddable":true,"href":"https:\/\/politicosaldesnudo.com.mx\/index.php\/wp-json\/wp\/v2\/media\/40894"}],"wp:attachment":[{"href":"https:\/\/politicosaldesnudo.com.mx\/index.php\/wp-json\/wp\/v2\/media?parent=40893"}],"wp:term":[{"taxonomy":"category","embeddable":true,"href":"https:\/\/politicosaldesnudo.com.mx\/index.php\/wp-json\/wp\/v2\/categories?post=40893"},{"taxonomy":"post_tag","embeddable":true,"href":"https:\/\/politicosaldesnudo.com.mx\/index.php\/wp-json\/wp\/v2\/tags?post=40893"}],"curies":[{"name":"wp","href":"https:\/\/api.w.org\/{rel}","templated":true}]}}