{"id":40905,"date":"2024-06-29T01:49:51","date_gmt":"2024-06-29T06:49:51","guid":{"rendered":"https:\/\/politicosaldesnudo.com.mx\/?p=40905"},"modified":"2024-06-29T01:49:51","modified_gmt":"2024-06-29T06:49:51","slug":"municipio-de-tuxpan-recibe-certificado-en-reconocimiento-a-los-avances-en-materia-de-simplificacion-de-tramites","status":"publish","type":"post","link":"https:\/\/politicosaldesnudo.com.mx\/index.php\/2024\/06\/29\/municipio-de-tuxpan-recibe-certificado-en-reconocimiento-a-los-avances-en-materia-de-simplificacion-de-tramites\/","title":{"rendered":"Municipio de Tuxpan recibe Certificado en reconocimiento a los avances en materia de simplificaci\u00f3n de tr\u00e1mites"},"content":{"rendered":"<p><strong><span style=\"font-size: 14pt;\">\u2022 El gobernador Cuitl\u00e1huac Garc\u00eda Jim\u00e9nez entreg\u00f3 el certificado al alcalde Jos\u00e9 Manuel Pozos Castro.<\/span><\/strong><\/p>\n<p><span style=\"font-size: 14pt;\">El gobernador Cuitl\u00e1huac Garc\u00eda Jim\u00e9nez entreg\u00f3 al alcalde de Tuxpan, Lic. Jos\u00e9 Manuel Pozos Castro, el Certificado que reconoce el avance del Municipio de Tuxpan en materia de simplificaci\u00f3n de tr\u00e1mites.<\/span><\/p>\n<p><span style=\"font-size: 14pt;\">La Secretar\u00eda de Desarrollo Econ\u00f3mico y Portuario (SEDECOP), a trav\u00e9s de la Comisi\u00f3n Veracruzana de Mejora Regulatoria, en el marco de los Programas Espec\u00edficos de Simplificaci\u00f3n y Mejora Regulatoria, reconoci\u00f3 a Tuxpan por acreditar 12 tareas operativas de enlace, reglamento y consejo municipal.<\/span><\/p>\n<p><span style=\"font-size: 14pt;\">Tambi\u00e9n por su avance en la Pol\u00edtica Nacional de Mejora Regulatoria, conforme a lo establecido en la Gu\u00eda para la Implementaci\u00f3n de la Mejora Regulatoria en el \u00c1mbito Municipal.<\/span><\/p>\n<p><span style=\"font-size: 14pt;\">El presidente municipal, Lic. Jos\u00e9 Manuel Pozos Castro dijo que con simplificaci\u00f3n y mejora regulatoria se fortalece la confianza empresarial y la competitividad del municipio de Tuxpan.<\/span><\/p>\n<p><span style=\"font-size: 14pt;\">Destac\u00f3 que, con esta nueva cultura regulatoria en Tuxpan, se contribuye a un ambiente de negocios, simplificando los tr\u00e1mites en apoyo a la ciudadan\u00eda, al sector industrial, comercial y de servicios.<\/span><\/p>\n<p><span style=\"font-size: 14pt;\">Esto, adem\u00e1s, reduce costos y tiempos de gesti\u00f3n, fomentando condiciones m\u00e1s atractivas a nuevas inversiones.<\/span><\/p>\n","protected":false},"excerpt":{"rendered":"<p>\u2022 El gobernador Cuitl\u00e1huac Garc\u00eda Jim\u00e9nez entreg\u00f3 el certificado al alcalde Jos\u00e9 Manuel Pozos Castro. El gobernador Cuitl\u00e1huac Garc\u00eda Jim\u00e9nez<\/p>\n","protected":false},"author":4,"featured_media":40906,"comment_status":"closed","ping_status":"closed","sticky":false,"template":"","format":"standard","meta":{"colormag_page_container_layout":"default_layout","colormag_page_sidebar_layout":"default_layout","_jetpack_memberships_contains_paid_content":false,"footnotes":"","jetpack_publicize_message":"","jetpack_publicize_feature_enabled":true,"jetpack_social_post_already_shared":false,"jetpack_social_options":{"image_generator_settings":{"template":"highway","default_image_id":0,"font":"","enabled":false},"version":2}},"categories":[3205,1082],"tags":[],"class_list":["post-40905","post","type-post","status-publish","format-standard","has-post-thumbnail","hentry","category-gobierno-tuxpan","category-tuxpan"],"jetpack_publicize_connections":[],"jetpack_featured_media_url":"https:\/\/i0.wp.com\/politicosaldesnudo.com.mx\/wp-content\/uploads\/2024\/06\/WhatsApp-Image-2024-06-28-at-7.25.28-PM.jpeg?fit=1280%2C960&ssl=1","jetpack-related-posts":[],"jetpack_sharing_enabled":true,"_links":{"self":[{"href":"https:\/\/politicosaldesnudo.com.mx\/index.php\/wp-json\/wp\/v2\/posts\/40905","targetHints":{"allow":["GET"]}}],"collection":[{"href":"https:\/\/politicosaldesnudo.com.mx\/index.php\/wp-json\/wp\/v2\/posts"}],"about":[{"href":"https:\/\/politicosaldesnudo.com.mx\/index.php\/wp-json\/wp\/v2\/types\/post"}],"author":[{"embeddable":true,"href":"https:\/\/politicosaldesnudo.com.mx\/index.php\/wp-json\/wp\/v2\/users\/4"}],"replies":[{"embeddable":true,"href":"https:\/\/politicosaldesnudo.com.mx\/index.php\/wp-json\/wp\/v2\/comments?post=40905"}],"version-history":[{"count":0,"href":"https:\/\/politicosaldesnudo.com.mx\/index.php\/wp-json\/wp\/v2\/posts\/40905\/revisions"}],"wp:featuredmedia":[{"embeddable":true,"href":"https:\/\/politicosaldesnudo.com.mx\/index.php\/wp-json\/wp\/v2\/media\/40906"}],"wp:attachment":[{"href":"https:\/\/politicosaldesnudo.com.mx\/index.php\/wp-json\/wp\/v2\/media?parent=40905"}],"wp:term":[{"taxonomy":"category","embeddable":true,"href":"https:\/\/politicosaldesnudo.com.mx\/index.php\/wp-json\/wp\/v2\/categories?post=40905"},{"taxonomy":"post_tag","embeddable":true,"href":"https:\/\/politicosaldesnudo.com.mx\/index.php\/wp-json\/wp\/v2\/tags?post=40905"}],"curies":[{"name":"wp","href":"https:\/\/api.w.org\/{rel}","templated":true}]}}