{"id":40934,"date":"2024-06-30T01:16:10","date_gmt":"2024-06-30T06:16:10","guid":{"rendered":"https:\/\/politicosaldesnudo.com.mx\/?p=40934"},"modified":"2024-06-30T01:16:10","modified_gmt":"2024-06-30T06:16:10","slug":"reunion-de-ramirez-de-la-o-con-inversionistas-en-londres-es-normal-yorio","status":"publish","type":"post","link":"https:\/\/politicosaldesnudo.com.mx\/index.php\/2024\/06\/30\/reunion-de-ramirez-de-la-o-con-inversionistas-en-londres-es-normal-yorio\/","title":{"rendered":"Reuni\u00f3n de Ram\u00edrez de la O con inversionistas en Londres es normal: Yorio"},"content":{"rendered":"<div id=\"article-content-tts\" class=\"nota-contenido mb-5\">\n<div id=\"content_nitf\">\n<p><span style=\"font-size: 14pt;\">El encuentro que sostuvo Rogelio Ram\u00edrez de la O, titular de la Secretar\u00eda de Hacienda y Cr\u00e9dito P\u00fablico (SHCP) con inversionistas en Londres esta semana no es algo fuera de lo com\u00fan, se\u00f1al\u00f3 Gabriel Yorio Gonz\u00e1lez, subsecretario de la dependencia federal.<\/span><\/p>\n<p><span style=\"font-size: 14pt;\">\u201cEs normal que la Secretar\u00eda de Hacienda tenga reuniones con el p\u00fablico inversionista. Todo el tiempo tenemos llamadas, tambi\u00e9n visitas\u201d, dijo el funcionario en entrevista al ser inquirido sobre si el encuentro fue para calmar a los mercados ante la discusi\u00f3n de la reforma al Poder Judicial, luego de que este factor caus\u00f3 la depreciaci\u00f3n del peso a principios de junio.\u00a0<\/span><\/p>\n<p><span style=\"font-size: 14pt;\">Sobre si la reforma al Poder Judicial est\u00e1 afectando a la econom\u00eda, s\u00f3lo se limit\u00f3 a decir que actualmente se desarrolla un proceso legislativo y democr\u00e1tico, por lo que habr\u00e1 que esperar a conocer el dise\u00f1o de los cambios propuestos.<\/span><\/p>\n<p><span style=\"font-size: 14pt;\">Despu\u00e9s de participar en el foro \u201cEl rol de la Banca Multilateral en el crecimiento econ\u00f3mico regional\u201d, Yorio Gonz\u00e1lez reiter\u00f3 que la econom\u00eda mexicana est\u00e1 creciendo entre el 2 y 3 por ciento, por lo que el pa\u00eds cuenta con estabilidad econ\u00f3mica, las tasas de desempleo y desocupaci\u00f3n son m\u00ednimas, las reservas internacionales se ubican en niveles m\u00e1s alto desde que se tiene registro.<\/span><\/p>\n<p><span style=\"font-size: 14pt;\">\u201cLa econom\u00eda es bastante s\u00f3lida, tiene fuertes fundamentales econ\u00f3micos y todas las variables econ\u00f3micas en nuestra econom\u00eda est\u00e1n ancladas estos fundamentales\u201d, dijo.<\/span><\/p>\n<p><span style=\"font-size: 14pt;\">Sobre su posible continuidad en el gobierno de la virtual presidenta electa, Claudia Sheinbaum Pardo, coment\u00f3 que es decisi\u00f3n de ella si repite como funcionario en Hacienda, pero por mientras tanto est\u00e1 \u201cbien\u201d en la subsecretar\u00eda de la dependencia federal.<\/span><\/p>\n<p><span style=\"font-size: 14pt;\">\u201cEl presidente (Andr\u00e9s Manuel L\u00f3pez Obrador) nos ha mandado tener una transici\u00f3n financiera ordenada. \u00bfqu\u00e9 significa esto? Refinanciar la deuda, hemos estado refinanciado, hicimos dos operaciones simult\u00e1neas en el mercado de d\u00f3lares y en el mercado de pesos, lo hicimos precisamente para tratar de disminuir los vencimientos que tiene la siguiente administraci\u00f3n\u201d, indic\u00f3.<\/span><\/p>\n<p><span style=\"font-size: 14pt;\">Acot\u00f3 que en el mercado externo pr\u00e1cticamente ya reducimos al 100 por ciento la deuda externa que se tendr\u00eda que haber pagado en 2025, esto significa que la siguiente administraci\u00f3n no tiene que pagar amortizaciones en 2025.<\/span><\/p>\n<p><span style=\"font-size: 14pt;\">Record\u00f3 que en el mercado interno, el gobierno federal actual ha comenzado a tambi\u00e9n a reducir la deuda y tambi\u00e9n con reducciones de las amortizaciones de 2026.<\/span><\/p>\n<p><span style=\"font-size: 14pt;\">\u201cConforme vayamos viendo que hay oportunidades de mercado, vamos a seguir refinanciando para disminuir la presi\u00f3n financiera hacia la siguiente administraci\u00f3n\u201d, acot\u00f3.<\/span><\/p>\n<\/div>\n<\/div>\n","protected":false},"excerpt":{"rendered":"<p>El encuentro que sostuvo Rogelio Ram\u00edrez de la O, titular de la Secretar\u00eda de Hacienda y Cr\u00e9dito P\u00fablico (SHCP) con<\/p>\n","protected":false},"author":4,"featured_media":40935,"comment_status":"closed","ping_status":"closed","sticky":false,"template":"","format":"standard","meta":{"colormag_page_container_layout":"default_layout","colormag_page_sidebar_layout":"default_layout","_jetpack_memberships_contains_paid_content":false,"footnotes":"","jetpack_publicize_message":"","jetpack_publicize_feature_enabled":true,"jetpack_social_post_already_shared":false,"jetpack_social_options":{"image_generator_settings":{"template":"highway","default_image_id":0,"font":"","enabled":false},"version":2}},"categories":[2050],"tags":[],"class_list":["post-40934","post","type-post","status-publish","format-standard","has-post-thumbnail","hentry","category-economia"],"jetpack_publicize_connections":[],"jetpack_featured_media_url":"https:\/\/i0.wp.com\/politicosaldesnudo.com.mx\/wp-content\/uploads\/2024\/06\/f0035edd1e063110bebbf0d6af3e2cf2.jpg?fit=640%2C395&ssl=1","jetpack-related-posts":[],"jetpack_sharing_enabled":true,"_links":{"self":[{"href":"https:\/\/politicosaldesnudo.com.mx\/index.php\/wp-json\/wp\/v2\/posts\/40934","targetHints":{"allow":["GET"]}}],"collection":[{"href":"https:\/\/politicosaldesnudo.com.mx\/index.php\/wp-json\/wp\/v2\/posts"}],"about":[{"href":"https:\/\/politicosaldesnudo.com.mx\/index.php\/wp-json\/wp\/v2\/types\/post"}],"author":[{"embeddable":true,"href":"https:\/\/politicosaldesnudo.com.mx\/index.php\/wp-json\/wp\/v2\/users\/4"}],"replies":[{"embeddable":true,"href":"https:\/\/politicosaldesnudo.com.mx\/index.php\/wp-json\/wp\/v2\/comments?post=40934"}],"version-history":[{"count":0,"href":"https:\/\/politicosaldesnudo.com.mx\/index.php\/wp-json\/wp\/v2\/posts\/40934\/revisions"}],"wp:featuredmedia":[{"embeddable":true,"href":"https:\/\/politicosaldesnudo.com.mx\/index.php\/wp-json\/wp\/v2\/media\/40935"}],"wp:attachment":[{"href":"https:\/\/politicosaldesnudo.com.mx\/index.php\/wp-json\/wp\/v2\/media?parent=40934"}],"wp:term":[{"taxonomy":"category","embeddable":true,"href":"https:\/\/politicosaldesnudo.com.mx\/index.php\/wp-json\/wp\/v2\/categories?post=40934"},{"taxonomy":"post_tag","embeddable":true,"href":"https:\/\/politicosaldesnudo.com.mx\/index.php\/wp-json\/wp\/v2\/tags?post=40934"}],"curies":[{"name":"wp","href":"https:\/\/api.w.org\/{rel}","templated":true}]}}