{"id":40946,"date":"2024-06-30T01:24:18","date_gmt":"2024-06-30T06:24:18","guid":{"rendered":"https:\/\/politicosaldesnudo.com.mx\/?p=40946"},"modified":"2024-06-30T01:24:18","modified_gmt":"2024-06-30T06:24:18","slug":"sofocan-incendio-en-torre-de-diez-pisos-en-queretaro","status":"publish","type":"post","link":"https:\/\/politicosaldesnudo.com.mx\/index.php\/2024\/06\/30\/sofocan-incendio-en-torre-de-diez-pisos-en-queretaro\/","title":{"rendered":"Sofocan incendio en torre de diez pisos en Quer\u00e9taro"},"content":{"rendered":"<div id=\"article-content-tts\" class=\"nota-contenido mb-5\">\n<div id=\"content_nitf\">\n<p><span style=\"font-size: 14pt;\">Un incendio se produjo en la planta baja del edificio de diez pisos conocido como Torre Azul de la ciudad de Quer\u00e9taro la tarde de este s\u00e1bado sin que hubiera muertos ni heridos.<\/span><\/p>\n<p><span style=\"font-size: 14pt;\">En el inmueble, donde hay oficinas y cl\u00ednicas de salud privadas est\u00e1 ubicado a un costado de la avenida Zaragoza, en la colonia Ni\u00f1os H\u00e9roes.<\/span><\/p>\n<p><span style=\"font-size: 14pt;\">El incendio se produjo luego de que un indigente prendi\u00f3 fuego a un sof\u00e1 viejo que se encontraba en la calle, y el cual recarg\u00f3 a un costado del inmueble.<\/span><\/p>\n<p><span style=\"font-size: 14pt;\">El fuego alcanz\u00f3 los ventanales del edificio. A causa de las altas temperaturas los cristales estallaron.<\/span><\/p>\n<p><span style=\"font-size: 14pt;\">Las llamas se extendieron al interior de una oficina.<\/span><\/p>\n<p><span style=\"font-size: 14pt;\">Bomberos y elementos de protecci\u00f3n civil municipal acudieron al lugar para sofocar el fuego.<\/span><\/p>\n<p><span style=\"font-size: 14pt;\">A los pocos minutos los bomberos lograron extinguir las llamas, por lo que dieron inicio a los trabajos de remoci\u00f3n y enfriamiento del lugar para evitar que las llamas se volvieran a avivar.<\/span><\/p>\n<p><span style=\"font-size: 14pt;\">Finalmente y tras garantizar que ya no exist\u00eda ning\u00fan tipo de riesgo para la poblaci\u00f3n los cuerpos de emergencia se retiraron del lugar.<\/span><\/p>\n<\/div>\n<\/div>\n","protected":false},"excerpt":{"rendered":"<p>Un incendio se produjo en la planta baja del edificio de diez pisos conocido como Torre Azul de la ciudad<\/p>\n","protected":false},"author":4,"featured_media":40947,"comment_status":"closed","ping_status":"closed","sticky":false,"template":"","format":"standard","meta":{"colormag_page_container_layout":"default_layout","colormag_page_sidebar_layout":"default_layout","_jetpack_memberships_contains_paid_content":false,"footnotes":"","jetpack_publicize_message":"","jetpack_publicize_feature_enabled":true,"jetpack_social_post_already_shared":false,"jetpack_social_options":{"image_generator_settings":{"template":"highway","default_image_id":0,"font":"","enabled":false},"version":2}},"categories":[30],"tags":[],"class_list":["post-40946","post","type-post","status-publish","format-standard","has-post-thumbnail","hentry","category-estados"],"jetpack_publicize_connections":[],"jetpack_featured_media_url":"https:\/\/i0.wp.com\/politicosaldesnudo.com.mx\/wp-content\/uploads\/2024\/06\/sofocan-incendio-en-torre-de-diez-pisos-en-queretaro-9901html-queretaro-1856html-9c7e34a8-85e7-49ab-bd46-4b4e2cccbd0crawimagetrue.jpg?fit=1024%2C798&ssl=1","jetpack-related-posts":[],"jetpack_sharing_enabled":true,"_links":{"self":[{"href":"https:\/\/politicosaldesnudo.com.mx\/index.php\/wp-json\/wp\/v2\/posts\/40946","targetHints":{"allow":["GET"]}}],"collection":[{"href":"https:\/\/politicosaldesnudo.com.mx\/index.php\/wp-json\/wp\/v2\/posts"}],"about":[{"href":"https:\/\/politicosaldesnudo.com.mx\/index.php\/wp-json\/wp\/v2\/types\/post"}],"author":[{"embeddable":true,"href":"https:\/\/politicosaldesnudo.com.mx\/index.php\/wp-json\/wp\/v2\/users\/4"}],"replies":[{"embeddable":true,"href":"https:\/\/politicosaldesnudo.com.mx\/index.php\/wp-json\/wp\/v2\/comments?post=40946"}],"version-history":[{"count":0,"href":"https:\/\/politicosaldesnudo.com.mx\/index.php\/wp-json\/wp\/v2\/posts\/40946\/revisions"}],"wp:featuredmedia":[{"embeddable":true,"href":"https:\/\/politicosaldesnudo.com.mx\/index.php\/wp-json\/wp\/v2\/media\/40947"}],"wp:attachment":[{"href":"https:\/\/politicosaldesnudo.com.mx\/index.php\/wp-json\/wp\/v2\/media?parent=40946"}],"wp:term":[{"taxonomy":"category","embeddable":true,"href":"https:\/\/politicosaldesnudo.com.mx\/index.php\/wp-json\/wp\/v2\/categories?post=40946"},{"taxonomy":"post_tag","embeddable":true,"href":"https:\/\/politicosaldesnudo.com.mx\/index.php\/wp-json\/wp\/v2\/tags?post=40946"}],"curies":[{"name":"wp","href":"https:\/\/api.w.org\/{rel}","templated":true}]}}