{"id":40949,"date":"2024-06-30T01:26:54","date_gmt":"2024-06-30T06:26:54","guid":{"rendered":"https:\/\/politicosaldesnudo.com.mx\/?p=40949"},"modified":"2024-06-30T01:26:54","modified_gmt":"2024-06-30T06:26:54","slug":"absuelven-a-todos-los-acusados-en-el-caso-de-los-panama-papers","status":"publish","type":"post","link":"https:\/\/politicosaldesnudo.com.mx\/index.php\/2024\/06\/30\/absuelven-a-todos-los-acusados-en-el-caso-de-los-panama-papers\/","title":{"rendered":"Absuelven a todos los acusados en el caso de los Panama Papers"},"content":{"rendered":"<div class=\"content-body clearfix \">\n<div id=\"content-body-225-12161824\">\n<p><span style=\"font-size: 14pt;\">Un tribunal de Panam\u00e1 absolvi\u00f3 este viernes a los 28 imputados por el caso\u00a0<b>Panama Papers,<\/b>\u00a0la hist\u00f3rica filtraci\u00f3n de documentos del extinto bufete paname\u00f1o Mossack Fonseca, que vincul\u00f3 a diversas personalidades del mundo con el blanqueo de capitales, inform\u00f3 el \u00d3rgano Judicial (OJ).<\/span><\/p>\n<p><span style=\"font-size: 14pt;\">\u00abLa jueza Segunda Liquidadora de Causas Penales, Balo\u00edsa Marqu\u00ednez (&#8230;) absolvi\u00f3 a 28 personas acusadas del delito Contra el Orden Econ\u00f3mico en la modalidad de Blanqueo de Capitales, en las causas acumuladas de los casos denominados Panama Papers y &#8216;Lava Jato&#8217;, seguido a la firma de abogados Mossack Fonseca y sus colaboradores, as\u00ed como a ciudadanos de nacionalidad alemana\u00bb, detall\u00f3 el \u00d3rgano Judicial en un comunicado.<\/span><\/p>\n<\/div>\n<\/div>\n<div class=\"advertisment \">\n<div id=\"dfp-nota-1x3s\" data-google-query-id=\"CKmvgsnYgocDFWmtywEdiA4DlQ\">\n<div id=\"google_ads_iframe_\/2000002\/la-prensa\/mexico_nota_1x3_0__container__\">\n<div id=\"inArticle_1\" class=\"st-placement inArticle_1 inArticle\">\n<div class=\"st-adunit st-adunit-tagged st-reset st-show\">\n<div class=\"st-adunit-ad st-reset\">\n<div class=\"st-display-render st-reset open 970x250\">\n<div class=\"st-canvas st-reset horizontal-static\"><span style=\"font-size: 14pt;\">En la sentencia, la jueza se\u00f1ala que en los Panama Papers se determin\u00f3 que las pruebas recabadas en los servidores de Mossack Fonseca, con evidencias electr\u00f3nicas que fueron aportadas al proceso en soporte papel, \u00abno cumplieron con la cadena de custodia, as\u00ed como los principios que rigen la prueba digital principalmente al carecer de valores &#8216;hash&#8217; (algoritmo matem\u00e1tico para transformar bloques de datos) que permitieran tener certeza de su autenticidad e integridad\u00bb.<\/span><\/div>\n<\/div>\n<\/div>\n<\/div>\n<\/div>\n<\/div>\n<\/div>\n<\/div>\n<article class=\"content-continued-body clearfix \">\n<div id=\"content-body-5851641-12161824\">\n<p><span style=\"font-size: 14pt;\">Adem\u00e1s, la juzgadora concluy\u00f3 que \u00abel resto de las pruebas no eran suficientes y concluyentes para determinar la responsabilidad penal de los acusados, tanto de los fondos procedentes de Alemania, as\u00ed como los de Argentina\u00bb.<\/span><\/p>\n<div class=\"teads-inread\">\n<div>\n<div id=\"teads1\" class=\"teads-player\"><span style=\"font-size: 14pt;\">La jueza Marqu\u00ednez decret\u00f3 la \u00abextinci\u00f3n de la acci\u00f3n penal por muerte de uno de los se\u00f1alados en este proceso\u00bb. Se trata del abogado Ram\u00f3n Fonseca Mora, jefe y cofundador de la firma de abogados Mossack &amp; Fonseca, quien falleci\u00f3 el pasado 9 de mayo a causa de una neumon\u00eda que se le complic\u00f3, seg\u00fan dijeron a EFE sus familiares.<\/span><\/div>\n<\/div>\n<\/div>\n<p><span style=\"font-size: 14pt;\">De igual forma orden\u00f3 el levantamiento de las medidas cautelares personales y reales que pesan contra todos los procesados, entre los cuales est\u00e1 el abogado alem\u00e1n J\u00fcrgen Mossack, socio fundador de la firma junto a Fonseca Mora. Mossack fue absuelto de todo cargo.<\/span><\/p>\n<p><span style=\"font-size: 14pt;\">En el caso Lava Jato, el fallo indica que \u00abno se pudo determinar el ingreso de dinero de fuentes il\u00edcitas, procedentes de Brasil, al sistema financiero paname\u00f1o con la finalidad de ocultar, encubrir, disimular o ayudar a eludir las consecuencias jur\u00eddicas del delito precedente\u00bb.<\/span><\/p>\n<p><span style=\"font-size: 14pt;\">La trama &#8216;Lava Jato&#8217; de Brasil se acumul\u00f3 en un mismo expediente con el caso Panama Papers dada la afinidad en cuanto a los imputados y los hechos investigados por la fiscal\u00eda.<\/span><\/p>\n<p><span style=\"font-size: 14pt;\">La investigaci\u00f3n por este caso comenz\u00f3 en el 2016 \u00abpor hechos noticiosos relacionados con la operaci\u00f3n &#8216;Lava Jato&#8217; en Brasil, que vinculaba presuntamente a una oficina de abogados en Panam\u00e1 dedicada a la creaci\u00f3n de sociedades an\u00f3nimas\u00bb, como record\u00f3 el \u00d3rgano Judicial.<\/span><\/p>\n<p><span style=\"font-size: 14pt;\">Por su lado, el juicio de los Panama Papers comenz\u00f3 el 8 de abril pasado, ocho a\u00f1os despu\u00e9s de la hist\u00f3rica filtraci\u00f3n de documentos del extinto bufete paname\u00f1o Mossack Fonseca, que vincul\u00f3 a personalidades de todo el mundo con el blanqueo de capitales.<\/span><\/p>\n<p><span style=\"font-size: 14pt;\">El juicio por los Panama Papers, concluy\u00f3 el pasado 19 de abril, pero la jueza tom\u00f3 el plazo de 30 d\u00edas que le da la ley para emitir su veredicto en este caso investigado por el Ministerio P\u00fablico (MP, Fiscal\u00eda).<\/span><\/p>\n<p><span style=\"font-size: 14pt;\">El proceso acumulado consta de 837 tomos y m\u00e1s de 427 mil p\u00e1ginas.<\/span><\/p>\n<\/div>\n<\/article>\n","protected":false},"excerpt":{"rendered":"<p>Un tribunal de Panam\u00e1 absolvi\u00f3 este viernes a los 28 imputados por el caso\u00a0Panama Papers,\u00a0la hist\u00f3rica filtraci\u00f3n de documentos del<\/p>\n","protected":false},"author":4,"featured_media":40950,"comment_status":"closed","ping_status":"closed","sticky":false,"template":"","format":"standard","meta":{"colormag_page_container_layout":"default_layout","colormag_page_sidebar_layout":"default_layout","_jetpack_memberships_contains_paid_content":false,"footnotes":"","jetpack_publicize_message":"","jetpack_publicize_feature_enabled":true,"jetpack_social_post_already_shared":false,"jetpack_social_options":{"image_generator_settings":{"template":"highway","default_image_id":0,"font":"","enabled":false},"version":2}},"categories":[28],"tags":[],"class_list":["post-40949","post","type-post","status-publish","format-standard","has-post-thumbnail","hentry","category-internacional"],"jetpack_publicize_connections":[],"jetpack_featured_media_url":"https:\/\/i0.wp.com\/politicosaldesnudo.com.mx\/wp-content\/uploads\/2024\/06\/dolar.jpg?fit=400%2C250&ssl=1","jetpack-related-posts":[],"jetpack_sharing_enabled":true,"_links":{"self":[{"href":"https:\/\/politicosaldesnudo.com.mx\/index.php\/wp-json\/wp\/v2\/posts\/40949","targetHints":{"allow":["GET"]}}],"collection":[{"href":"https:\/\/politicosaldesnudo.com.mx\/index.php\/wp-json\/wp\/v2\/posts"}],"about":[{"href":"https:\/\/politicosaldesnudo.com.mx\/index.php\/wp-json\/wp\/v2\/types\/post"}],"author":[{"embeddable":true,"href":"https:\/\/politicosaldesnudo.com.mx\/index.php\/wp-json\/wp\/v2\/users\/4"}],"replies":[{"embeddable":true,"href":"https:\/\/politicosaldesnudo.com.mx\/index.php\/wp-json\/wp\/v2\/comments?post=40949"}],"version-history":[{"count":0,"href":"https:\/\/politicosaldesnudo.com.mx\/index.php\/wp-json\/wp\/v2\/posts\/40949\/revisions"}],"wp:featuredmedia":[{"embeddable":true,"href":"https:\/\/politicosaldesnudo.com.mx\/index.php\/wp-json\/wp\/v2\/media\/40950"}],"wp:attachment":[{"href":"https:\/\/politicosaldesnudo.com.mx\/index.php\/wp-json\/wp\/v2\/media?parent=40949"}],"wp:term":[{"taxonomy":"category","embeddable":true,"href":"https:\/\/politicosaldesnudo.com.mx\/index.php\/wp-json\/wp\/v2\/categories?post=40949"},{"taxonomy":"post_tag","embeddable":true,"href":"https:\/\/politicosaldesnudo.com.mx\/index.php\/wp-json\/wp\/v2\/tags?post=40949"}],"curies":[{"name":"wp","href":"https:\/\/api.w.org\/{rel}","templated":true}]}}