{"id":40952,"date":"2024-06-30T01:29:17","date_gmt":"2024-06-30T06:29:17","guid":{"rendered":"https:\/\/politicosaldesnudo.com.mx\/?p=40952"},"modified":"2024-06-30T01:29:17","modified_gmt":"2024-06-30T06:29:17","slug":"el-estado-islamico-lejos-de-su-extincion","status":"publish","type":"post","link":"https:\/\/politicosaldesnudo.com.mx\/index.php\/2024\/06\/30\/el-estado-islamico-lejos-de-su-extincion\/","title":{"rendered":"El Estado Isl\u00e1mico, lejos de su extinci\u00f3n"},"content":{"rendered":"<div>\n<div id=\"content-body-225-12162463\">\n<p><span style=\"font-size: 14pt;\">Desde que\u00a0Abu Bakr al Bagdadi\u00a0proclamara el \u201ccalifato\u201d en Irak hace 10 a\u00f1os, el\u00a0grupo yihadista\u00a0Estado Isl\u00e1mico\u00a0(EI) ha vivido numerosos fracasos. Tocada pero no hundida, la organizaci\u00f3n ha logrado mantener una fuerte presencia en\u00a0pa\u00edses africanos\u00a0y en el continente asi\u00e1tico con sus diferentes ramas que siguen aterrorizando al mundo.<\/span><\/p>\n<p><span style=\"font-size: 14pt;\">\u201cEn Irak y Siria no dudo que la organizaci\u00f3n\u00a0est\u00e9 ahora m\u00e1s d\u00e9bil que en 2014 y 2015, aunque recientemente hemos visto que las capacidades militares de la organizaci\u00f3n han crecido en algunas zonas, como en el desierto central sirio\u201d, afirm\u00f3 Aymenn Jawad Al Tamimi, investigador de\u00a0Middle East Forum en Filadelfia.<\/span><\/p>\n<\/div>\n<\/div>\n<article>\n<div id=\"content-body-5851641-12162463\">\n<p><span style=\"font-size: 14pt;\">Pero el doctor por la\u00a0Universidad de Swansea, con una tesis sobre las narrativas hist\u00f3ricas en la propaganda del EI, apunt\u00f3 que el \u201cgran problema\u201d actual est\u00e1 en las diferentes filiales de la organizaci\u00f3n extremista por el mundo, \u201cespecialmente en el Sahel, \u00c1frica Occidental y Mozambique, donde controlan territorio\u201d, lejos de los focos de Occidente.<\/span><\/p>\n<p><span style=\"font-size: 14pt;\">Al Bagdadi declar\u00f3 el \u201ccalifato\u201d el 29 de junio de 2014, una especie de protoestado que se expandi\u00f3 por amplias zonas de Siria e Irak. Mientras que en\u00a0Irak\u00a0cay\u00f3 territorialmente en diciembre de 2017, en\u00a0Siria\u00a0ocurri\u00f3 a mediados de 2019. Meses despu\u00e9s,\u00a0Al Bagdadi\u00a0se hizo explotar en medio de una operaci\u00f3n estadounidense en una aldea en el noroeste de Siria.<\/span><\/p>\n<p><span style=\"font-size: 14pt;\">Desde entonces, han pasado hasta cuatro l\u00edderes m\u00e1s del EI que han visto c\u00f3mo su cuna del \u201ccalifato\u201d ha ido desapareciendo del radar, si bien se han expandido para llegar a otros rincones del planeta.<\/span><\/p>\n<p><span style=\"font-size: 14pt;\">Al Tamimi\u00a0asegur\u00f3 que ahora hay \u201cel desplazamiento de muchos cristianos en Mozambique y en el\u00a0Congo, donde las ramas del Estado Isl\u00e1mico\u00a0lanzan ataques y amenazan\u201d, una \u201ctragedia humanitaria y una terrible persecuci\u00f3n\u201d, si bien \u201cno es una amenaza inmediata para Occidente\u201d.<\/span><\/p>\n<p><span style=\"font-size: 14pt;\">Ante la existencia de filiales del EI como la del Joras\u00e1n (activo en Ir\u00e1n y Asia Central), el experto se\u00f1al\u00f3 que es \u201cevidente que hay una amenaza terrorista internacional\u201d, como se ha visto en los recientes ataques en\u00a0Ir\u00e1n y Rusia, as\u00ed como las amenazas potenciales en Europa.<\/span><\/p>\n<p><span style=\"font-size: 14pt;\">CONTIN\u00daA LA AMENAZA<\/span><\/p>\n<p><span style=\"font-size: 14pt;\">Al Tamimi\u00a0apunt\u00f3 que la organizaci\u00f3n no va a desaparecer en Irak, aunque ahora sea un \u201cproblema peque\u00f1o pero indefinido en el pa\u00eds\u201d, pero tampoco se va a ver \u201cel resurgimiento del califato en\u00a0Irak\u00a0y en\u00a0Siria\u00a0como pas\u00f3 en 2014\u201d.<\/span><\/p>\n<p><span style=\"font-size: 14pt;\">El investigador senior en el programa sobre extremismo en la\u00a0Universidad George Washington, Sergio Altuna, asever\u00f3 que pese a que el\u00a0grupo yihadista\u00a0ha recibido \u201cbastantes golpes en su c\u00fapula\u201d, la expansi\u00f3n del resto de filiales del EI es \u201cnotable\u201d y en \u00c1frica ha sido \u201cenorme\u201d, con Burkina Faso como un \u201cpunto negro\u201d. Los tres analistas tienen claro que el\u00a0Estado Isl\u00e1mico\u00a0est\u00e1 \u201clejos de haber desaparecido\u201d.<\/span><\/p>\n<p><span style=\"font-size: 14pt;\">Para occidente, la amenaza est\u00e1 latente ante posibles ataques terroristas, sobre todo en la celebraci\u00f3n de los pr\u00f3ximos Juegos Ol\u00edmpicos donde el\u00a0grupo islamista\u00a0ha pedido a sus soldados que realicen ataques terroristas en el evento.<\/span><\/p>\n<p><span style=\"font-size: 14pt;\">Las autoridades francesas afirman que no tienen constancia de amenazas caracterizadas, m\u00e1s all\u00e1 de un posible atentado contra el estadio de f\u00fatbol de la ciudad de Saint \u00c9tienne desarticulado, aunque admiti\u00f3 que la amenaza terrorista \u201csigue siendo particularmente elevada\u201d, luego los ataques de Mosc\u00fa de finales de marzo con decenas de muertos.<\/span><\/p>\n<\/div>\n<\/article>\n","protected":false},"excerpt":{"rendered":"<p>Desde que\u00a0Abu Bakr al Bagdadi\u00a0proclamara el \u201ccalifato\u201d en Irak hace 10 a\u00f1os, el\u00a0grupo yihadista\u00a0Estado Isl\u00e1mico\u00a0(EI) ha vivido numerosos fracasos. Tocada<\/p>\n","protected":false},"author":4,"featured_media":40953,"comment_status":"closed","ping_status":"closed","sticky":false,"template":"","format":"standard","meta":{"colormag_page_container_layout":"default_layout","colormag_page_sidebar_layout":"default_layout","_jetpack_memberships_contains_paid_content":false,"footnotes":"","jetpack_publicize_message":"","jetpack_publicize_feature_enabled":true,"jetpack_social_post_already_shared":false,"jetpack_social_options":{"image_generator_settings":{"template":"highway","default_image_id":0,"font":"","enabled":false},"version":2}},"categories":[28],"tags":[],"class_list":["post-40952","post","type-post","status-publish","format-standard","has-post-thumbnail","hentry","category-internacional"],"jetpack_publicize_connections":[],"jetpack_featured_media_url":"https:\/\/i0.wp.com\/politicosaldesnudo.com.mx\/wp-content\/uploads\/2024\/06\/Muere-lider-del-Estado-Islamico-en-Siria-tras-ataque-de-ejercito-de-EU.jpg?fit=768%2C490&ssl=1","jetpack-related-posts":[],"jetpack_sharing_enabled":true,"_links":{"self":[{"href":"https:\/\/politicosaldesnudo.com.mx\/index.php\/wp-json\/wp\/v2\/posts\/40952","targetHints":{"allow":["GET"]}}],"collection":[{"href":"https:\/\/politicosaldesnudo.com.mx\/index.php\/wp-json\/wp\/v2\/posts"}],"about":[{"href":"https:\/\/politicosaldesnudo.com.mx\/index.php\/wp-json\/wp\/v2\/types\/post"}],"author":[{"embeddable":true,"href":"https:\/\/politicosaldesnudo.com.mx\/index.php\/wp-json\/wp\/v2\/users\/4"}],"replies":[{"embeddable":true,"href":"https:\/\/politicosaldesnudo.com.mx\/index.php\/wp-json\/wp\/v2\/comments?post=40952"}],"version-history":[{"count":0,"href":"https:\/\/politicosaldesnudo.com.mx\/index.php\/wp-json\/wp\/v2\/posts\/40952\/revisions"}],"wp:featuredmedia":[{"embeddable":true,"href":"https:\/\/politicosaldesnudo.com.mx\/index.php\/wp-json\/wp\/v2\/media\/40953"}],"wp:attachment":[{"href":"https:\/\/politicosaldesnudo.com.mx\/index.php\/wp-json\/wp\/v2\/media?parent=40952"}],"wp:term":[{"taxonomy":"category","embeddable":true,"href":"https:\/\/politicosaldesnudo.com.mx\/index.php\/wp-json\/wp\/v2\/categories?post=40952"},{"taxonomy":"post_tag","embeddable":true,"href":"https:\/\/politicosaldesnudo.com.mx\/index.php\/wp-json\/wp\/v2\/tags?post=40952"}],"curies":[{"name":"wp","href":"https:\/\/api.w.org\/{rel}","templated":true}]}}