{"id":40988,"date":"2024-07-01T07:59:40","date_gmt":"2024-07-01T12:59:40","guid":{"rendered":"https:\/\/politicosaldesnudo.com.mx\/?p=40988"},"modified":"2024-07-01T07:59:40","modified_gmt":"2024-07-01T12:59:40","slug":"siempre-se-puede-estar-peor","status":"publish","type":"post","link":"https:\/\/politicosaldesnudo.com.mx\/index.php\/2024\/07\/01\/siempre-se-puede-estar-peor\/","title":{"rendered":"SIEMPRE SE PUEDE ESTAR PEOR"},"content":{"rendered":"<p><span style=\"font-size: 14pt;\">Durante el primer foro organizado por la C\u00e1mara de Diputados para analizar la reforma judicial, -en la cual participaron los once ministros de la SCJN-, destac\u00f3 por el tono y el lenguaje utilizado la participaci\u00f3n de la ministra Lenia Batres. El tono pol\u00edtico y no jur\u00eddico utilizado por ella muestra la esencia del problema.<\/span><\/p>\n<p><span style=\"font-size: 14pt;\">Pareciera ser que la reforma judicial al Poder Judicial Federal podr\u00eda resolver los graves vicios de la impartici\u00f3n cotidiana de la justicia, esa que afecta directamente al ciudadano. Sin embargo, el \u00e1mbito principal del Poder Judicial Federal es el relativo a controversias constitucionales, acciones de inconstitucionalidad, juicios de amparo y todo aquello en lo que intervenga una autoridad federal o que el delito juzgado sea de orden federal.<\/span><\/p>\n<p><span style=\"font-size: 14pt;\">S\u00f3lo una minor\u00eda de los juicios del fuero com\u00fan, -que son manejados en el \u00e1mbito local-, llegan al contexto federal, y generalmente es a trav\u00e9s del juicio de amparo.<\/span><\/p>\n<p><span style=\"font-size: 14pt;\">Evidentemente el sistema judicial de nuestro pa\u00eds exige una reforma de fondo y la sociedad mexicana lo demanda. Los agravios por injusticias se han acumulado durante muchas generaciones.<\/span><\/p>\n<p><span style=\"font-size: 14pt;\">Sin embargo, la reforma que se pretende instrumentar en septiembre, -y es la que le importa al presidente-, es la del Poder Judicial Federal, que es donde se dirimen los casos importantes para el Poder Ejecutivo. Por tanto, las injusticias cotidianas seguir\u00edan existiendo igual que siempre, aunque hubiese reformas al Poder Judicial Federal.<\/span><\/p>\n<p><span style=\"font-size: 14pt;\">No olvidemos que el Estado Mexicano est\u00e1 compuesto por la suma de entidades federativas y s\u00f3lo un gobierno federal. Lo que realmente est\u00e1 en juego con esta reforma inminente son los asuntos de gran calado, donde se dirimen grandes intereses y ocasionalmente algunos casos de justicia cotidiana puedan ser atra\u00eddos por autoridades del \u00e1mbito federal.<\/span><\/p>\n<p><span style=\"font-size: 14pt;\">Sin embargo, aunque el ciudadano por desconocimiento lo engloba todo como si fuese un solo sistema, en la realidad esta no es una estructura uniforme, pues efectivamente a lo largo del pa\u00eds hay miles de jueces que venden justicia, pero tambi\u00e9n hay jueces y magistrados honorables y comprometidos con el \u201cdeber ser\u201d, por lo cual imparten justicia guiados por su vocaci\u00f3n de servicio.<\/span><\/p>\n<p><span style=\"font-size: 14pt;\">A su vez, generalmente, -salvo excepciones-, quienes llegan a la Suprema Corte de Justicia de la Naci\u00f3n vienen precedidos de honorabilidad, conocimientos y una larga carrera judicial y no podr\u00eda ser de otra forma por las graves implicaciones que tienen para el pa\u00eds los temas que ah\u00ed se analizan, discuten y se resuelven. Por ello, dar entrada a gente improvisada y sin experiencia en la carrera judicial, puede tener grandes implicaciones.<\/span><\/p>\n<p><span style=\"font-size: 14pt;\">Incluso, as\u00ed como han quedado en evidencia medi\u00e1tica acciones cuestionables y reprobables de muchos jueces, -tanto federales como estatales-, han quedado visibles tambi\u00e9n resoluciones impecables jur\u00eddicamente por parte de jueces y magistrados, que incluso, -enfrentando riesgos graves y conflictos-, han hecho valer los principios y valores b\u00e1sicos y universales de la justicia.<\/span><\/p>\n<p><span style=\"font-size: 14pt;\">En el manejo medi\u00e1tico de esta reforma hay un gran enga\u00f1o para manipular los sentimientos de la ciudadan\u00eda, as\u00ed como sus resentimientos y exigencia de \u201cjusticia de verdad\u201d.<\/span><\/p>\n<p><span style=\"font-size: 14pt;\">Por ello la visi\u00f3n populista y demag\u00f3gica de la iniciativa presidencial, -de someter al voto popular la selecci\u00f3n y nombramiento de jueces, magistrados y ministros-, no deja de ser la \u201cCaja de Pandora\u201d, que puede traer graves males para el pa\u00eds, como dejar vulnerables a los impartidores de justicia frente al poder del crimen organizado cuando estos grupos les patrocinen sus campa\u00f1as. No querer ver este riesgo\u2026 es necedad.<\/span><\/p>\n<p><span style=\"font-size: 14pt;\">Es muy importante definir varias circunstancias que tienen que ver con la falta de conocimiento popular respecto a la conformaci\u00f3n del Poder Judicial.<\/span><\/p>\n<p><span style=\"font-size: 14pt;\">El ciudadano com\u00fan generaliza en el concepto \u201cPoder Judicial\u201d a toda la corrupci\u00f3n de polic\u00edas municipales, estatales y agentes \u201cjudiciales\u201d, ministerios p\u00fablicos y muchos perfiles de funcionarios dependientes de las fiscal\u00edas estatales, as\u00ed como de la Fiscal\u00eda General de la Rep\u00fablica, pues todo este sistema es el primer contacto que tiene el ciudadano con la justicia y precisamente ah\u00ed es donde priva la improvisaci\u00f3n y ello abre la puerta a la corrupci\u00f3n.<\/span><\/p>\n<p><span style=\"font-size: 14pt;\">Sin embargo, las autoridades de \u201cprimer contacto\u201d para el ciudadano no son parte del Poder Judicial de la Federaci\u00f3n, que hoy est\u00e1 bajo escrutinio p\u00fablico.<\/span><\/p>\n<p><span style=\"font-size: 14pt;\">Adem\u00e1s, consideremos que en el \u00e1mbito federal, es donde menos corrupci\u00f3n hay.<\/span><\/p>\n<p><span style=\"font-size: 14pt;\">Es evidente que se debe reformar la actividad del Poder Judicial, pero sin someter a esta instituci\u00f3n que resguarda la constitucionalidad y al \u201cestado de derecho\u201d en el \u00e1mbito federal, al grave riesgo que se deriva de elecciones populares de jueces, magistrados y ministros, quienes quedar\u00edan a merced de los patrocinadores de sus campa\u00f1as.<\/span><\/p>\n<p><span style=\"font-size: 14pt;\">Siempre se puede estar peor si se toman decisiones riesgosas y equivocadas.<\/span><\/p>\n<p><span style=\"font-size: 14pt;\">Adem\u00e1s, en estricto sentido un principio universal de la jurisprudencia marca que las leyes no deben ser de aplicaci\u00f3n retroactiva, lo que significa que las nuevas reglas para la selecci\u00f3n de jueces, magistrados y ministros, solo debiesen entrar en vigor cuando hubiese que sustituir funcionarios que se retiran al cumplirse el ciclo natural del periodo para el que fueron nombrados, no antes. La no retroactividad de la ley es un valor universal de la jurisprudencia y en M\u00e9xico se debe respetar.<\/span><\/p>\n<p><span style=\"font-size: 14pt;\">Sin embargo, parece ser que se est\u00e1 preparando un cataclismo para echar a la calle a todos los ministros, magistrados y jueces y nombrar de inmediato a sus sustitutos, lo cual, -adem\u00e1s de inconstitucional por la ilegalidad de la retroactividad de su aplicaci\u00f3n-, generar\u00eda un vac\u00edo de autoridad que ser\u00eda capitalizado por la delincuencia.<\/span><\/p>\n<p><span style=\"font-size: 14pt;\">A final de cuentas, este es quiz\u00e1 un tema de grav\u00edsimas implicaciones que el presidente est\u00e1 empujando para que una legislatura conformada en un alto porcentaje por legisladores que carecen de experiencia, definan y voten casi sin entender la dimensi\u00f3n de lo que se pretende instrumentar.<\/span><\/p>\n<p><span style=\"font-size: 14pt;\">No debemos olvidar que siempre se puede estar peor.<\/span><\/p>\n<p><span style=\"font-size: 14pt;\"><strong>LAS GANAS DE CREER<\/strong><\/span><\/p>\n<p><span style=\"font-size: 14pt;\">En cada sexenio que inicia las \u201cganas de creer\u201c que con el nuevo gobierno todo va a mejorar, se ha convertido en un ritual.<\/span><\/p>\n<p><span style=\"font-size: 14pt;\">Sin embargo, en el presente proceso de transici\u00f3n hay se\u00f1ales esperanzadoras por parte de la presidenta electa.<\/span><\/p>\n<p><span style=\"font-size: 14pt;\">El perfil de los miembros de su gabinete, donde se combina experiencia, conocimientos derivados del estudio universitario y trayectoria en la funci\u00f3n p\u00fablica, en contraste con el gabinete del presidente L\u00f3pez Obrador, en el cual muchas carteras importantes fueron ocupadas por funcionarios de mediano nivel, -improvisados-, sin experiencia, sin conocimientos y sin trayectoria relevante en el servicio p\u00fablico, siguiendo la m\u00e1xima presidencial de 90% lealtad y 10% conocimientos.<\/span><\/p>\n<p><span style=\"font-size: 14pt;\">Adem\u00e1s, el presidente L\u00f3pez Obrador siempre manifest\u00f3 desprecio por los conocimientos acad\u00e9micos. Por ello el perfil del gabinete nombrado hasta hoy es como un rayo de esperanza.<\/span><\/p>\n<p><span style=\"font-size: 14pt;\">\u00bfA usted qu\u00e9 le parece?<\/span><\/p>\n","protected":false},"excerpt":{"rendered":"<p>Durante el primer foro organizado por la C\u00e1mara de Diputados para analizar la reforma judicial, -en la cual participaron los<\/p>\n","protected":false},"author":4,"featured_media":26269,"comment_status":"closed","ping_status":"closed","sticky":false,"template":"","format":"standard","meta":{"colormag_page_container_layout":"default_layout","colormag_page_sidebar_layout":"default_layout","_jetpack_memberships_contains_paid_content":false,"footnotes":"","jetpack_publicize_message":"","jetpack_publicize_feature_enabled":true,"jetpack_social_post_already_shared":false,"jetpack_social_options":{"image_generator_settings":{"template":"highway","default_image_id":0,"font":"","enabled":false},"version":2}},"categories":[26],"tags":[],"class_list":["post-40988","post","type-post","status-publish","format-standard","has-post-thumbnail","hentry","category-columnistas"],"jetpack_publicize_connections":[],"jetpack_featured_media_url":"https:\/\/i0.wp.com\/politicosaldesnudo.com.mx\/wp-content\/uploads\/2023\/11\/BANNER-homs.jpg?fit=800%2C445&ssl=1","jetpack-related-posts":[],"jetpack_sharing_enabled":true,"_links":{"self":[{"href":"https:\/\/politicosaldesnudo.com.mx\/index.php\/wp-json\/wp\/v2\/posts\/40988","targetHints":{"allow":["GET"]}}],"collection":[{"href":"https:\/\/politicosaldesnudo.com.mx\/index.php\/wp-json\/wp\/v2\/posts"}],"about":[{"href":"https:\/\/politicosaldesnudo.com.mx\/index.php\/wp-json\/wp\/v2\/types\/post"}],"author":[{"embeddable":true,"href":"https:\/\/politicosaldesnudo.com.mx\/index.php\/wp-json\/wp\/v2\/users\/4"}],"replies":[{"embeddable":true,"href":"https:\/\/politicosaldesnudo.com.mx\/index.php\/wp-json\/wp\/v2\/comments?post=40988"}],"version-history":[{"count":0,"href":"https:\/\/politicosaldesnudo.com.mx\/index.php\/wp-json\/wp\/v2\/posts\/40988\/revisions"}],"wp:featuredmedia":[{"embeddable":true,"href":"https:\/\/politicosaldesnudo.com.mx\/index.php\/wp-json\/wp\/v2\/media\/26269"}],"wp:attachment":[{"href":"https:\/\/politicosaldesnudo.com.mx\/index.php\/wp-json\/wp\/v2\/media?parent=40988"}],"wp:term":[{"taxonomy":"category","embeddable":true,"href":"https:\/\/politicosaldesnudo.com.mx\/index.php\/wp-json\/wp\/v2\/categories?post=40988"},{"taxonomy":"post_tag","embeddable":true,"href":"https:\/\/politicosaldesnudo.com.mx\/index.php\/wp-json\/wp\/v2\/tags?post=40988"}],"curies":[{"name":"wp","href":"https:\/\/api.w.org\/{rel}","templated":true}]}}