{"id":40992,"date":"2024-07-01T08:07:14","date_gmt":"2024-07-01T13:07:14","guid":{"rendered":"https:\/\/politicosaldesnudo.com.mx\/?p=40992"},"modified":"2024-07-01T08:07:14","modified_gmt":"2024-07-01T13:07:14","slug":"atacan-a-balazos-al-director-de-finanzas-del-poder-judicial-de-acapulco","status":"publish","type":"post","link":"https:\/\/politicosaldesnudo.com.mx\/index.php\/2024\/07\/01\/atacan-a-balazos-al-director-de-finanzas-del-poder-judicial-de-acapulco\/","title":{"rendered":"Atacan a balazos al director de Finanzas del Poder Judicial de Acapulco"},"content":{"rendered":"<p><span style=\"font-size: 14pt;\">Hombres armados\u00a0atacaron a balazos al director de Finanzas\u00a0del\u00a0Poder Judicial de Acapulco, Antonio Sebasti\u00e1n Ortu\u00f1o, y a una mujer cuando circulaban en un autom\u00f3vil compacto en la avenida Costera Miguel Alem\u00e1n, en el acceso a playa Caleta, cerca del Poder Judicial del Estado en la zona tradicional de la regi\u00f3n.<\/span><\/p>\n<p><span style=\"font-size: 14pt;\">El ataque armado ocurri\u00f3 a las 4:30 de la tarde de este domingo, en el Fraccionamiento Las Playas, de Acapulco, de acuerdo con reportes de las autoridades de seguridad p\u00fablica.<\/span><\/p>\n<p><span style=\"font-size: 14pt;\">De acuerdo a los primeros reportes policiales, la pareja\u00a0sal\u00eda de comer de un restaurante\u00a0cerca del acceso a playa de Caleta, se subieron a un autom\u00f3vil color blanco marca Volkswagen tipo Jetta y les dispararon en repetidas ocasiones.<\/span><\/p>\n<p><span style=\"font-size: 14pt;\">Los heridos se trasladaron por sus propios medios a un hospital privado para su atenci\u00f3n m\u00e9dica, en el trayecto por la zona tur\u00edstica fueron resguardados por elementos de la Guardia Nacional.<\/span><\/p>\n<p><span style=\"font-size: 14pt;\">Pese a operativo, no localizaron a los agresores<\/span><\/p>\n<p><span style=\"font-size: 14pt;\">Polic\u00edas abord\u00f3 de varias patrullas peinaron la zona para dar con el paradero de los agresores, sin embargo,\u00a0durante el operativo no localizaron a los sujetos\u00a0armados.<\/span><\/p>\n<p><span style=\"font-size: 14pt;\">Autoridades informaron que la unidad motriz tiene impactos de arma de fuego en el cristal delantero, as\u00ed como en el cristal de la ventana del conductor.<\/span><\/p>\n<p><span style=\"font-size: 14pt;\">La\u00a0zona fue resguardada por polic\u00edas\u00a0de diferentes corporaciones quienes encontraron\u00a0casquillos percutidos\u00a0con los que la\u00a0Fiscal\u00eda\u00a0General del Estado\u00a0realiz\u00f3 las investigaciones correspondientes.<\/span><\/p>\n","protected":false},"excerpt":{"rendered":"<p>Hombres armados\u00a0atacaron a balazos al director de Finanzas\u00a0del\u00a0Poder Judicial de Acapulco, Antonio Sebasti\u00e1n Ortu\u00f1o, y a una mujer cuando circulaban<\/p>\n","protected":false},"author":4,"featured_media":40993,"comment_status":"closed","ping_status":"closed","sticky":false,"template":"","format":"standard","meta":{"colormag_page_container_layout":"default_layout","colormag_page_sidebar_layout":"default_layout","_jetpack_memberships_contains_paid_content":false,"footnotes":"","jetpack_publicize_message":"","jetpack_publicize_feature_enabled":true,"jetpack_social_post_already_shared":false,"jetpack_social_options":{"image_generator_settings":{"template":"highway","default_image_id":0,"font":"","enabled":false},"version":2}},"categories":[33],"tags":[],"class_list":["post-40992","post","type-post","status-publish","format-standard","has-post-thumbnail","hentry","category-nacional"],"jetpack_publicize_connections":[],"jetpack_featured_media_url":"https:\/\/i0.wp.com\/politicosaldesnudo.com.mx\/wp-content\/uploads\/2024\/07\/ataque-funcionario-poder-judicial-gro.jpeg?fit=400%2C250&ssl=1","jetpack-related-posts":[],"jetpack_sharing_enabled":true,"_links":{"self":[{"href":"https:\/\/politicosaldesnudo.com.mx\/index.php\/wp-json\/wp\/v2\/posts\/40992","targetHints":{"allow":["GET"]}}],"collection":[{"href":"https:\/\/politicosaldesnudo.com.mx\/index.php\/wp-json\/wp\/v2\/posts"}],"about":[{"href":"https:\/\/politicosaldesnudo.com.mx\/index.php\/wp-json\/wp\/v2\/types\/post"}],"author":[{"embeddable":true,"href":"https:\/\/politicosaldesnudo.com.mx\/index.php\/wp-json\/wp\/v2\/users\/4"}],"replies":[{"embeddable":true,"href":"https:\/\/politicosaldesnudo.com.mx\/index.php\/wp-json\/wp\/v2\/comments?post=40992"}],"version-history":[{"count":0,"href":"https:\/\/politicosaldesnudo.com.mx\/index.php\/wp-json\/wp\/v2\/posts\/40992\/revisions"}],"wp:featuredmedia":[{"embeddable":true,"href":"https:\/\/politicosaldesnudo.com.mx\/index.php\/wp-json\/wp\/v2\/media\/40993"}],"wp:attachment":[{"href":"https:\/\/politicosaldesnudo.com.mx\/index.php\/wp-json\/wp\/v2\/media?parent=40992"}],"wp:term":[{"taxonomy":"category","embeddable":true,"href":"https:\/\/politicosaldesnudo.com.mx\/index.php\/wp-json\/wp\/v2\/categories?post=40992"},{"taxonomy":"post_tag","embeddable":true,"href":"https:\/\/politicosaldesnudo.com.mx\/index.php\/wp-json\/wp\/v2\/tags?post=40992"}],"curies":[{"name":"wp","href":"https:\/\/api.w.org\/{rel}","templated":true}]}}