{"id":40995,"date":"2024-07-01T08:09:17","date_gmt":"2024-07-01T13:09:17","guid":{"rendered":"https:\/\/politicosaldesnudo.com.mx\/?p=40995"},"modified":"2024-07-01T08:09:17","modified_gmt":"2024-07-01T13:09:17","slug":"ingresan-al-penal-de-pachuca-a-exalcalde-de-tizayuca-hidalgo","status":"publish","type":"post","link":"https:\/\/politicosaldesnudo.com.mx\/index.php\/2024\/07\/01\/ingresan-al-penal-de-pachuca-a-exalcalde-de-tizayuca-hidalgo\/","title":{"rendered":"Ingresan al penal de Pachuca a exalcalde de Tizayuca, Hidalgo"},"content":{"rendered":"<div>\n<div id=\"content-body-225-12169155\">\n<p><span style=\"font-size: 14pt;\">El exalcalde de\u00a0Tizayuca, Hidalgo, Gabriel \u00abN\u00bb,\u00a0fue detenido\u00a0por agentes de la Polic\u00eda Ministerial de Investigaci\u00f3n de la Procuradur\u00eda General de Justicia de Hidalgo.<\/span><\/p>\n<p><span style=\"font-size: 14pt;\">De acuerdo con el Registro Nacional de Detenciones (RND), minutos antes de las 13 horas se cumpliment\u00f3 la orden de aprehensi\u00f3n en la calle de Aldama, en la colonia El Pedregal, en Hidalgo, presuntamente afuera de su domicilio.<\/span><\/p>\n<\/div>\n<\/div>\n<div>\n<div id=\"dfp-nota-1x3s\" data-google-query-id=\"CPDWu7j0hYcDFY6CywEd1YUPkA\">\n<div id=\"google_ads_iframe_\/2000002\/la-prensa\/mexico_nota_1x3_0__container__\">\n<div id=\"inArticle_1\">\n<div>\n<div>\n<div>\n<div><span style=\"font-size: 14pt;\">De acuerdo con datos extraoficiales, se le imputa la responsabilidad administrativa de m\u00e1s de 82 millones de pesos\u00a0mientras desempe\u00f1\u00f3 ese cargo y que le se\u00f1al\u00f3 la Auditor\u00eda Superior del Estado de Hidalgo (ASEH), conforme a las revisiones de sus cuentas p\u00fablicas del 2017 al 2020.<\/span><\/div>\n<\/div>\n<\/div>\n<\/div>\n<\/div>\n<\/div>\n<\/div>\n<\/div>\n<article>\n<div id=\"content-body-5851641-12169155\">\n<p><span style=\"font-size: 14pt;\">Al parecer otras dos personas habr\u00edan sido detenidas junto con el.<\/span><\/p>\n<p><span style=\"font-size: 14pt;\">En las pasadas elecciones,\u00a0compiti\u00f3 a la alcald\u00eda de Tizayuca\u00a0con una candidatura con Fuerza y Coraz\u00f3n por Hidalgo (PAN-PRD-PRI) y perdi\u00f3, con lo que\u00a0no logr\u00f3 reelegirse\u00a0pues qued\u00f3 en segundo lugar por el n\u00famero de votos.<\/span><\/p>\n<p><span style=\"font-size: 14pt;\">Durante la contienda, se ventil\u00f3 la informaci\u00f3n de la ASEH, lo cual Gabriel \u201cN\u201d, neg\u00f3.<\/span><\/p>\n<p><span style=\"font-size: 14pt;\">En la ficha del RND se detall\u00f3 que se trata de una persona del g\u00e9nero masculino de complexi\u00f3n delgada, cabello entre cano, viste sudadera deportiva con franjas, pantal\u00f3n de vestir color gris y zapatos color negro.<\/span><\/p>\n<p><span style=\"font-size: 14pt;\">Fue llevado ante la presencia del juez local e ingresado al Centro de Readaptaci\u00f3n Social de Pachuca, Hidalgo.<\/span><\/p>\n<\/div>\n<\/article>\n","protected":false},"excerpt":{"rendered":"<p>El exalcalde de\u00a0Tizayuca, Hidalgo, Gabriel \u00abN\u00bb,\u00a0fue detenido\u00a0por agentes de la Polic\u00eda Ministerial de Investigaci\u00f3n de la Procuradur\u00eda General de Justicia<\/p>\n","protected":false},"author":4,"featured_media":40996,"comment_status":"closed","ping_status":"closed","sticky":false,"template":"","format":"standard","meta":{"colormag_page_container_layout":"default_layout","colormag_page_sidebar_layout":"default_layout","_jetpack_memberships_contains_paid_content":false,"footnotes":"","jetpack_publicize_message":"","jetpack_publicize_feature_enabled":true,"jetpack_social_post_already_shared":false,"jetpack_social_options":{"image_generator_settings":{"template":"highway","default_image_id":0,"font":"","enabled":false},"version":2}},"categories":[33],"tags":[],"class_list":["post-40995","post","type-post","status-publish","format-standard","has-post-thumbnail","hentry","category-nacional"],"jetpack_publicize_connections":[],"jetpack_featured_media_url":"https:\/\/i0.wp.com\/politicosaldesnudo.com.mx\/wp-content\/uploads\/2024\/07\/Exalcalde-tiza.jpeg?fit=400%2C250&ssl=1","jetpack-related-posts":[],"jetpack_sharing_enabled":true,"_links":{"self":[{"href":"https:\/\/politicosaldesnudo.com.mx\/index.php\/wp-json\/wp\/v2\/posts\/40995","targetHints":{"allow":["GET"]}}],"collection":[{"href":"https:\/\/politicosaldesnudo.com.mx\/index.php\/wp-json\/wp\/v2\/posts"}],"about":[{"href":"https:\/\/politicosaldesnudo.com.mx\/index.php\/wp-json\/wp\/v2\/types\/post"}],"author":[{"embeddable":true,"href":"https:\/\/politicosaldesnudo.com.mx\/index.php\/wp-json\/wp\/v2\/users\/4"}],"replies":[{"embeddable":true,"href":"https:\/\/politicosaldesnudo.com.mx\/index.php\/wp-json\/wp\/v2\/comments?post=40995"}],"version-history":[{"count":0,"href":"https:\/\/politicosaldesnudo.com.mx\/index.php\/wp-json\/wp\/v2\/posts\/40995\/revisions"}],"wp:featuredmedia":[{"embeddable":true,"href":"https:\/\/politicosaldesnudo.com.mx\/index.php\/wp-json\/wp\/v2\/media\/40996"}],"wp:attachment":[{"href":"https:\/\/politicosaldesnudo.com.mx\/index.php\/wp-json\/wp\/v2\/media?parent=40995"}],"wp:term":[{"taxonomy":"category","embeddable":true,"href":"https:\/\/politicosaldesnudo.com.mx\/index.php\/wp-json\/wp\/v2\/categories?post=40995"},{"taxonomy":"post_tag","embeddable":true,"href":"https:\/\/politicosaldesnudo.com.mx\/index.php\/wp-json\/wp\/v2\/tags?post=40995"}],"curies":[{"name":"wp","href":"https:\/\/api.w.org\/{rel}","templated":true}]}}