{"id":40998,"date":"2024-07-01T08:11:24","date_gmt":"2024-07-01T13:11:24","guid":{"rendered":"https:\/\/politicosaldesnudo.com.mx\/?p=40998"},"modified":"2024-07-01T08:11:24","modified_gmt":"2024-07-01T13:11:24","slug":"presuntos-agricultores-impiden-la-entrada-de-agua-a-la-laguna-de-zumpango","status":"publish","type":"post","link":"https:\/\/politicosaldesnudo.com.mx\/index.php\/2024\/07\/01\/presuntos-agricultores-impiden-la-entrada-de-agua-a-la-laguna-de-zumpango\/","title":{"rendered":"Presuntos agricultores impiden la entrada de agua a la Laguna de Zumpango"},"content":{"rendered":"<div>\n<div id=\"content-body-225-12168835\">\n<p><span style=\"font-size: 14pt;\">Residentes de Teoloyucan acusan a un grupo de supuestos agricultores de\u00a0evitar que el agua, producto de las fuertes lluvias registradas \u00faltimamente, ingresara\u00a0a la\u00a0laguna de Zumpango\u00a0a trav\u00e9s del canal de aguas negras.<\/span><\/p>\n<p><span style=\"font-size: 14pt;\">La tarde del viernes, la Comisi\u00f3n Nacional del Agua (Conagua)\u00a0abri\u00f3 las compuertas de la planta tratadora\u00a0ubicada en el poblado de San Juan Zitlaltepec en Zumpango para\u00a0permitir la entrada del l\u00edquido pluvial a la laguna, hecho que fue presenciado por decenas de ciudadanos que aplaudieron la decisi\u00f3n. Sin embargo, no muy lejos, en el vecino municipio de Teoloyucan,\u00a0un grupo de personas lo impidi\u00f3.<\/span><\/p>\n<\/div>\n<\/div>\n<div>\n<div id=\"dfp-nota-1x3s\" data-google-query-id=\"CML14Pn0hYcDFYS3ywEdPKcNag\">\n<div id=\"google_ads_iframe_\/2000002\/la-prensa\/mexico_nota_1x3_0__container__\">\n<div id=\"inArticle_1\">\n<div>\n<div>\n<div>\n<div><span style=\"font-size: 14pt;\">El grupo de personas, identificados como supuestos ejidatarios, realizaron un tap\u00f3n apoyados con camiones de volteo y maquinaria, con el argumento de que durante la sequ\u00eda, por la escasez de lluvias que dej\u00f3 las tierras de cultivo \u201cresecas\u201d, los agricultores\u00a0sembraron dentro del embalse de agua.<\/span><\/div>\n<\/div>\n<\/div>\n<\/div>\n<\/div>\n<\/div>\n<\/div>\n<\/div>\n<article>\n<div id=\"content-body-5851641-12168835\">\n<div>\n<div>\n<div>\n<div id=\"standard_4\">\n<div>\n<div><span style=\"font-size: 14pt;\">Buscando la humedad de la tierra y para garantizar las cosechas de sus cultivos, en febrero de este a\u00f1o los vecinos comenzaron a dividir el terreno en parcelas para sembrar, ma\u00edz, frijol, cebolla y cilantro, entre otras hortalizas, por lo que determinaron cerrar la compuerta y tapar un bordo para\u00a0evitar que el agua fluyera a la laguna y proteger sus cultivos.<\/span><\/div>\n<\/div>\n<\/div>\n<\/div>\n<\/div>\n<\/div>\n<p><span style=\"font-size: 14pt;\">En noviembre del 2023 el imponente cuerpo de agua de 2 mil hect\u00e1reas y capacidad de almacenaje de m\u00e1s de 100 millones c\u00fabicos de agua se sec\u00f3 y con \u00e9ste termin\u00f3 la actividad econ\u00f3mica del lugar.<\/span><\/p>\n<\/div>\n<\/article>\n","protected":false},"excerpt":{"rendered":"<p>Residentes de Teoloyucan acusan a un grupo de supuestos agricultores de\u00a0evitar que el agua, producto de las fuertes lluvias registradas<\/p>\n","protected":false},"author":4,"featured_media":40999,"comment_status":"closed","ping_status":"closed","sticky":false,"template":"","format":"standard","meta":{"colormag_page_container_layout":"default_layout","colormag_page_sidebar_layout":"default_layout","_jetpack_memberships_contains_paid_content":false,"footnotes":"","jetpack_publicize_message":"","jetpack_publicize_feature_enabled":true,"jetpack_social_post_already_shared":false,"jetpack_social_options":{"image_generator_settings":{"template":"highway","default_image_id":0,"font":"","enabled":false},"version":2}},"categories":[33],"tags":[],"class_list":["post-40998","post","type-post","status-publish","format-standard","has-post-thumbnail","hentry","category-nacional"],"jetpack_publicize_connections":[],"jetpack_featured_media_url":"https:\/\/i0.wp.com\/politicosaldesnudo.com.mx\/wp-content\/uploads\/2024\/07\/0.png?fit=1140%2C712&ssl=1","jetpack-related-posts":[],"jetpack_sharing_enabled":true,"_links":{"self":[{"href":"https:\/\/politicosaldesnudo.com.mx\/index.php\/wp-json\/wp\/v2\/posts\/40998","targetHints":{"allow":["GET"]}}],"collection":[{"href":"https:\/\/politicosaldesnudo.com.mx\/index.php\/wp-json\/wp\/v2\/posts"}],"about":[{"href":"https:\/\/politicosaldesnudo.com.mx\/index.php\/wp-json\/wp\/v2\/types\/post"}],"author":[{"embeddable":true,"href":"https:\/\/politicosaldesnudo.com.mx\/index.php\/wp-json\/wp\/v2\/users\/4"}],"replies":[{"embeddable":true,"href":"https:\/\/politicosaldesnudo.com.mx\/index.php\/wp-json\/wp\/v2\/comments?post=40998"}],"version-history":[{"count":0,"href":"https:\/\/politicosaldesnudo.com.mx\/index.php\/wp-json\/wp\/v2\/posts\/40998\/revisions"}],"wp:featuredmedia":[{"embeddable":true,"href":"https:\/\/politicosaldesnudo.com.mx\/index.php\/wp-json\/wp\/v2\/media\/40999"}],"wp:attachment":[{"href":"https:\/\/politicosaldesnudo.com.mx\/index.php\/wp-json\/wp\/v2\/media?parent=40998"}],"wp:term":[{"taxonomy":"category","embeddable":true,"href":"https:\/\/politicosaldesnudo.com.mx\/index.php\/wp-json\/wp\/v2\/categories?post=40998"},{"taxonomy":"post_tag","embeddable":true,"href":"https:\/\/politicosaldesnudo.com.mx\/index.php\/wp-json\/wp\/v2\/tags?post=40998"}],"curies":[{"name":"wp","href":"https:\/\/api.w.org\/{rel}","templated":true}]}}