{"id":41001,"date":"2024-07-01T08:14:26","date_gmt":"2024-07-01T13:14:26","guid":{"rendered":"https:\/\/politicosaldesnudo.com.mx\/?p=41001"},"modified":"2024-07-01T08:14:26","modified_gmt":"2024-07-01T13:14:26","slug":"desplazados-de-tila-chiapas-comienzan-el-regreso-a-sus-casas-pese-a-inseguridad","status":"publish","type":"post","link":"https:\/\/politicosaldesnudo.com.mx\/index.php\/2024\/07\/01\/desplazados-de-tila-chiapas-comienzan-el-regreso-a-sus-casas-pese-a-inseguridad\/","title":{"rendered":"Desplazados de Tila, Chiapas, comienzan el regreso a sus casas pese a inseguridad"},"content":{"rendered":"<div>\n<div id=\"content-body-225-12169275\">\n<p><span style=\"font-size: 14pt;\">A pesar de no existir condiciones de seguridad,\u00a0cerca del 30 por ciento de los pobladores de Tila, Chiapas, comenzaron esta semana a retornar a sus hogares\u00a0de manera paulatina, sin embargo, a\u00fan son muchas las viviendas que se encuentran cerradas, dijo uno de los habitantes quien omiti\u00f3 su nombre por seguridad.<\/span><\/p>\n<p><span style=\"font-size: 14pt;\">En entrevista el poblador asegur\u00f3 que la falta de dinero fue uno de los\u00a0factores\u00a0que a muchos de sus vecinos y compa\u00f1eros los oblig\u00f3 a regresar e intentar\u00a0retomar sus vidas,\u00a0aunque el miedo, la zozobra e incertidumbre predominan, pues en su calle son m\u00ednimas las personas que habitan en la actualidad y al caer la noche las calles se convierten en\u00a0peligro.<\/span><\/p>\n<\/div>\n<\/div>\n<div>\n<div id=\"dfp-nota-1x3s\" data-google-query-id=\"CNj16cH1hYcDFdutywEdlwcPoA\">\n<div id=\"google_ads_iframe_\/2000002\/la-prensa\/mexico_nota_1x3_0__container__\">\n<div id=\"inArticle_1\">\n<div>\n<div>\n<div>\n<div><span style=\"font-size: 14pt;\">\u201cSolo cuatro o cinco familias nada m\u00e1s estamos en esta cuadra, pero en cada familia somos pocas personas, hay unos que habitan dos personas, tres personas, cuatro personas nada m\u00e1s que habitamos, pero aqu\u00ed al menos se siente la tensi\u00f3n todav\u00eda\u201d, explic\u00f3 el campesino.<\/span><\/div>\n<\/div>\n<\/div>\n<\/div>\n<\/div>\n<\/div>\n<\/div>\n<\/div>\n<article>\n<div id=\"content-body-5851641-12169275\">\n<p><span style=\"font-size: 14pt;\">El masculino de 40 a\u00f1os se\u00f1al\u00f3 que apenas este fin de semana al menos\u00a018 negocios de la zona centro de Tila abrieron sus puertas, mientras que en las calles se observan apenas una docena de personas caminar, as\u00ed como veh\u00edculos del transporte p\u00fablico, aunque\u00a0las clases contin\u00faan interrumpidas al igual que el servicio m\u00e9dico del hospital b\u00e1sico.<\/span><\/p>\n<p><span style=\"font-size: 14pt;\">\u201cSupuestamente hay un convenio con los federales, que si no ven al pueblo habitado ellos no pueden venir cuidar ni a vigilar porque, como dicen ellos no tiene caso venir a un pueblo donde no habite nadie y si no ven que habitan alguien el convenio se rompe\u201d, puntualiz\u00f3 el habitante.<\/span><\/p>\n<p><span style=\"font-size: 14pt;\">Otra de las\u00a0v\u00edctimas\u00a0de desplazamiento, asegur\u00f3 que\u00a0en Tila ya son pocos los elementos del Ej\u00e9rcito Mexicano, la Guardia Nacional y la Polic\u00eda Estatal que permanecen en puntos estrat\u00e9gicos; en tanto que el albergue que se localizaba en el poblado de Petalcingo fue deshabilitado y \u00fanicamente contin\u00faa el de Yajal\u00f3n, mientras que en la cabecera municipal algunos servicios b\u00e1sicos se encuentran\u00a0suspendidos.<\/span><\/p>\n<div>\n<div>\n<div>\n<div id=\"standard_4\">\n<div><\/div>\n<\/div>\n<div><\/div>\n<\/div>\n<\/div>\n<\/div>\n<p><span style=\"font-size: 14pt;\">\u201cPero hay partes donde no hay agua, partes donde no tienen luz y aqu\u00ed nosotros a veces nos refugiamos con dos o tres familias para dormir, para agarrar un poquito de valor, porque no es f\u00e1cil volver a empezar, en el caso de nuestra calle no hay muchas familias\u201d, precis\u00f3 la mujer.<\/span><\/p>\n<p><span style=\"font-size: 14pt;\">Cabe destacar que\u00a0las autoridades reconocieron \u00fanicamente la muerte de tres personas,\u00a0sin embargo, los pobladores afirman que\u00a0fueron m\u00e1s de una decena,\u00a0hoy existen las denuncias correspondientes ante la Fiscal\u00eda General del Estado, las carpetas de\u00a0investigaci\u00f3n\u00a0fueron abiertas, pero no hay una orden de aprehensi\u00f3n hacia ninguno de los presuntos responsables.<\/span><\/p>\n<\/div>\n<\/article>\n","protected":false},"excerpt":{"rendered":"<p>A pesar de no existir condiciones de seguridad,\u00a0cerca del 30 por ciento de los pobladores de Tila, Chiapas, comenzaron esta<\/p>\n","protected":false},"author":4,"featured_media":41002,"comment_status":"closed","ping_status":"closed","sticky":false,"template":"","format":"standard","meta":{"colormag_page_container_layout":"default_layout","colormag_page_sidebar_layout":"default_layout","_jetpack_memberships_contains_paid_content":false,"footnotes":"","jetpack_publicize_message":"","jetpack_publicize_feature_enabled":true,"jetpack_social_post_already_shared":false,"jetpack_social_options":{"image_generator_settings":{"template":"highway","default_image_id":0,"font":"","enabled":false},"version":2}},"categories":[33],"tags":[],"class_list":["post-41001","post","type-post","status-publish","format-standard","has-post-thumbnail","hentry","category-nacional"],"jetpack_publicize_connections":[],"jetpack_featured_media_url":"https:\/\/i0.wp.com\/politicosaldesnudo.com.mx\/wp-content\/uploads\/2024\/07\/0-grande.jpg?fit=800%2C450&ssl=1","jetpack-related-posts":[],"jetpack_sharing_enabled":true,"_links":{"self":[{"href":"https:\/\/politicosaldesnudo.com.mx\/index.php\/wp-json\/wp\/v2\/posts\/41001","targetHints":{"allow":["GET"]}}],"collection":[{"href":"https:\/\/politicosaldesnudo.com.mx\/index.php\/wp-json\/wp\/v2\/posts"}],"about":[{"href":"https:\/\/politicosaldesnudo.com.mx\/index.php\/wp-json\/wp\/v2\/types\/post"}],"author":[{"embeddable":true,"href":"https:\/\/politicosaldesnudo.com.mx\/index.php\/wp-json\/wp\/v2\/users\/4"}],"replies":[{"embeddable":true,"href":"https:\/\/politicosaldesnudo.com.mx\/index.php\/wp-json\/wp\/v2\/comments?post=41001"}],"version-history":[{"count":0,"href":"https:\/\/politicosaldesnudo.com.mx\/index.php\/wp-json\/wp\/v2\/posts\/41001\/revisions"}],"wp:featuredmedia":[{"embeddable":true,"href":"https:\/\/politicosaldesnudo.com.mx\/index.php\/wp-json\/wp\/v2\/media\/41002"}],"wp:attachment":[{"href":"https:\/\/politicosaldesnudo.com.mx\/index.php\/wp-json\/wp\/v2\/media?parent=41001"}],"wp:term":[{"taxonomy":"category","embeddable":true,"href":"https:\/\/politicosaldesnudo.com.mx\/index.php\/wp-json\/wp\/v2\/categories?post=41001"},{"taxonomy":"post_tag","embeddable":true,"href":"https:\/\/politicosaldesnudo.com.mx\/index.php\/wp-json\/wp\/v2\/tags?post=41001"}],"curies":[{"name":"wp","href":"https:\/\/api.w.org\/{rel}","templated":true}]}}