{"id":41036,"date":"2024-07-01T08:42:19","date_gmt":"2024-07-01T13:42:19","guid":{"rendered":"https:\/\/politicosaldesnudo.com.mx\/?p=41036"},"modified":"2024-07-01T08:42:19","modified_gmt":"2024-07-01T13:42:19","slug":"beryl-llegara-a-las-islas-de-barlovento-como-peligroso-huracan-categoria-4","status":"publish","type":"post","link":"https:\/\/politicosaldesnudo.com.mx\/index.php\/2024\/07\/01\/beryl-llegara-a-las-islas-de-barlovento-como-peligroso-huracan-categoria-4\/","title":{"rendered":"Beryl llegar\u00e1 a las islas de Barlovento como \u00abpeligroso\u00bb hurac\u00e1n categor\u00eda 4"},"content":{"rendered":"<div>\n<div id=\"content-body-225-12166901\">\n<p><span style=\"font-size: 14pt;\">Beryl, el\u00a0primer hurac\u00e1n\u00a0de la cuenca atl\u00e1ntica, ha alcanzado una\u00a0categor\u00eda mayor\u00a0en su camino a las Islas de\u00a0Barlovento, a las que llegar\u00e1 la ma\u00f1ana del lunes con\u00a0peligrosos vientos y marejadas cicl\u00f3nicas, inform\u00f3 el\u00a0Centro Nacional de Huracanes (NHC, en ingl\u00e9s).<\/span><\/p>\n<p><span style=\"font-size: 14pt;\">Beryl es hurac\u00e1n\u00a0categor\u00eda 4,\u00a0de un total de 5\u00a0en la escala\u00a0Saffir-Simpson, con vientos m\u00e1ximos sostenidos de 215 kil\u00f3metros por hora.<\/span><\/p>\n<p><span style=\"font-size: 14pt;\">El NHC, con sede en Miami (Florida), inform\u00f3 en su bolet\u00edn m\u00e1s reciente de\u00a0alerta de hurac\u00e1n para la mayor\u00eda de las Islas Barlovento, como tambi\u00e9n\u00a0amenaza de tormenta tropical\u00a0para las\u00a0islas Martinica\u00a0y\u00a0Dominica.<\/span><\/p>\n<\/div>\n<\/div>\n<div><span style=\"font-size: 14pt;\">El sistema, que se mueve a 33 kil\u00f3metros por hora\u00a0(21 millas) en direcci\u00f3n oeste, se encontraba seg\u00fan el m\u00e1s reciente bolet\u00edn del NHC, a 675 kil\u00f3metros al este sureste (420 millas) de Barbados.<\/span><\/div>\n<article>\n<div id=\"content-body-5851641-12166901\">\n<p><span style=\"font-size: 14pt;\">En la\u00a0temporada de huracanes\u00a0en la cuenca atl\u00e1ntica, que comenz\u00f3 el pasado 1 de junio, se han formado hasta ahora\u00a0dos tormentas tropicales,\u00a0Alberto\u00a0y Beryl, este \u00faltimo que se convirti\u00f3 el domingo en el primer hurac\u00e1n de la temporada.<\/span><\/p>\n<p><span style=\"font-size: 14pt;\">Este a\u00f1o el Atl\u00e1ntico tendr\u00e1 una\u00a0temporada de huracanes muy por encima del promedio, con la posibilidad de\u00a0hasta trece huracanes, de los cuales hasta siete pueden ser de categor\u00eda mayor, seg\u00fan la Oficina Nacional de Administraci\u00f3n Oce\u00e1nica y Atmosf\u00e9rica (NOAA, en ingl\u00e9s) de Estados Unidos.<\/span><\/p>\n<p><span style=\"font-size: 14pt;\">El pron\u00f3stico refleja que este a\u00f1o se podr\u00e1n formar un total de entre 17 y 25 tormentas, es decir, con vientos m\u00e1ximos sostenidos por encima de los 62 kil\u00f3metros por hora.<\/span><\/p>\n<\/div>\n<\/article>\n","protected":false},"excerpt":{"rendered":"<p>Beryl, el\u00a0primer hurac\u00e1n\u00a0de la cuenca atl\u00e1ntica, ha alcanzado una\u00a0categor\u00eda mayor\u00a0en su camino a las Islas de\u00a0Barlovento, a las que llegar\u00e1<\/p>\n","protected":false},"author":4,"featured_media":41037,"comment_status":"closed","ping_status":"closed","sticky":false,"template":"","format":"standard","meta":{"colormag_page_container_layout":"default_layout","colormag_page_sidebar_layout":"default_layout","_jetpack_memberships_contains_paid_content":false,"footnotes":"","jetpack_publicize_message":"","jetpack_publicize_feature_enabled":true,"jetpack_social_post_already_shared":false,"jetpack_social_options":{"image_generator_settings":{"template":"highway","default_image_id":0,"font":"","enabled":false},"version":2}},"categories":[28],"tags":[],"class_list":["post-41036","post","type-post","status-publish","format-standard","has-post-thumbnail","hentry","category-internacional"],"jetpack_publicize_connections":[],"jetpack_featured_media_url":"https:\/\/i0.wp.com\/politicosaldesnudo.com.mx\/wp-content\/uploads\/2024\/07\/Huracan-Beryl.png?fit=400%2C250&ssl=1","jetpack-related-posts":[],"jetpack_sharing_enabled":true,"_links":{"self":[{"href":"https:\/\/politicosaldesnudo.com.mx\/index.php\/wp-json\/wp\/v2\/posts\/41036","targetHints":{"allow":["GET"]}}],"collection":[{"href":"https:\/\/politicosaldesnudo.com.mx\/index.php\/wp-json\/wp\/v2\/posts"}],"about":[{"href":"https:\/\/politicosaldesnudo.com.mx\/index.php\/wp-json\/wp\/v2\/types\/post"}],"author":[{"embeddable":true,"href":"https:\/\/politicosaldesnudo.com.mx\/index.php\/wp-json\/wp\/v2\/users\/4"}],"replies":[{"embeddable":true,"href":"https:\/\/politicosaldesnudo.com.mx\/index.php\/wp-json\/wp\/v2\/comments?post=41036"}],"version-history":[{"count":0,"href":"https:\/\/politicosaldesnudo.com.mx\/index.php\/wp-json\/wp\/v2\/posts\/41036\/revisions"}],"wp:featuredmedia":[{"embeddable":true,"href":"https:\/\/politicosaldesnudo.com.mx\/index.php\/wp-json\/wp\/v2\/media\/41037"}],"wp:attachment":[{"href":"https:\/\/politicosaldesnudo.com.mx\/index.php\/wp-json\/wp\/v2\/media?parent=41036"}],"wp:term":[{"taxonomy":"category","embeddable":true,"href":"https:\/\/politicosaldesnudo.com.mx\/index.php\/wp-json\/wp\/v2\/categories?post=41036"},{"taxonomy":"post_tag","embeddable":true,"href":"https:\/\/politicosaldesnudo.com.mx\/index.php\/wp-json\/wp\/v2\/tags?post=41036"}],"curies":[{"name":"wp","href":"https:\/\/api.w.org\/{rel}","templated":true}]}}