{"id":41113,"date":"2024-07-02T15:23:31","date_gmt":"2024-07-02T20:23:31","guid":{"rendered":"https:\/\/politicosaldesnudo.com.mx\/?p=41113"},"modified":"2024-07-02T15:23:31","modified_gmt":"2024-07-02T20:23:31","slug":"beryl-causa-danos-y-destruccion-en-el-caribe-se-dirige-a-jamaica","status":"publish","type":"post","link":"https:\/\/politicosaldesnudo.com.mx\/index.php\/2024\/07\/02\/beryl-causa-danos-y-destruccion-en-el-caribe-se-dirige-a-jamaica\/","title":{"rendered":"Beryl causa da\u00f1os y destrucci\u00f3n en el Caribe; se dirige a Jamaica"},"content":{"rendered":"<div>\n<div id=\"content-body-225-12176472\">\n<p><span style=\"font-size: 14pt;\">El\u00a0presidente de la Comunidad del Caribe (Caricom), el mandatario de Guyana Irfaan Ali,\u00a0asegur\u00f3 este martes que el\u00a0hurac\u00e1n Beryl caus\u00f3 \u00abda\u00f1os y destrucci\u00f3n significativos\u00bb\u00a0a la infraestructura y la propiedad privada en varios pa\u00edses de la organizaci\u00f3n regional.<\/span><\/p>\n<p><span style=\"font-size: 14pt;\">Los\u00a0mayores destrozos se han reportado en Granada y su isla hermana de Carriacou, as\u00ed como en Barbados y San Vicente y las Granadinas, donde al menos una persona falleci\u00f3.<\/span><\/p>\n<\/div>\n<\/div>\n<div>\n<div id=\"dfp-nota-1x3s\" data-google-query-id=\"CJP26eyViYcDFfiCywEdWH0P0A\">\n<div id=\"google_ads_iframe_\/2000002\/la-prensa\/mexico_nota_1x3_0__container__\">\n<div id=\"inArticle_1\">\n<div>\n<div>\n<div>\n<div><span style=\"font-size: 14pt;\">Ante esta situaci\u00f3n, Caricom va a celebrar en esta jornada una reuni\u00f3n virtual para evaluar los da\u00f1os y dise\u00f1ar una respuesta colectiva al paso de este hurac\u00e1n de categor\u00eda 5, la mayor en la escala Saffir-Simpson.<\/span><\/div>\n<\/div>\n<\/div>\n<\/div>\n<\/div>\n<\/div>\n<\/div>\n<\/div>\n<article>\n<div id=\"content-body-5851641-12176472\">\n<p><span style=\"font-size: 14pt;\">\u00abA medida que este fen\u00f3meno meteorol\u00f3gico se abre camino en la regi\u00f3n, debemos seguir prepar\u00e1ndonos contra los efectos de los fuertes vientos, las marejadas cicl\u00f3nicas y las fuertes lluvias\u00bb, advirti\u00f3 Ali en un comunicado.<\/span><\/p>\n<p><span style=\"font-size: 14pt;\">El\u00a0presidente de Caricom indic\u00f3 que la Agencia Caribe\u00f1a para el Manejo de Emergencias en Desastres (CDEMA, en ingl\u00e9s),\u00a0con sede en Barbados, ya est\u00e1 trabajando para movilizar y coordinar asistencia.<\/span><\/p>\n<p><span style=\"font-size: 14pt;\">Los pa\u00edses afectados han sufrido da\u00f1os en edificios, carreteras y embarcaciones, entre otros.<\/span><\/p>\n<p><span style=\"font-size: 14pt;\">Este es un momento para que todos nosotros, como comunidad regional, nos unamos y extendamos nuestro apoyo a aquellos afectados. Movilicemos los esfuerzos necesarios de asistencia y socorro con un verdadero esp\u00edritu de solidaridad regionalurgi\u00f3 Ali.<\/span><\/p>\n<p><span style=\"font-size: 14pt;\">Sobre la reuni\u00f3n virtual de hoy, el primer ministro de Dominica, Roosevelt Skerrit, explic\u00f3 a la radio estatal DBS que los l\u00edderes de Caricom discutir\u00e1n particularmente la situaci\u00f3n en Granada y San Vicente y las Granadinas<\/span><\/p>\n<p><span style=\"font-size: 14pt;\">Skerrit dijo que ha estado en contacto con los l\u00edderes regionales y, la informaci\u00f3n de la que disponen, es que el efecto del hurac\u00e1n \u00abpodr\u00eda haber sido peor\u00bb.<\/span><\/p>\n<p><span style=\"font-size: 14pt;\">Gracias a Dios, las islas principales de San Vicente y Granada no se vieron afectadas en la medida previstase\u00f1al\u00f3.<\/span><\/p>\n<p><span style=\"font-size: 14pt;\">Skerrit lament\u00f3 que estos huracanes dificultan el desarrollo de las islas del Caribe, que deben gastar muchos fondos en responder a los desastres y reconstruir la infraestructura.<\/span><\/p>\n<p><span style=\"font-size: 14pt;\">\u00abEl cambio clim\u00e1tico es una amenaza a nuestra supervivencia\u00bb, indic\u00f3 el primer ministro de Dominica, que critic\u00f3 la escasa ayuda prestada por los pa\u00edses en desarrollo.<\/span><\/p>\n<p><span style=\"font-size: 14pt;\">Caricom ten\u00eda previsto celebrar esta semana una reuni\u00f3n presencial de jefes de Gobierno, pero la misma fue aplazada debido al paso del hurac\u00e1n.<\/span><\/p>\n<div>\n<div>\n<div>\n<div id=\"standard_5\">\n<div>\n<div>\n<div><\/div>\n<\/div>\n<\/div>\n<\/div>\n<div>\n<h4><span style=\"font-size: 14pt;\">Se dirige a Jamaica como hurac\u00e1n Categor\u00eda 5<\/span><\/h4>\n<\/div>\n<\/div>\n<\/div>\n<\/div>\n<p><span style=\"font-size: 14pt;\">Beryl se dirige el mi\u00e9rcoles a la isla de Jamaica y amenaza tambi\u00e9n el sur de Rep\u00fablica Dominicana y Hait\u00ed, seg\u00fan el Centro Nacional de Huracanes (NHC, en ingl\u00e9s) de Estados Unidos.<\/span><\/p>\n<p><span style=\"font-size: 14pt;\">El primer hurac\u00e1n de la temporada atl\u00e1ntica se mantiene como un peligroso sistema con vientos m\u00e1ximos sostenidos de 270 kil\u00f3metros por hora, seg\u00fan el m\u00e1s reciente bolet\u00edn del NHC.<\/span><\/p>\n<p><span style=\"font-size: 14pt;\">Las alertas de hurac\u00e1n, adem\u00e1s de Jamaica, a donde se prev\u00e9 que llegar\u00e1 el mi\u00e9rcoles, incluye las islas Caim\u00e1n.<\/span><\/p>\n<div>\n<div>\n<div><span style=\"font-size: 14pt;\">Tambi\u00e9n hay alertas de tormenta tropical para la costa sur de Rep\u00fablica Dominicana, desde Punta Palenque hasta el oeste, en la frontera con Hait\u00ed, y de all\u00ed se extiende hasta la localidad haitiana de Anse d&#8217;Hainault.<\/span><\/div>\n<\/div>\n<\/div>\n<p><span style=\"font-size: 14pt;\">Beryl se mover\u00e1 r\u00e1pidamente a trav\u00e9s del sureste y Mar Caribe central este martes y se pronostica que pasar\u00e1 cerca de Jamaica el mi\u00e9rcoles, y por las Islas Caim\u00e1n el jueves.<\/span><\/p>\n<p><span style=\"font-size: 14pt;\">Los meteor\u00f3logos del NHC, con sede en Miami, esperan que Beryl siga siendo un extremadamente peligroso hurac\u00e1n de gran magnitud a medida que avanza sobre el Caribe oriental, con \u00abcierto debilitamiento\u00bb a mitad de semana.<\/span><\/p>\n<p><span style=\"font-size: 14pt;\">En la temporada de huracanes en la cuenca atl\u00e1ntica, que comenz\u00f3 el pasado 1 de junio, se han formado hasta ahora tres tormentas tropicales con nombre: Alberto, Beryl y Chris.<\/span><\/p>\n<div>\n<div><span style=\"font-size: 14pt;\">Chris se form\u00f3 el domingo en el Golfo de M\u00e9xico y toc\u00f3 tierra en la noche en la localidad de Lechuguillas, al sur de Veracruz.<\/span><\/div>\n<\/div>\n<p><span style=\"font-size: 14pt;\">Este a\u00f1o el Atl\u00e1ntico tendr\u00e1 una temporada de huracanes muy por encima del promedio, con la posibilidad de hasta 13 huracanes, de los cuales hasta siete pueden ser de categor\u00eda mayor, seg\u00fan la Oficina Nacional de Administraci\u00f3n Oce\u00e1nica y Atmosf\u00e9rica (NOAA, en ingl\u00e9s) de Estados Unidos.<\/span><\/p>\n<p><span style=\"font-size: 14pt;\">El pron\u00f3stico refleja que este a\u00f1o se podr\u00e1n formar un total de entre 17 y 25 tormentas, es decir, con vientos m\u00e1ximos sostenidos por encima de los 62 kil\u00f3metros por hora.<\/span><\/p>\n<\/div>\n<\/article>\n","protected":false},"excerpt":{"rendered":"<p>El\u00a0presidente de la Comunidad del Caribe (Caricom), el mandatario de Guyana Irfaan Ali,\u00a0asegur\u00f3 este martes que el\u00a0hurac\u00e1n Beryl caus\u00f3 \u00abda\u00f1os<\/p>\n","protected":false},"author":4,"featured_media":41114,"comment_status":"closed","ping_status":"closed","sticky":false,"template":"","format":"standard","meta":{"colormag_page_container_layout":"default_layout","colormag_page_sidebar_layout":"default_layout","_jetpack_memberships_contains_paid_content":false,"footnotes":"","jetpack_publicize_message":"","jetpack_publicize_feature_enabled":true,"jetpack_social_post_already_shared":false,"jetpack_social_options":{"image_generator_settings":{"template":"highway","default_image_id":0,"font":"","enabled":false},"version":2}},"categories":[28],"tags":[],"class_list":["post-41113","post","type-post","status-publish","format-standard","has-post-thumbnail","hentry","category-internacional"],"jetpack_publicize_connections":[],"jetpack_featured_media_url":"https:\/\/i0.wp.com\/politicosaldesnudo.com.mx\/wp-content\/uploads\/2024\/07\/2024-07-01T181901Z_978360987_RC2BM8AMMBXN_RTRMADP_3_STORM-BERYL-400x240-1.jpeg?fit=400%2C240&ssl=1","jetpack-related-posts":[],"jetpack_sharing_enabled":true,"_links":{"self":[{"href":"https:\/\/politicosaldesnudo.com.mx\/index.php\/wp-json\/wp\/v2\/posts\/41113","targetHints":{"allow":["GET"]}}],"collection":[{"href":"https:\/\/politicosaldesnudo.com.mx\/index.php\/wp-json\/wp\/v2\/posts"}],"about":[{"href":"https:\/\/politicosaldesnudo.com.mx\/index.php\/wp-json\/wp\/v2\/types\/post"}],"author":[{"embeddable":true,"href":"https:\/\/politicosaldesnudo.com.mx\/index.php\/wp-json\/wp\/v2\/users\/4"}],"replies":[{"embeddable":true,"href":"https:\/\/politicosaldesnudo.com.mx\/index.php\/wp-json\/wp\/v2\/comments?post=41113"}],"version-history":[{"count":0,"href":"https:\/\/politicosaldesnudo.com.mx\/index.php\/wp-json\/wp\/v2\/posts\/41113\/revisions"}],"wp:featuredmedia":[{"embeddable":true,"href":"https:\/\/politicosaldesnudo.com.mx\/index.php\/wp-json\/wp\/v2\/media\/41114"}],"wp:attachment":[{"href":"https:\/\/politicosaldesnudo.com.mx\/index.php\/wp-json\/wp\/v2\/media?parent=41113"}],"wp:term":[{"taxonomy":"category","embeddable":true,"href":"https:\/\/politicosaldesnudo.com.mx\/index.php\/wp-json\/wp\/v2\/categories?post=41113"},{"taxonomy":"post_tag","embeddable":true,"href":"https:\/\/politicosaldesnudo.com.mx\/index.php\/wp-json\/wp\/v2\/tags?post=41113"}],"curies":[{"name":"wp","href":"https:\/\/api.w.org\/{rel}","templated":true}]}}